{"id":97,"date":"2016-06-30T00:07:59","date_gmt":"2016-06-29T23:07:59","guid":{"rendered":"https:\/\/navasjoyeros.com\/pt\/blog\/?p=97"},"modified":"2024-10-24T10:52:25","modified_gmt":"2024-10-24T09:52:25","slug":"diamantes-pedras-preciosas-combinacao-perfeita-verao","status":"publish","type":"post","link":"https:\/\/navasjoyeros.com\/pt\/blog\/diamantes-pedras-preciosas-combinacao-perfeita-verao\/","title":{"rendered":"Diamantes e pedras preciosas, a combina\u00e7\u00e3o perfeita para este ver\u00e3o"},"content":{"rendered":"<p>J\u00e1 estamos em pleno ver\u00e3o, com dias cheios de vida, luz, calor, look mais ligeiros e tons claros. Por isso, \u00e9 preciso escolher joias coloridas que contrastem com as tonalidades pr\u00f3prias do ver\u00e3o. Na <strong>Navas Joalheiros<\/strong> sabemos disso perfeitamente e foi por isso que prepar\u00e1mos uma <strong>cole\u00e7\u00e3o com diamantes e pedras preciosas de cor<\/strong>.<\/p>\n<p>Nessa cole\u00e7\u00e3o pode apreciar-se a cor intensa das mais belas <strong>pedras preciosas<\/strong> com um denominador comum: os <strong>diamantes<\/strong>. Mas passamos a citar-vos as gemas que comp\u00f5em esta linha bem como qual a cor mais interessante e adequada para cada ocasi\u00e3o:<\/p>\n<p>Come\u00e7amos pelas pedras preciosas de cor de primeira ordem e maior prest\u00edgio, as <strong>esmeraldas<\/strong>, os <strong>rubis<\/strong> e as <strong>safiras<\/strong>.<\/p>\n<p>A <strong>esmeralda<\/strong> \u00e9 uma pedra de cor verde e cristaliza\u00e7\u00e3o excecional, pertencendo \u00e0 fam\u00edlia dos berilos. \u00c9 uma das pedras preciosas mais solicitadas, sobretudo combinada com <strong>diamantes<\/strong>.<\/p>\n<p>O<strong> rubi<\/strong> \u00e9 uma incr\u00edvel gema de cor vermelha intensa, que quando \u00e9 origin\u00e1ria da Birm\u00e2nia ou da zona de Cachemira cumpre com os mais altos c\u00e2nones de qualidade, denominando-se <em>sangue de pombo<\/em>, pelo seu intenso vermelho.<\/p>\n<p>A <strong>safira<\/strong>, por sua vez, \u00e9 da mesma fam\u00edlia dos rubis (dos corindos) que oxidam em in\u00fameras cores, sendo o azul Ceylan o mais apreciado.<\/p>\n<p>Estas tr\u00eas gemas s\u00e3o as mais solicitadas e as que t\u00eam maior valor, formando uma combina\u00e7\u00e3o perfeita em joias com <strong>diamantes<\/strong>.<\/p>\n<p>Na nossa<strong> loja online<\/strong> pode encontrar uma ampla gama de pedras preciosas naturais, al\u00e9m das descritas acima, podendo optar por mais cores. Um exemplo claro \u00e9 a <strong>turmalina<\/strong>, que conta com tonalidades que v\u00e3o do verde ao rosa intenso e que gra\u00e7as \u00e0 sua cristaliza\u00e7\u00e3o perfeita \u00a0tem um brilho inigual\u00e1vel. Outro exemplo \u00e9 a tradicional <strong>\u00e1gua-marinha<\/strong>, uma gema de tons azuis-claros quase turquesa, muito apropriado para joias estivais e nupciais.<\/p>\n<p>O <strong>top\u00e1zio azul<\/strong> \u00e9 uma gema mais acess\u00edvel e com resultados espetaculares em joias, pois d\u00e1 a qualquer pe\u00e7a uma beleza incr\u00edvel. Outras op\u00e7\u00f5es s\u00e3o tamb\u00e9m a <strong>ametista<\/strong> com o seu violeta intenso ou a bela <strong>tanzanite<\/strong>\u00a0com uma tonalidade p\u00farpura semelhante mas com nuances azuladas. Uma pedra africana de caracter\u00edsticas gemol\u00f3gicas parecidas \u00e0s safiras da melhor qualidade.<\/p>\n<p>Mas aquilo que mais chama a aten\u00e7\u00e3o na nossa cole\u00e7\u00e3o de joias com pedras preciosas \u00e9 o pre\u00e7o a que a <strong>Navas Joalheiros<\/strong> consegue oferecer cada pe\u00e7a. Dada a nossa condi\u00e7\u00e3o de produtores podemos oferecer estes modelos por um valor abaixo daquilo que se costuma ver nas lojas tradicionais. Isto \u00e9 poss\u00edvel n\u00e3o s\u00f3 gra\u00e7as \u00e0 experi\u00eancia de mais de vinte anos com que contamos mas tamb\u00e9m porque temos o total controlo de todo o processo de produ\u00e7\u00e3o das joias.<\/p>\n<p>Exemplo de modelos presentes na nossa cole\u00e7\u00e3o s\u00e3o os brincos <strong>SUKRAN<\/strong>. Um original design de <strong>brincos compridos<\/strong>, do qual partem delicados motivos cravados de <strong>diamantes<\/strong> e que t\u00eam como protagonistas as melhores <strong>safiras Ceylan<\/strong> em forma de l\u00e1grima. Perfeito para oferecer numa ocasi\u00e3o especial ou para usar em dias especiais, dando a qualquer mulher muita eleg\u00e2ncia e distin\u00e7\u00e3o.<\/p>\n<p><img loading=\"lazy\" decoding=\"async\" class=\"aligncenter\" src=\"https:\/\/navasjoyeros.com\/media\/catalog\/product\/cache\/1\/thumbnail\/9df78eab33525d08d6e5fb8d27136e95\/n\/a\/navas-joyeros_pendientes-zafiro_sucran_1.jpg\" alt=\"\" width=\"535\" height=\"593\" \/><\/p>\n<p>Por outro lado, o <strong>anel MONTREAL<\/strong> \u00e9 um modelo em forma de tercilho no qual est\u00e3o engastadas <strong>tr\u00eas safiras amarelas<\/strong>, rodeadas pelos melhores <strong>diamantes<\/strong> em talha brilhante. Um modelo muito original e realmente belo que combina este design cl\u00e1ssico com o vanguardismo pr\u00f3prio das joias da <strong>Navas<\/strong>.<\/p>\n<p><img loading=\"lazy\" decoding=\"async\" class=\"aligncenter\" src=\"https:\/\/navasjoyeros.com\/media\/catalog\/product\/cache\/1\/thumbnail\/9df78eab33525d08d6e5fb8d27136e95\/m\/o\/montreal_web.jpg\" alt=\"\" width=\"535\" height=\"593\" \/><\/p>\n<p>Por \u00faltimo, o modelo <strong>TAMARA<\/strong>, <strong>brincos curtos de diamantes e esmeraldas<\/strong> com um design em forma de flor, cujas p\u00e9talas incorporam <strong>esmeraldas colombianas<\/strong> de talha oval. Al\u00e9m disso, est\u00e3o tamb\u00e9m ladeadas de <strong>diamantes<\/strong> de excecional qualidade, criando um efeito homog\u00e9neo de brilho. Estes brincos s\u00e3o perfeitos para usar no dia-a-dia porque d\u00e3o aquele toque de cor, ideal para esta \u00e9poca do ano.<\/p>\n<p><a href=\"https:\/\/navasjoyeros.com\/pt\/blog\/wp-content\/uploads\/sites\/3\/2016\/06\/TAMARA.jpg\" rel=\"attachment wp-att-98\"><img loading=\"lazy\" decoding=\"async\" class=\" wp-image-98 aligncenter\" src=\"https:\/\/navasjoyeros.com\/pt\/blog\/wp-content\/uploads\/sites\/3\/2016\/06\/TAMARA-271x300.jpg\" alt=\"TAMARA\" width=\"515\" height=\"570\" \/><\/a><\/p>\n<p>Definitivamente n\u00e3o pode perder a oportunidade de conseguir uma joia destas caracter\u00edsticas pelo melhor pre\u00e7o. Visite a<strong> loja online da Navas Joalheiros<\/strong>!<\/p>\n","protected":false},"excerpt":{"rendered":"<p>J\u00e1 estamos em pleno ver\u00e3o, com dias cheios de vida, luz, calor, look mais ligeiros e tons claros. Por isso, \u00e9 preciso escolher joias coloridas que contrastem com as tonalidades pr\u00f3prias do ver\u00e3o. Na Navas Joalheiros sabemos disso perfeitamente e foi por isso que prepar\u00e1mos uma cole\u00e7\u00e3o com diamantes e pedras preciosas de cor. Nessa [&hellip;]<\/p>\n","protected":false},"author":5,"featured_media":4329,"comment_status":"closed","ping_status":"closed","sticky":false,"template":"","format":"standard","meta":{"footnotes":""},"categories":[23],"tags":[],"class_list":["post-97","post","type-post","status-publish","format-standard","has-post-thumbnail","hentry","category-noticias-da-joalheria"],"_links":{"self":[{"href":"https:\/\/navasjoyeros.com\/pt\/blog\/wp-json\/wp\/v2\/posts\/97","targetHints":{"allow":["GET"]}}],"collection":[{"href":"https:\/\/navasjoyeros.com\/pt\/blog\/wp-json\/wp\/v2\/posts"}],"about":[{"href":"https:\/\/navasjoyeros.com\/pt\/blog\/wp-json\/wp\/v2\/types\/post"}],"author":[{"embeddable":true,"href":"https:\/\/navasjoyeros.com\/pt\/blog\/wp-json\/wp\/v2\/users\/5"}],"replies":[{"embeddable":true,"href":"https:\/\/navasjoyeros.com\/pt\/blog\/wp-json\/wp\/v2\/comments?post=97"}],"version-history":[{"count":1,"href":"https:\/\/navasjoyeros.com\/pt\/blog\/wp-json\/wp\/v2\/posts\/97\/revisions"}],"predecessor-version":[{"id":4513,"href":"https:\/\/navasjoyeros.com\/pt\/blog\/wp-json\/wp\/v2\/posts\/97\/revisions\/4513"}],"wp:featuredmedia":[{"embeddable":true,"href":"https:\/\/navasjoyeros.com\/pt\/blog\/wp-json\/wp\/v2\/media\/4329"}],"wp:attachment":[{"href":"https:\/\/navasjoyeros.com\/pt\/blog\/wp-json\/wp\/v2\/media?parent=97"}],"wp:term":[{"taxonomy":"category","embeddable":true,"href":"https:\/\/navasjoyeros.com\/pt\/blog\/wp-json\/wp\/v2\/categories?post=97"},{"taxonomy":"post_tag","embeddable":true,"href":"https:\/\/navasjoyeros.com\/pt\/blog\/wp-json\/wp\/v2\/tags?post=97"}],"curies":[{"name":"wp","href":"https:\/\/api.w.org\/{rel}","templated":true}]}}