{"id":807,"date":"2014-08-28T18:02:17","date_gmt":"2014-08-28T17:02:17","guid":{"rendered":"https:\/\/navasjoyeros.com\/pt\/blog\/?p=807"},"modified":"2014-08-28T18:02:17","modified_gmt":"2014-08-28T17:02:17","slug":"festival-de-veneza-2014","status":"publish","type":"post","link":"https:\/\/navasjoyeros.com\/pt\/blog\/festival-de-veneza-2014\/","title":{"rendered":"FESTIVAL DE VENEZA 2014"},"content":{"rendered":"<p>Ontem come\u00e7ou um dos festivais de cinema mais glamoroso, a 71\u00aa Edi\u00e7\u00e3o do <strong>Festival de Cinema de Veneza<\/strong>. A cidade italiana de Veneza ser\u00e1 nos pr\u00f3ximos dias a capital europeia do cinema e o glamour, nela celebrities de tudo o mundo mostraram os melhores looks na passadeira vermelha.<\/p>\n<p>Na <strong>Navas Joalheiros<\/strong> estivemos atentos ao primeiro dia do festival e selecionamos os melhores estilismos das primeiras famosas da passadeira vermelha.<\/p>\n<p>Em primeiro lugar, escolhemos o look da manequim e apresentadora espanhola,<strong> Nieves \u00c1lvarez<\/strong>, que optou por um espetacular vestido cor de rosa de Alberta Ferretti, clutch a condizer com o vestido e um maravilhoso set de<strong> joias de diamantes<\/strong> formado por um<strong> colar de diamantes<\/strong> e <strong>brincos compridos<\/strong>.<img loading=\"lazy\" decoding=\"async\" class=\"aligncenter wp-image-808 size-medium\" src=\"https:\/\/navasjoyeros.com\/pt\/blog\/wp-content\/blogs.dir\/3\/files\/2014\/08\/nieves-alvarez-206x300.jpg\" alt=\"nieves alvarez\" width=\"206\" height=\"300\" srcset=\"https:\/\/navasjoyeros.com\/pt\/blog\/wp-content\/uploads\/2014\/08\/nieves-alvarez-206x300.jpg 206w, https:\/\/navasjoyeros.com\/pt\/blog\/wp-content\/uploads\/2014\/08\/nieves-alvarez-400x582.jpg 400w, https:\/\/navasjoyeros.com\/pt\/blog\/wp-content\/uploads\/2014\/08\/nieves-alvarez-300x436.jpg 300w, https:\/\/navasjoyeros.com\/pt\/blog\/wp-content\/uploads\/2014\/08\/nieves-alvarez.jpg 548w\" sizes=\"auto, (max-width: 206px) 100vw, 206px\" \/><\/p>\n<p>Outra das elegantes assistentes foi <strong>Liya Kebede<\/strong>, com um vestido preto &#8220;strapless&#8221; tamb\u00e9m de Alberta Ferretti, clutch preto y<strong> joias de diamantes<\/strong>. Surpreendeu pelo seu look beauty no qual ressaltava a falta de maquilhagem.<img loading=\"lazy\" decoding=\"async\" class=\"aligncenter wp-image-809 size-medium\" src=\"https:\/\/navasjoyeros.com\/pt\/blog\/wp-content\/blogs.dir\/3\/files\/2014\/08\/Liya-Kebede-223x300.jpg\" alt=\"Liya Kebede\" width=\"223\" height=\"300\" srcset=\"https:\/\/navasjoyeros.com\/pt\/blog\/wp-content\/uploads\/2014\/08\/Liya-Kebede-223x300.jpg 223w, https:\/\/navasjoyeros.com\/pt\/blog\/wp-content\/uploads\/2014\/08\/Liya-Kebede-400x536.jpg 400w, https:\/\/navasjoyeros.com\/pt\/blog\/wp-content\/uploads\/2014\/08\/Liya-Kebede-300x402.jpg 300w, https:\/\/navasjoyeros.com\/pt\/blog\/wp-content\/uploads\/2014\/08\/Liya-Kebede.jpg 595w\" sizes=\"auto, (max-width: 223px) 100vw, 223px\" \/><\/p>\n<p>Uma das manequins italianas que pousou a passadeira vermelha do festival foi <strong>Bianca Balti<\/strong>, que escolheu um vestido com volume de Dolce &amp; Gabbana com decote sem al\u00e7as e flores cosidas representando cravos. Um look muito mediterr\u00e2neo. Para completar, l\u00e1bios vermelhos e<strong> brincos compridos<\/strong> com<strong> diamantes<\/strong> e <strong>pedras preciosas<\/strong>.<img loading=\"lazy\" decoding=\"async\" class=\"size-medium wp-image-810 aligncenter\" src=\"https:\/\/navasjoyeros.com\/pt\/blog\/wp-content\/blogs.dir\/3\/files\/2014\/08\/bianca-balti-193x300.jpg\" alt=\"bianca balti\" width=\"193\" height=\"300\" srcset=\"https:\/\/navasjoyeros.com\/pt\/blog\/wp-content\/uploads\/2014\/08\/bianca-balti-193x300.jpg 193w, https:\/\/navasjoyeros.com\/pt\/blog\/wp-content\/uploads\/2014\/08\/bianca-balti-400x619.jpg 400w, https:\/\/navasjoyeros.com\/pt\/blog\/wp-content\/uploads\/2014\/08\/bianca-balti-300x464.jpg 300w, https:\/\/navasjoyeros.com\/pt\/blog\/wp-content\/uploads\/2014\/08\/bianca-balti.jpg 513w\" sizes=\"auto, (max-width: 193px) 100vw, 193px\" \/><\/p>\n<p>Outra bela representante do star system italiano, mas desta vez do mundo do cinema, foi <strong>Alessandra Mastronardi<\/strong> com um original vestido com &#8220;print&#8221; de Alberta Ferretti. Gostamos especialmente dos acess\u00f3rios que usou a atriz, entre os que ressaltaram os<strong> brincos de argola<\/strong> com <strong>diamantes<\/strong> e ouro branco.<img loading=\"lazy\" decoding=\"async\" class=\"size-medium wp-image-811 aligncenter\" src=\"https:\/\/navasjoyeros.com\/pt\/blog\/wp-content\/blogs.dir\/3\/files\/2014\/08\/Alessandra-Mastronardi-202x300.jpg\" alt=\"Alessandra Mastronardi\" width=\"202\" height=\"300\" srcset=\"https:\/\/navasjoyeros.com\/pt\/blog\/wp-content\/uploads\/2014\/08\/Alessandra-Mastronardi-202x300.jpg 202w, https:\/\/navasjoyeros.com\/pt\/blog\/wp-content\/uploads\/2014\/08\/Alessandra-Mastronardi-400x592.jpg 400w, https:\/\/navasjoyeros.com\/pt\/blog\/wp-content\/uploads\/2014\/08\/Alessandra-Mastronardi-300x444.jpg 300w, https:\/\/navasjoyeros.com\/pt\/blog\/wp-content\/uploads\/2014\/08\/Alessandra-Mastronardi.jpg 537w\" sizes=\"auto, (max-width: 202px) 100vw, 202px\" \/><\/p>\n<p>A eleg\u00e2ncia mais cl\u00e1ssica e s\u00f3bria chegou com <strong>Amy Ryan<\/strong> que escolheu um vestido simples sem al\u00e7as em azul marinho e<strong> joias<\/strong> discretas mas que deram um toque de brilho no look. Um conjunto de<strong> joias de diamantes<\/strong> formado por<strong> colar<\/strong>, <strong>brincos semi curtos<\/strong> e um <strong>solit\u00e1rio de diamantes<\/strong>.<img loading=\"lazy\" decoding=\"async\" class=\"size-medium wp-image-812 aligncenter\" src=\"https:\/\/navasjoyeros.com\/pt\/blog\/wp-content\/blogs.dir\/3\/files\/2014\/08\/amy-ryan-227x300.jpg\" alt=\"amy ryan\" width=\"227\" height=\"300\" srcset=\"https:\/\/navasjoyeros.com\/pt\/blog\/wp-content\/uploads\/2014\/08\/amy-ryan-227x300.jpg 227w, https:\/\/navasjoyeros.com\/pt\/blog\/wp-content\/uploads\/2014\/08\/amy-ryan-600x792.jpg 600w, https:\/\/navasjoyeros.com\/pt\/blog\/wp-content\/uploads\/2014\/08\/amy-ryan-400x528.jpg 400w, https:\/\/navasjoyeros.com\/pt\/blog\/wp-content\/uploads\/2014\/08\/amy-ryan-300x396.jpg 300w, https:\/\/navasjoyeros.com\/pt\/blog\/wp-content\/uploads\/2014\/08\/amy-ryan.jpg 604w\" sizes=\"auto, (max-width: 227px) 100vw, 227px\" \/><\/p>\n<p>Este foi s\u00f3 o primeiro dia do festival e os primeiros estilismos, teremos que esperar para poder ver as novas tend\u00eancias na passadeira vermelha.<\/p>\n","protected":false},"excerpt":{"rendered":"<p>Ontem come\u00e7ou um dos festivais de cinema mais glamoroso, a 71\u00aa Edi\u00e7\u00e3o do Festival de Cinema de Veneza. A cidade italiana de Veneza ser\u00e1 nos pr\u00f3ximos dias a capital europeia do cinema e o glamour, nela celebrities de tudo o mundo mostraram os melhores looks na passadeira vermelha. Na Navas Joalheiros estivemos atentos ao primeiro [&hellip;]<\/p>\n","protected":false},"author":5,"featured_media":813,"comment_status":"closed","ping_status":"closed","sticky":false,"template":"","format":"standard","meta":{"footnotes":""},"categories":[23],"tags":[],"class_list":["post-807","post","type-post","status-publish","format-standard","has-post-thumbnail","hentry","category-noticias-da-joalheria"],"_links":{"self":[{"href":"https:\/\/navasjoyeros.com\/pt\/blog\/wp-json\/wp\/v2\/posts\/807","targetHints":{"allow":["GET"]}}],"collection":[{"href":"https:\/\/navasjoyeros.com\/pt\/blog\/wp-json\/wp\/v2\/posts"}],"about":[{"href":"https:\/\/navasjoyeros.com\/pt\/blog\/wp-json\/wp\/v2\/types\/post"}],"author":[{"embeddable":true,"href":"https:\/\/navasjoyeros.com\/pt\/blog\/wp-json\/wp\/v2\/users\/5"}],"replies":[{"embeddable":true,"href":"https:\/\/navasjoyeros.com\/pt\/blog\/wp-json\/wp\/v2\/comments?post=807"}],"version-history":[{"count":0,"href":"https:\/\/navasjoyeros.com\/pt\/blog\/wp-json\/wp\/v2\/posts\/807\/revisions"}],"wp:featuredmedia":[{"embeddable":true,"href":"https:\/\/navasjoyeros.com\/pt\/blog\/wp-json\/wp\/v2\/media\/813"}],"wp:attachment":[{"href":"https:\/\/navasjoyeros.com\/pt\/blog\/wp-json\/wp\/v2\/media?parent=807"}],"wp:term":[{"taxonomy":"category","embeddable":true,"href":"https:\/\/navasjoyeros.com\/pt\/blog\/wp-json\/wp\/v2\/categories?post=807"},{"taxonomy":"post_tag","embeddable":true,"href":"https:\/\/navasjoyeros.com\/pt\/blog\/wp-json\/wp\/v2\/tags?post=807"}],"curies":[{"name":"wp","href":"https:\/\/api.w.org\/{rel}","templated":true}]}}