{"id":3786,"date":"2018-02-15T09:00:54","date_gmt":"2018-02-15T08:00:54","guid":{"rendered":"https:\/\/navasjoyeros.com\/pt\/blog\/?p=3786"},"modified":"2024-10-08T05:41:31","modified_gmt":"2024-10-08T04:41:31","slug":"navas-icons-joias-da-moda","status":"publish","type":"post","link":"https:\/\/navasjoyeros.com\/pt\/blog\/navas-icons-joias-da-moda\/","title":{"rendered":"Cole\u00e7\u00f5es imperd\u00edveis Navas Icons &#8211; As joias da moda!"},"content":{"rendered":"<p>Revel\u00e1mos h\u00e1 v\u00e1rios meses que vamos renovar completamente o nosso estilo acrescentando cole\u00e7\u00f5es mais modernas ao nosso<strong>\u00a0<\/strong><a href=\"https:\/\/navasjoalheiros.com\/catalogo.html?dir=asc&amp;order=position\"><strong>cat\u00e1logo de joalharia online<\/strong><\/a><strong>.\u00a0<\/strong>As <strong>joias<\/strong> ser\u00e3o desenhadas pelas pr\u00f3prias\u00a0<strong>influencers e bloggers\u00a0<\/strong>de<strong>\u00a0<\/strong>moda de destaque em Portugal, com v\u00e1rias cole\u00e7\u00f5es de estilos diferentes, denominadas <strong>NAVAS ICONS<\/strong>.<\/p>\n<p>O principal objetivo deste projeto \u00e9 juntar jovens presentes no mundo da moda atual para que elaborem, com a nossa ajuda t\u00e9cnica,\u00a0<strong>cole\u00e7\u00f5es de joalharia<\/strong>\u00a0de acordo com os seus gostos. Assim sendo, o target \u00a0principal destas <strong>novas joias<\/strong> ser\u00e1 um p\u00fablico jovem, preocupado com a moda e que segue as\u00a0tend\u00eancias de influencers. As joias das cole\u00e7\u00f5es ser\u00e3o elaboradas em\u00a0<strong>prata<\/strong>\u00a0ou\u00a0<strong>ouro de Primeira Lei<\/strong>\u00a0e com gemas preciosas de qualidade.<\/p>\n<p>Por acordo entre as diferentes\u00a0<strong>influencers<\/strong>\u00a0e a nossa<strong>\u00a0<\/strong>marca<a href=\"https:\/\/navasjoalheiros.com\/\"><strong>\u00a0Navas Joalheiros<\/strong><\/a>, reduzimos ao m\u00e1ximo os custos de fabrico, sem reduzir o grau de qualidade, pelo que oferecemos\u00a0as<strong>\u00a0joias<\/strong>\u00a0destas cole\u00e7\u00f5es a um pre\u00e7o muito acess\u00edvel.<\/p>\n<h2><strong>Sofia Novais de Paula<\/strong><\/h2>\n<p>A reconhecida\u00a0blogger\u00a0<span style=\"text-decoration: underline\"><a href=\"https:\/\/navasjoalheiros.com\/colecoes-14.html?cat=335\"><strong>Sofia Novais de Paula<\/strong><\/a><\/span>, aceitou o nosso desafio de criar uma\u00a0<strong>cole\u00e7\u00e3o de joalharia Navas Joalheiros<\/strong>\u00a0inspirada num tema n\u00e1utico, com a <strong>\u00e2ncora<\/strong> como elemento central da sua cole\u00e7\u00e3o. A autora do reconhecido blog\u00a0<strong>Di\u00e1rio de um Batom <\/strong>optou\u00a0por desenhar uma cole\u00e7\u00e3o muito actual, que se adapta ao dia-a-dia de qualquer mulher. Podemos ver pela sua galeriad e fotos no Instagram que o tema n\u00e1utico est\u00e1 presente em muitos dos seus look e na segunda foto que apresentamo abaixo\u00a0j\u00e1 podemos dar uma espreitadela no <a href=\"https:\/\/navasjoalheiros.com\/anel-design-sofia2.html\"><span style=\"text-decoration: underline\"><strong>anel SOFIA 2<\/strong><\/span><\/a>, uma das pe\u00e7as que desenhou. A \u00e2ncora \u00e9 a protagonista da maioria das pe\u00e7as. N\u00e3o deixe de espreitar as restantes pe\u00e7as da cole\u00e7\u00e3o, como por exemplo o <a href=\"https:\/\/navasjoalheiros.com\/colar-design-sofia3.html\"><strong><span style=\"text-decoration: underline\">colar SOFIA 3<\/span><\/strong><\/a>, ideal para preencher o pesco\u00e7o descoberto em bikinis muito decotados. Sigam a <a href=\"https:\/\/www.instagram.com\/sofia_novais_de_paula\/?hl=pt\"><strong><span style=\"text-decoration: underline\">@sofia_novais_de_paula<\/span><\/strong><\/a><span id=\"react-root\"> <\/span>no instagram para saberem mais novidades.<\/p>\n<p>&nbsp;<\/p>\n<p style=\"text-align: center\"><a href=\"https:\/\/navasjoalheiros.com\/colecoes-17\/navas-icons\/sofia-novais-de-paula.html\" target=\"_blank\" rel=\"noopener\"><img loading=\"lazy\" decoding=\"async\" class=\"alignnone wp-image-3526\" src=\"https:\/\/navasjoyeros.com\/pt\/blog\/wp-content\/uploads\/sites\/3\/2017\/10\/anel-sofia-2-navas-300x300.jpg\" alt=\"navas icons\" width=\"502\" height=\"502\" srcset=\"https:\/\/navasjoyeros.com\/pt\/blog\/wp-content\/uploads\/2017\/10\/anel-sofia-2-navas-300x301.jpg 300w, https:\/\/navasjoyeros.com\/pt\/blog\/wp-content\/uploads\/2017\/10\/anel-sofia-2-navas-150x150.jpg 150w, https:\/\/navasjoyeros.com\/pt\/blog\/wp-content\/uploads\/2017\/10\/anel-sofia-2-navas-400x401.jpg 400w\" sizes=\"auto, (max-width: 502px) 100vw, 502px\" \/><\/a><\/p>\n<p style=\"text-align: center\"><a href=\"https:\/\/navasjoalheiros.com\/colecoes-17\/navas-icons\/sofia-novais-de-paula.html\" target=\"_blank\" rel=\"noopener\"><img loading=\"lazy\" decoding=\"async\" class=\"alignnone wp-image-3676\" src=\"https:\/\/navasjoyeros.com\/pt\/blog\/wp-content\/uploads\/sites\/3\/2017\/12\/sofia-navas-joalheiros-300x274.jpg\" alt=\"sofia novais de paula navas icons\" width=\"502\" height=\"458\" srcset=\"https:\/\/navasjoyeros.com\/pt\/blog\/wp-content\/uploads\/2017\/12\/sofia-navas-joalheiros-300x274.jpg 300w, https:\/\/navasjoyeros.com\/pt\/blog\/wp-content\/uploads\/2017\/12\/sofia-navas-joalheiros-768x700.jpg 768w, https:\/\/navasjoyeros.com\/pt\/blog\/wp-content\/uploads\/2017\/12\/sofia-navas-joalheiros-600x547.jpg 600w, https:\/\/navasjoyeros.com\/pt\/blog\/wp-content\/uploads\/2017\/12\/sofia-navas-joalheiros-400x365.jpg 400w, https:\/\/navasjoyeros.com\/pt\/blog\/wp-content\/uploads\/2017\/12\/sofia-navas-joalheiros.jpg 932w\" sizes=\"auto, (max-width: 502px) 100vw, 502px\" \/><\/a><\/p>\n<h2><strong>Carlota Sardinha<\/strong><\/h2>\n<p>A <strong>Carlota Sardinha<\/strong> confessou-nso que \u00e9 apaixonada por pulseiras e podemos ver que estas nunca faltam que nos seus looks de praia e de dia-a-dia. Para a sua cole\u00e7\u00e3o desenhou a <a href=\"https:\/\/navasjoalheiros.com\/pulseira-design-carlota3.html\"><span style=\"text-decoration: underline\"><strong>pulseira CARLOTA 3<\/strong><\/span><\/a>\u00a0de estilo r\u00edgido e aberta na parte superior. Tamb\u00e9m podemos ver que inclusivamente na\u00a0praia n\u00e3o deixa de utilizar <strong>an\u00e9is<\/strong>. N\u00e3o perca os an\u00e9is que desenhou para a sua <span style=\"text-decoration: underline\"><a href=\"https:\/\/navasjoalheiros.com\/colecoes-14.html?cat=321&amp;p=2\"><strong>cole\u00e7\u00e3o NAVAS ICONS<\/strong><\/a><\/span>. E d\u00ea tamb\u00e9m uma espreitadela nas argolas que desenhou <span style=\"text-decoration: underline\"><strong><a href=\"https:\/\/navasjoalheiros.com\/brincos-design-carlota4.html\">CARLOTA 4<\/a>,<\/strong><\/span> j\u00e1 que sabemos que s\u00e3o algo indispens\u00e1vel em muitos dos seus outfits de Ver\u00e3o. Sigam a <a href=\"https:\/\/www.instagram.com\/carlywonderss\/?hl=pt\">@carlywonderss<\/a> no instagram para verem os seus looks com as nossas <strong>joias Navas Joalheiros<\/strong>.<\/p>\n<p><a href=\"https:\/\/navasjoalheiros.com\/colecoes-17\/navas-icons\/carly.html\" target=\"_blank\" rel=\"noopener\"><img loading=\"lazy\" decoding=\"async\" class=\"aligncenter wp-image-3498\" src=\"https:\/\/navasjoyeros.com\/pt\/blog\/wp-content\/uploads\/sites\/3\/2017\/09\/carlota-sardinha-284x300.jpg\" alt=\"carlota-sardinha-anel- navas-icons\" width=\"489\" height=\"518\" \/><\/a><\/p>\n<p><a href=\"https:\/\/navasjoalheiros.com\/colecoes-17\/navas-icons\/carly.html\"><img loading=\"lazy\" decoding=\"async\" class=\"aligncenter wp-image-3601\" src=\"https:\/\/navasjoyeros.com\/pt\/blog\/wp-content\/uploads\/sites\/3\/2017\/11\/carlota-sardinha-678789-237x300.jpg\" alt=\"carlota-sardinha- navas icons\" width=\"484\" height=\"612\" srcset=\"https:\/\/navasjoyeros.com\/pt\/blog\/wp-content\/uploads\/2017\/11\/carlota-sardinha-678789-237x300.jpg 237w, https:\/\/navasjoyeros.com\/pt\/blog\/wp-content\/uploads\/2017\/11\/carlota-sardinha-678789-400x505.jpg 400w, https:\/\/navasjoyeros.com\/pt\/blog\/wp-content\/uploads\/2017\/11\/carlota-sardinha-678789-300x379.jpg 300w, https:\/\/navasjoyeros.com\/pt\/blog\/wp-content\/uploads\/2017\/11\/carlota-sardinha-678789.jpg 554w\" sizes=\"auto, (max-width: 484px) 100vw, 484px\" \/><\/a><\/p>\n<h2><strong>Carolina Nashtai<\/strong><\/h2>\n<p class=\"_rf3jb notranslate\" title=\"carolinanashtai\">Por fim, a \u00faltima das\u00a0<strong>Navas Icons<\/strong> que vos apresent\u00e1mos. Em primeiro lugar, queremos dar os parab\u00e9ns \u00e0 <strong>Carolina Nashtai<\/strong> que\u00a0desenhou uma magn\u00edfica cole\u00e7\u00e3o de bikinis e fatos de banho para a marca\u00a0<a href=\"https:\/\/kaikoaworld.com\/\">KAI &amp; KOA<\/a>\u00a0. E queremos aproveitar para dizer-vos que j\u00e1 n\u00e3o falta muito para ser lan\u00e7ada a sua <strong>cole\u00e7\u00e3o de joalharia<\/strong> que ela j\u00e1 est\u00e1 a desenhar e que ser\u00e1 criada com o apoio da <strong><a href=\"https:\/\/navasjoalheiros.com\/\"><span style=\"text-decoration: underline\">Navas Joalheiros<\/span><\/a>. <\/strong>Para j\u00e1 s\u00f3 podemos revelar algumas das joias da sua cole\u00e7\u00e3o ser\u00e3o do estilo das que vemos que ela conjuga com os seus looks de praia, nas fotos abaixo. Sigam a <a href=\"https:\/\/www.instagram.com\/carolinanashtai\/?hl=pt\">@carolinanashtai<\/a> no instagram para n\u00e3o perderem o lan\u00e7amento das suas <strong>joias personalizadas<\/strong>.<\/p>\n<p style=\"text-align: center\"><a href=\"https:\/\/www.instagram.com\/carolinanashtai\/\" target=\"_blank\" rel=\"noopener\"><img loading=\"lazy\" decoding=\"async\" class=\"aligncenter wp-image-3787\" src=\"https:\/\/navasjoyeros.com\/pt\/blog\/wp-content\/uploads\/sites\/3\/2018\/02\/carolina-nashtai-300x272.png\" alt=\"carolina-nashtai\" width=\"472\" height=\"428\" srcset=\"https:\/\/navasjoyeros.com\/pt\/blog\/wp-content\/uploads\/2018\/02\/carolina-nashtai-300x272.png 300w, https:\/\/navasjoyeros.com\/pt\/blog\/wp-content\/uploads\/2018\/02\/carolina-nashtai-400x363.png 400w, https:\/\/navasjoyeros.com\/pt\/blog\/wp-content\/uploads\/2018\/02\/carolina-nashtai.png 461w\" sizes=\"auto, (max-width: 472px) 100vw, 472px\" \/><\/a><\/p>\n<p style=\"text-align: center\"><a href=\"https:\/\/www.instagram.com\/carolinanashtai\/\" target=\"_blank\" rel=\"noopener\"><img loading=\"lazy\" decoding=\"async\" class=\"alignnone wp-image-3789\" src=\"https:\/\/navasjoyeros.com\/pt\/blog\/wp-content\/uploads\/sites\/3\/2018\/02\/carolina-nashtai-2-300x282.png\" alt=\"carolina-nashtai\" width=\"471\" height=\"443\" srcset=\"https:\/\/navasjoyeros.com\/pt\/blog\/wp-content\/uploads\/2018\/02\/carolina-nashtai-2-300x282.png 300w, https:\/\/navasjoyeros.com\/pt\/blog\/wp-content\/uploads\/2018\/02\/carolina-nashtai-2-400x377.png 400w, https:\/\/navasjoyeros.com\/pt\/blog\/wp-content\/uploads\/2018\/02\/carolina-nashtai-2.png 479w\" sizes=\"auto, (max-width: 471px) 100vw, 471px\" \/><\/a><\/p>\n<h2><strong>Soraia Carmo<\/strong><\/h2>\n<p>Esta semana lan\u00e7\u00e1mos a primeira cole\u00e7\u00e3o da fot\u00f3grafa e editora de moda <strong>Soraia Carmo.<\/strong> O seu <a href=\"http:\/\/carmo.iol.pt\/\"><strong><u>blog intitulado Carmo<\/u><\/strong><\/a> \u00e9 um sucesso e esta cole\u00e7\u00e3o de joalharia reflete precisamente o seu estilo. Carmo defende que uma pe\u00e7a de joalahria \u00e9 algo intemporal, podendo e devendo ser transmitida de gera\u00e7\u00e3o em gera\u00e7\u00e3o.<\/p>\n<p>A bela<strong>\u00a0cole\u00e7\u00e3o de joias<\/strong>\u00a0<strong>VEGA by Carmo<\/strong> caracteriza-se por designs minimalistas e muito juvenis mas com um detalhe ousado, que reside no tema da <strong>estrela VEGA<\/strong>, que faz parte da constela\u00e7\u00e3o Lyra.<\/p>\n<p>Foram um <strong>conjunto de joalharia perfeito<\/strong> e diversificado, gra\u00e7as \u00e0 sua beleza e ao mesmo tempo simplicidade. Os materiais utilizados s\u00e3o a prata dourada e prateada, sendo que poder\u00e1 adquirir estas pe\u00e7as em <strong>Ouro de Primeira Lei, <\/strong>de tom amarelo, branco ou rosa.<\/p>\n<p style=\"text-align: center\"><a href=\"https:\/\/www.facebook.com\/photo.php?fbid=10155708166777289&amp;set=a.491612237288.266962.599962288&amp;type=3&amp;theater\" target=\"_blank\" rel=\"noopener\"><img loading=\"lazy\" decoding=\"async\" class=\"alignnone wp-image-3790\" src=\"https:\/\/navasjoyeros.com\/pt\/blog\/wp-content\/uploads\/sites\/3\/2018\/02\/carmo-300x242.png\" alt=\"carmo\" width=\"509\" height=\"411\" srcset=\"https:\/\/navasjoyeros.com\/pt\/blog\/wp-content\/uploads\/2018\/02\/carmo-300x242.png 300w, https:\/\/navasjoyeros.com\/pt\/blog\/wp-content\/uploads\/2018\/02\/carmo-600x483.png 600w, https:\/\/navasjoyeros.com\/pt\/blog\/wp-content\/uploads\/2018\/02\/carmo-400x322.png 400w, https:\/\/navasjoyeros.com\/pt\/blog\/wp-content\/uploads\/2018\/02\/carmo.png 626w\" sizes=\"auto, (max-width: 509px) 100vw, 509px\" \/><\/a><\/p>\n<p style=\"text-align: center\"><a href=\"https:\/\/www.facebook.com\/photo.php?fbid=10155708166777289&amp;set=a.491612237288.266962.599962288&amp;type=3&amp;theater\" target=\"_blank\" rel=\"noopener\"><img loading=\"lazy\" decoding=\"async\" class=\"alignnone wp-image-3791\" src=\"https:\/\/navasjoyeros.com\/pt\/blog\/wp-content\/uploads\/sites\/3\/2018\/02\/carmo-3-300x296.png\" alt=\"carmo-3\" width=\"509\" height=\"503\" srcset=\"https:\/\/navasjoyeros.com\/pt\/blog\/wp-content\/uploads\/2018\/02\/carmo-3-300x296.png 300w, https:\/\/navasjoyeros.com\/pt\/blog\/wp-content\/uploads\/2018\/02\/carmo-3-400x395.png 400w, https:\/\/navasjoyeros.com\/pt\/blog\/wp-content\/uploads\/2018\/02\/carmo-3.png 566w\" sizes=\"auto, (max-width: 509px) 100vw, 509px\" \/><\/a><\/p>\n<h2><strong>Mas o que s\u00e3o as cole\u00e7\u00f5es NAVAS ICONS?<\/strong><\/h2>\n<p>Revel\u00e1mos recentemente que vamos renovar completamente o nosso estilo acrescentando cole\u00e7\u00f5es mais modenas ao nosso\u00a0<a href=\"https:\/\/navasjoalheiros.com\/catalogo.html?dir=asc&amp;order=position\"><strong><u>cat\u00e1logo de joalharia online<\/u><\/strong><\/a>. As joias ser\u00e3o desenhadas pelas pr\u00f3prias influencers e bloggers de moda de destaque em Portugal, com v\u00e1rias cole\u00e7\u00f5es distintas que est\u00e3o prestes a ser lan\u00e7adas.<\/p>\n<p>As joias das cole\u00e7\u00f5es ser\u00e3o elaboradas em\u00a0<strong>Prata de Primeira Lei<\/strong>\u00a0ou\u00a0<strong>Ouro de Primeira Lei<\/strong>\u00a0e com gemas preciosas de qualidade.\u00a0 Cada joia das\u00a0<a href=\"https:\/\/navasjoalheiros.com\/colecoes-14\/navas-icons.html?dir=asc&amp;order=price\"><strong><u>NAVAS ICONS<\/u><\/strong><\/a>\u00a0que colaboram no projeto, reflete o seu estilo e personalidade.<\/p>\n<p>Todas as\u00a0<strong>joias<\/strong>\u00a0das cole\u00e7\u00f5es inclu\u00eddas neste projeto, t\u00eam todas as garantias e vantagens p\u00f3s-venda pr\u00f3prias da nossa marca, como a garantia vital\u00edcia sobre defeitos de fabrico, garantia sobre defeitos de crava\u00e7\u00e3o durante o primeiro ano e garantia da primeira manuten\u00e7\u00e3o gratuita por desgaste devido ao\u00a0 uso normal da pe\u00e7a.<\/p>\n<p>Al\u00e9m disso, por acordo entre as diferentes influencers e a nossa marca\u00a0<strong>Navas Joalheiros<\/strong>, reduzimos ao m\u00e1ximo os custos de fabrico, sem reduzir o grau de qualidade, pelo que oferecemos as\u00a0<strong>joias<\/strong>\u00a0destas cole\u00e7\u00f5es a um pre\u00e7o muito acess\u00edvel.<\/p>\n<p>Cada uma das nossas\u00a0<strong>NAVAS ICONS<\/strong>\u00a0ter\u00e1 ao seu dispor todos os meios necess\u00e1rios e o suporte t\u00e9cnico para poder desenhar e desenvolver a sua cole\u00e7\u00e3o, assim como uma plataforma de venda segura de eCommerce.<\/p>\n<p>Fiquem atentos porque daremos mais not\u00edcias sobre da\u00a0<strong>cole\u00e7\u00e3o de joalharia<\/strong>\u00a0das nossas <strong>Navas Icons<\/strong>. Siga a nossa p\u00e1gina de\u00a0<a href=\"https:\/\/www.facebook.com\/navas.joalheiros\/?ref=settings\"><strong><u>facebook Navas Joalheiros<\/u><\/strong><\/a>\u00a0para estar sempre atualizado sobre as nossas \u00faltimas not\u00edcias.<\/p>\n","protected":false},"excerpt":{"rendered":"<p>Revel\u00e1mos h\u00e1 v\u00e1rios meses que vamos renovar completamente o nosso estilo acrescentando cole\u00e7\u00f5es mais modernas ao nosso\u00a0cat\u00e1logo de joalharia online.\u00a0As joias ser\u00e3o desenhadas pelas pr\u00f3prias\u00a0influencers e bloggers\u00a0de\u00a0moda de destaque em Portugal, com v\u00e1rias cole\u00e7\u00f5es de estilos diferentes, denominadas NAVAS ICONS. O principal objetivo deste projeto \u00e9 juntar jovens presentes no mundo da moda atual para [&hellip;]<\/p>\n","protected":false},"author":5,"featured_media":3401,"comment_status":"closed","ping_status":"closed","sticky":false,"template":"","format":"standard","meta":{"footnotes":""},"categories":[27,23],"tags":[],"class_list":["post-3786","post","type-post","status-publish","format-standard","has-post-thumbnail","hentry","category-eventos-da-joalheria","category-noticias-da-joalheria"],"_links":{"self":[{"href":"https:\/\/navasjoyeros.com\/pt\/blog\/wp-json\/wp\/v2\/posts\/3786","targetHints":{"allow":["GET"]}}],"collection":[{"href":"https:\/\/navasjoyeros.com\/pt\/blog\/wp-json\/wp\/v2\/posts"}],"about":[{"href":"https:\/\/navasjoyeros.com\/pt\/blog\/wp-json\/wp\/v2\/types\/post"}],"author":[{"embeddable":true,"href":"https:\/\/navasjoyeros.com\/pt\/blog\/wp-json\/wp\/v2\/users\/5"}],"replies":[{"embeddable":true,"href":"https:\/\/navasjoyeros.com\/pt\/blog\/wp-json\/wp\/v2\/comments?post=3786"}],"version-history":[{"count":1,"href":"https:\/\/navasjoyeros.com\/pt\/blog\/wp-json\/wp\/v2\/posts\/3786\/revisions"}],"predecessor-version":[{"id":4150,"href":"https:\/\/navasjoyeros.com\/pt\/blog\/wp-json\/wp\/v2\/posts\/3786\/revisions\/4150"}],"wp:featuredmedia":[{"embeddable":true,"href":"https:\/\/navasjoyeros.com\/pt\/blog\/wp-json\/wp\/v2\/media\/3401"}],"wp:attachment":[{"href":"https:\/\/navasjoyeros.com\/pt\/blog\/wp-json\/wp\/v2\/media?parent=3786"}],"wp:term":[{"taxonomy":"category","embeddable":true,"href":"https:\/\/navasjoyeros.com\/pt\/blog\/wp-json\/wp\/v2\/categories?post=3786"},{"taxonomy":"post_tag","embeddable":true,"href":"https:\/\/navasjoyeros.com\/pt\/blog\/wp-json\/wp\/v2\/tags?post=3786"}],"curies":[{"name":"wp","href":"https:\/\/api.w.org\/{rel}","templated":true}]}}