{"id":3759,"date":"2018-01-25T18:00:02","date_gmt":"2018-01-25T17:00:02","guid":{"rendered":"https:\/\/navasjoyeros.com\/pt\/blog\/?p=3759"},"modified":"2024-10-08T05:41:34","modified_gmt":"2024-10-08T04:41:34","slug":"fashion-week-madrid-duyos-ulises","status":"publish","type":"post","link":"https:\/\/navasjoyeros.com\/pt\/blog\/fashion-week-madrid-duyos-ulises\/","title":{"rendered":"Fashion Week Madrid com os nossos designers"},"content":{"rendered":"<p>Come\u00e7ou ontem a <strong>Mercedes Benz Fashion Week Madrid<\/strong>. Come\u00e7o no dia 24 de Janeiro a primeira semana da moda de 2018 na cidade de Madrid, onde se encontra a sede de <strong>Navas Joalheiros<\/strong>.<\/p>\n<p>Como todos os anos, estamos emocionados com este evento, sobretudo porque dois dos nossos principais designers desfilam na passarela. <strong>Ulises e Duyos<\/strong> mostrar\u00e3o ao p\u00fablico as suas cole\u00e7\u00f5es de <strong>joias Navas Joalheiros<\/strong> e estaremos a\u00ed para presenciar essa inesquec\u00edvel apresenta\u00e7\u00e3o.<\/p>\n<p>A <strong>Mercedes Benz Fashion Week Madrid<\/strong>, conhecida antes como Cibeles Madrid Fashion Week, ou simplesmente como semana da moda, \u00e9 uma celebra\u00e7\u00e3o da alta costura associada a luxo e glamour. Est\u00e1 composta por desfiles e eventos promocionais onde os estilistas mais famosos e importantes do nosso pa\u00eds apresentam ao p\u00fablico as suas cole\u00e7\u00f5es e as novas tend\u00eancias que marcaram este ano novo. A <strong>Fashion Week<\/strong> conta atualmente com a Mercedes-Benz como patrocinador oficial e decorre na Institui\u00e7\u00e3o de Feiras de Madrid tamb\u00e9m conhecida como\u00a0 IFEMA.<\/p>\n<p>Durante 6 grandes dias poderemos desfrutar de um grande calend\u00e1rio no qual figuram os hor\u00e1rios dos desfiles e as marcas dos designers que realizam desfiles. Este calend\u00e1rio encontra-se na p\u00e1gina web oficial da <strong>Mercedes Benz Fashion Week Madrid<\/strong>. Fazendo uma revis\u00e3o ao calend\u00e1rio poderemos ver a designers do n\u00edvel de Custo Barcelona, Aghata Ruiz de la Prada, Pedro del Hierro e Roberto Verino.<\/p>\n<p>O calend\u00e1rio tamb\u00e9m conta com atividades patrocinadas e realizadas por marcas como L\u2019Oreal Paris. No Cibelespacio estar\u00e3o habilitadas zonas onde quem assistente ao evento poder\u00e1 ver roupa de design exclusiva e inclusivamente compr\u00e1-la. Tamb\u00e9m ser\u00e1 poss\u00edvel ser penteada e maquilhada por profissionais de n\u00edvel internacional e inclusivamente partilhar estas experi\u00eancias com modelos e influencers.<\/p>\n<p>Sem d\u00favida, a <strong>Mercedes Benz Fashion Week Madrid<\/strong> \u00e9 um dos eventos mais importantes dedicados ao glamour, o estilo e a eleg\u00e2ncia. Mas como mencion\u00e1mos antes, em Navas Joalheiros o que mais temos vontade de ver s\u00e3o os desfiles dos nossos designers.<\/p>\n<p>Amanh\u00e3 dia 26 de Janeiro \u00e0s 20h em Espanha decorre o desfile de Duyos. O designer <strong>Juan Duyos<\/strong> destaca-se pela sua originalidade. A sua <strong>cole\u00e7\u00e3o de joalharia<\/strong> conta com <strong>an\u00e9is de diamantes, brincos de diamantes, pulseiras e pendentes<\/strong> entre otros. <strong>Navas Joalheiros<\/strong>, junto com <strong>Duyos<\/strong>, selecionou as suas melhores <strong>pedras preciosas e diamantes<\/strong> para criar a sua cole\u00e7\u00e3o de elegantes <strong>joias de alta qualidade<\/strong>.<\/p>\n<p><img loading=\"lazy\" decoding=\"async\" class=\"aligncenter size-medium wp-image-8731\" src=\"https:\/\/navasjoyeros.com\/es\/blog\/wp-content\/uploads\/2018\/01\/Duyos-dise\u00f1ador-joyas-para-navas-joyeros-271x300.jpg\" alt=\"duyos-disenador-joyas-para-navas-joyeros\" width=\"271\" height=\"300\" \/><\/p>\n<p>Em <strong>Navas Joalheiros<\/strong> temos especial gosto em colaborar com designers dispostos a p\u00f4r nas nossas m\u00e3os toda a sua originalidade para a cria\u00e7\u00e3o das melhores joias. E para quem ficar com vontade de ver mais joias no s\u00e1bado dia 27 de Janeiro desfila <strong>Ulises M\u00e9rida<\/strong> \u00e0s 14h. Trata-se de um designer cujo estilo irreverente tem vindo a ganhar cada vez mais protagonismo a n\u00edvel internacional. Em conjunto com <strong>Navas Joalheiros,<\/strong> <strong>Ulises<\/strong> criou uma cole\u00e7\u00e3o de joias magn\u00edfica, que n\u00e3o deixar\u00e1 indiferente a ningu\u00e9m.<\/p>\n<p>N\u00e3o queremos avan\u00e7ar nenhuma informa\u00e7\u00e3o para j\u00e1 sobre os desfiles de <strong>Duyos<\/strong> e <strong>Ulises<\/strong> para que sejam voc\u00eas a descobrir todas as surpresas em direto ou atrav\u00e9s de algum meio online. A verdade \u00e9 que a <strong>joalharia<\/strong> tem um grande protagonismo em todos os desfiles de moda. Uma joia pode alterar completamente um look. \u00c9 o completo ideal para ressaltar uma parte do corpo, desde o decote, ao pulso ou at\u00e9 \u00e0s orelhas, iluminando todo o rosto.<\/p>\n<p><img loading=\"lazy\" decoding=\"async\" class=\"aligncenter size-medium wp-image-8732\" src=\"https:\/\/navasjoyeros.com\/es\/blog\/wp-content\/uploads\/2018\/01\/Ulises-merida-dise\u00f1ador-joyas-para-navas-joyeros-3-271x300.jpg\" alt=\"ulises-merida-disenador-joyas-para-navas-joyeros-3\" width=\"271\" height=\"300\" \/><\/p>\n<p>As <strong>pe\u00e7as de joalharia<\/strong> que nos acompanham determinam a nossa eleg\u00e2ncia e permitem que se algu\u00e9m se sinta segura e poderosa. Mas as <strong>joias<\/strong> t\u00eam, para al\u00e9m de um valor est\u00e9tico, um valor sentimental. Desde sempre que as <strong>joias<\/strong> est\u00e3o associadas a valores como o amor ou como o poder.<\/p>\n<p>Utilizar pe\u00e7as de<strong> alta joalharia<\/strong> \u00e9 um luxo que nem todos nos podemos permitir e por esse motivo em <strong>Navas Joalheiros<\/strong> dispomos de <strong>alta joalharia<\/strong> a um pre\u00e7o menos que as habituais <strong>joalharias<\/strong> e grandes superf\u00edcies. Para que assim a alta <strong>joalharia<\/strong> esteja mais pr\u00f3xima de todos.<\/p>\n<p>Desde <strong>Navas Joalheiros<\/strong> queremos desejar muita sorte a <strong>Duyos<\/strong> e a <strong>Ulises<\/strong> com os seus desfiles. Estaremos presentes nos desfiles da <strong>Fashion Week Madrid<\/strong> como sempre a apoi\u00e1-los. E em breve partilhamos no nosso blog mais detalhes fotografias sobre o desfile.<\/p>\n","protected":false},"excerpt":{"rendered":"<p>Come\u00e7ou ontem a Mercedes Benz Fashion Week Madrid. Come\u00e7o no dia 24 de Janeiro a primeira semana da moda de 2018 na cidade de Madrid, onde se encontra a sede de Navas Joalheiros. Como todos os anos, estamos emocionados com este evento, sobretudo porque dois dos nossos principais designers desfilam na passarela. Ulises e Duyos [&hellip;]<\/p>\n","protected":false},"author":5,"featured_media":3760,"comment_status":"closed","ping_status":"closed","sticky":false,"template":"","format":"standard","meta":{"footnotes":""},"categories":[27,23],"tags":[],"class_list":["post-3759","post","type-post","status-publish","format-standard","has-post-thumbnail","hentry","category-eventos-da-joalheria","category-noticias-da-joalheria"],"_links":{"self":[{"href":"https:\/\/navasjoyeros.com\/pt\/blog\/wp-json\/wp\/v2\/posts\/3759","targetHints":{"allow":["GET"]}}],"collection":[{"href":"https:\/\/navasjoyeros.com\/pt\/blog\/wp-json\/wp\/v2\/posts"}],"about":[{"href":"https:\/\/navasjoyeros.com\/pt\/blog\/wp-json\/wp\/v2\/types\/post"}],"author":[{"embeddable":true,"href":"https:\/\/navasjoyeros.com\/pt\/blog\/wp-json\/wp\/v2\/users\/5"}],"replies":[{"embeddable":true,"href":"https:\/\/navasjoyeros.com\/pt\/blog\/wp-json\/wp\/v2\/comments?post=3759"}],"version-history":[{"count":1,"href":"https:\/\/navasjoyeros.com\/pt\/blog\/wp-json\/wp\/v2\/posts\/3759\/revisions"}],"predecessor-version":[{"id":4154,"href":"https:\/\/navasjoyeros.com\/pt\/blog\/wp-json\/wp\/v2\/posts\/3759\/revisions\/4154"}],"wp:featuredmedia":[{"embeddable":true,"href":"https:\/\/navasjoyeros.com\/pt\/blog\/wp-json\/wp\/v2\/media\/3760"}],"wp:attachment":[{"href":"https:\/\/navasjoyeros.com\/pt\/blog\/wp-json\/wp\/v2\/media?parent=3759"}],"wp:term":[{"taxonomy":"category","embeddable":true,"href":"https:\/\/navasjoyeros.com\/pt\/blog\/wp-json\/wp\/v2\/categories?post=3759"},{"taxonomy":"post_tag","embeddable":true,"href":"https:\/\/navasjoyeros.com\/pt\/blog\/wp-json\/wp\/v2\/tags?post=3759"}],"curies":[{"name":"wp","href":"https:\/\/api.w.org\/{rel}","templated":true}]}}