{"id":3532,"date":"2017-10-04T19:35:07","date_gmt":"2017-10-04T18:35:07","guid":{"rendered":"https:\/\/navasjoyeros.com\/pt\/blog\/?p=3532"},"modified":"2024-10-08T05:42:31","modified_gmt":"2024-10-08T04:42:31","slug":"moda-lisboa-christophe-sauvat","status":"publish","type":"post","link":"https:\/\/navasjoyeros.com\/pt\/blog\/moda-lisboa-christophe-sauvat\/","title":{"rendered":"Moda Lisboa &amp; Christophe Sauvat"},"content":{"rendered":"<p>Preparem-se porque amanh\u00e3 come\u00e7a o evento de moda mais importante do ano. A <strong>Moda Lisboa<\/strong> recebe aproximadamente 20.000 visitantes convidados e estima-se que cerca de um milh\u00e3o de portugueses acompanha a <strong>Lisbon Fashion Week<\/strong> atrav\u00e9s de redes sociais e meios de comunica\u00e7\u00e3o.<\/p>\n<p>A edi\u00e7\u00e3o da <strong>Moda Lisboa<\/strong> deste ano \u00e9 intiludada de \u201cLUZ\u201d e decorrer\u00e1 no Pavilh\u00e3o Carlos Lopes, no priveligiado Parque Eduardo VII, de 5 a 8 de Outubro. No s\u00e1bado, dia 7 de Outubro, \u00e0s 21:30h ser\u00e1 o desfile do reconhecido designer internacional <strong>Christophe Sauvat<\/strong>.<\/p>\n<p>Estamos a preparar uma fant\u00e1stica colabora\u00e7\u00e3o com este designer que tem uma hist\u00f3ria impressionante que n\u00e3o vai querer perder!<\/p>\n<h3><strong>Porqu\u00ea escolhemos colaborar com Christophe Sauvat? <\/strong><\/h3>\n<p>Tal como o seu nome indica,\u00a0<strong>Christophe Sauvat<\/strong>\u00a0nasceu em Fran\u00e7a mas cedo deixou a sua cidade natal Carcassonne, uma cidade medieval pequena no sudoeste franc\u00eas e mudou-se a Marselha.<\/p>\n<p>\u201cSou um autodidata, nunca estudei moda, o que eu fiz foi aprender a olhar, sejam pessoas, sejam quadros no museu. Aos 18 anos era diretor de um clube noturno em Marselha onde ia a gente de moda. Foi a\u00ed que come\u00e7ou. Sempre gostei de roupas, de ver a forma como as pessoas se vestiam. Depois vivi na ilha de St Barthes, numa comunidade franco-alem\u00e3 muito rica e fashion, sempre cheia de fot\u00f3grafos de moda e modelos. Quando voltei para Paris decidi tornar-me\u00a0<strong>designer<\/strong>\u00a0e comecei por desenhar rel\u00f3gios. A coisa correu bem e ganhei logo uns pr\u00e9mios.\u201d disse ao Observador.<\/p>\n<p>O seu talento come\u00e7ou imediatamente a ser reconhecido nos anos 80 no sector de relojoaria, mas\u00a0<strong>Christophe<\/strong>\u00a0ainda n\u00e3o estava satisfeito e viajou para o Brasil onde se apaixonou pelas c\u00e9lebres\u00a0<strong>pulseiras<\/strong>\u00a0brasileiras multicolores. Acabou por residir v\u00e1rios anos na brasileira \u201ccidade maravilhosa\u201d, onde num par de anos j\u00e1 podia orgulhar-se de vender v\u00e1rios milh\u00f5es de pulseiras e tamb\u00e9m de misturar estes fios coloridos que descobriu nas favelas do Brasil cm as\u00a0<strong>braceletes<\/strong>\u00a0dos seus rel\u00f3gios.<img decoding=\"async\" class=\"aligncenter\" src=\"https:\/\/www.christophesauvat.com\/wp-content\/uploads\/2017\/02\/logo-christophe-sauvat-homepage.png\" alt=\"Resultado de imagem para christophe sauvat\" \/><\/p>\n<p>O seu percurso profissional contou ainda com uma passagem por Bali na Indon\u00e9sia, onde\u00a0<strong>Christophe<\/strong>\u00a0descobriu o batik, uma forma ancestral de pintar tecido e decidiu traz\u00ea-la para a Europa nos seus designs. \u201cN\u00e3o sou turista, vou aos s\u00edtios e fico l\u00e1, conhe\u00e7o as pessoas, o que fazem.\u201d<\/p>\n<p>O seu seguinte projecto tamb\u00e9m teve bastante sucesso, tratando-se da marca Antik Batik, que fundou em Paris em 1992. Esta marca devia muito do seu reconhecimento ao cat\u00e1logo de compra de vestu\u00e1rio La Reddoutte que se tornou famoso para as compras de muitas mulheres. Colaborou com outras marcas de grande destaque como por exemplo Ralph Lauren.<\/p>\n<p>Em 2007 de f\u00e9rias em Cascais, conheceu o encanto das terras portuguesas, mas s\u00f3 se apaixonou realmente pelo pa\u00eds quando conheceu a Comporta, no Alentejo. As cores do c\u00e9u e do mar foram a sua perdi\u00e7\u00e3o e acabou por alterar a sua resid\u00eancia para Portugal. Casou-se com uma portuguesa e o seu filho mais novo, que por vezes aparece consigo na passarela dos seus desfiles como foi o caso da sua \u00faltima participa\u00e7\u00e3o na\u00a0<strong>Moda Lisboa<\/strong>, j\u00e1 nasceu aqui.<\/p>\n<p><img loading=\"lazy\" decoding=\"async\" class=\" wp-image-3053 aligncenter\" src=\"https:\/\/navasjoyeros.com\/pt\/blog\/wp-content\/uploads\/sites\/3\/2017\/03\/christophe_sauvat-200x300.jpg\" alt=\"christophe_sauvat\" width=\"227\" height=\"341\" srcset=\"https:\/\/navasjoyeros.com\/pt\/blog\/wp-content\/uploads\/2017\/03\/christophe_sauvat-200x300.jpg 200w, https:\/\/navasjoyeros.com\/pt\/blog\/wp-content\/uploads\/2017\/03\/christophe_sauvat-300x450.jpg 300w, https:\/\/navasjoyeros.com\/pt\/blog\/wp-content\/uploads\/2017\/03\/christophe_sauvat.jpg 313w\" sizes=\"auto, (max-width: 227px) 100vw, 227px\" \/><\/p>\n<p>Em 2010 criou a marca de roupa e acess\u00f3rios femininos com o seu nome que actualmente gere desde Lisboa. E apesar de que\u00a0<strong>Christophe Sauvat<\/strong>\u00a0ser de nacionalidade francesa, a sua marca \u00e9 100% portuguesa e podemos descrever o seu estilo como hippie-chic, com inspira\u00e7\u00f5es \u00e9tnicas multiculturais.<\/p>\n<p>Os seus desenhos s\u00e3o extremamente carregados de um misto de cores, padr\u00f5es, \u00a0texturas e detalhes de todo o tipo. Algumas das pe\u00e7as mais exc\u00eantricas eram conjugadas com outras mais s\u00f3brias resultando em conjuntos magn\u00edficos, perfeitos para utilizar no dia-a-dia e acrescentar um pouco de cor ao nosso guarda-roupa. A heran\u00e7a multicultural do designer \u00e9 transmitida em casa pe\u00e7a que cria.<\/p>\n<p>A marca\u00a0<strong>Christophe Sauvat<\/strong>\u00a0\u00e9 vendida internacionalmente, na Europa, nos EUA, nos Emiratos \u00c1rabes Unidos, na Ar\u00e1bia Saudita, no Jap\u00e3o e na \u00a0China.<\/p>\n<p>N\u00e3o perca em breve a cole\u00e7\u00e3o de <strong>Christophe Sauvat<\/strong>, uma das caras internacionais presente na Moda Lisboa. A sua cole\u00e7\u00e3o de joalharia promete dar vida aos seus looks de Inverno, tal como os seus designs prometem dar vida \u00e0 <strong>Lisbon Fashion Week<\/strong>.<\/p>\n","protected":false},"excerpt":{"rendered":"<p>Preparem-se porque amanh\u00e3 come\u00e7a o evento de moda mais importante do ano. A Moda Lisboa recebe aproximadamente 20.000 visitantes convidados e estima-se que cerca de um milh\u00e3o de portugueses acompanha a Lisbon Fashion Week atrav\u00e9s de redes sociais e meios de comunica\u00e7\u00e3o. A edi\u00e7\u00e3o da Moda Lisboa deste ano \u00e9 intiludada de \u201cLUZ\u201d e decorrer\u00e1 [&hellip;]<\/p>\n","protected":false},"author":5,"featured_media":3534,"comment_status":"closed","ping_status":"closed","sticky":false,"template":"","format":"standard","meta":{"footnotes":""},"categories":[27,23],"tags":[],"class_list":["post-3532","post","type-post","status-publish","format-standard","has-post-thumbnail","hentry","category-eventos-da-joalheria","category-noticias-da-joalheria"],"_links":{"self":[{"href":"https:\/\/navasjoyeros.com\/pt\/blog\/wp-json\/wp\/v2\/posts\/3532","targetHints":{"allow":["GET"]}}],"collection":[{"href":"https:\/\/navasjoyeros.com\/pt\/blog\/wp-json\/wp\/v2\/posts"}],"about":[{"href":"https:\/\/navasjoyeros.com\/pt\/blog\/wp-json\/wp\/v2\/types\/post"}],"author":[{"embeddable":true,"href":"https:\/\/navasjoyeros.com\/pt\/blog\/wp-json\/wp\/v2\/users\/5"}],"replies":[{"embeddable":true,"href":"https:\/\/navasjoyeros.com\/pt\/blog\/wp-json\/wp\/v2\/comments?post=3532"}],"version-history":[{"count":1,"href":"https:\/\/navasjoyeros.com\/pt\/blog\/wp-json\/wp\/v2\/posts\/3532\/revisions"}],"predecessor-version":[{"id":4176,"href":"https:\/\/navasjoyeros.com\/pt\/blog\/wp-json\/wp\/v2\/posts\/3532\/revisions\/4176"}],"wp:featuredmedia":[{"embeddable":true,"href":"https:\/\/navasjoyeros.com\/pt\/blog\/wp-json\/wp\/v2\/media\/3534"}],"wp:attachment":[{"href":"https:\/\/navasjoyeros.com\/pt\/blog\/wp-json\/wp\/v2\/media?parent=3532"}],"wp:term":[{"taxonomy":"category","embeddable":true,"href":"https:\/\/navasjoyeros.com\/pt\/blog\/wp-json\/wp\/v2\/categories?post=3532"},{"taxonomy":"post_tag","embeddable":true,"href":"https:\/\/navasjoyeros.com\/pt\/blog\/wp-json\/wp\/v2\/tags?post=3532"}],"curies":[{"name":"wp","href":"https:\/\/api.w.org\/{rel}","templated":true}]}}