{"id":3520,"date":"2018-06-08T13:30:56","date_gmt":"2018-06-08T12:30:56","guid":{"rendered":"https:\/\/navasjoyeros.com\/pt\/blog\/?p=3520"},"modified":"2024-10-08T05:54:29","modified_gmt":"2024-10-08T04:54:29","slug":"navas-icon-sofia-novais-paula","status":"publish","type":"post","link":"https:\/\/navasjoyeros.com\/pt\/blog\/navas-icon-sofia-novais-paula\/","title":{"rendered":"Dia mundial dos oceanos: Joias by Sofia Novais de Paula"},"content":{"rendered":"<p>Hoje \u00e9 o <strong>DIA MUNDIAL DOS OCEANOS <\/strong>e com o Ver\u00e3o quase quase a chegar esta \u00e9 a oportunidade ideal para rccordar-vos que temos a cole\u00e7\u00e3o perfeira para acompanhar os seus look desta esta\u00e7\u00e3o. Como sabem uma das estrelas das nossas <strong>Navas Icons<\/strong> \u00e9 a <strong>Sofia Novais de Paula,\u00a0<\/strong>autora do blog\u00a0<a href=\"http:\/\/diariodeumbatom.com\/\"><strong><u>Di\u00e1rio de Um Batom<\/u><\/strong><\/a>, onde encontrar\u00e1 desde conselhos de moda a partilha de experi\u00eancias pessoais, de forma muito intimista e personalizada, um detalhe que caracteriza o registo desta influencer nacional.<\/p>\n<p><img loading=\"lazy\" decoding=\"async\" class=\"alignnone wp-image-3362 aligncenter\" src=\"https:\/\/navasjoyeros.com\/pt\/blog\/wp-content\/uploads\/sites\/3\/2017\/06\/bogger-sofia-296x300.jpg\" alt=\"sofia novais de paula joias\" width=\"496\" height=\"502\" srcset=\"https:\/\/navasjoyeros.com\/pt\/blog\/wp-content\/uploads\/2017\/06\/bogger-sofia-296x300.jpg 296w, https:\/\/navasjoyeros.com\/pt\/blog\/wp-content\/uploads\/2017\/06\/bogger-sofia-600x609.jpg 600w, https:\/\/navasjoyeros.com\/pt\/blog\/wp-content\/uploads\/2017\/06\/bogger-sofia-400x406.jpg 400w, https:\/\/navasjoyeros.com\/pt\/blog\/wp-content\/uploads\/2017\/06\/bogger-sofia-300x304.jpg 300w, https:\/\/navasjoyeros.com\/pt\/blog\/wp-content\/uploads\/2017\/06\/bogger-sofia.jpg 693w\" sizes=\"auto, (max-width: 496px) 100vw, 496px\" \/><\/p>\n<p>E para quem n\u00e3o pode perder nem uma opini\u00e3o de fashion bloggers, que se prepare porque vamos revelar a fant\u00e1stica\u00a0<strong>cole\u00e7\u00e3o de joalharia<\/strong>\u00a0desenhada pela pr\u00f3pria Sofia e realizada pelos nossos mestres joalheiros na nossa f\u00e1brica localizada no Norte de It\u00e1lia, em Valenza. Quem conhece o seu perfil sabe que nunca recusa um desafio novo e a\u00a0<a href=\"https:\/\/navasjoalheiros.com\/\"><strong><u>Navas Joalheiros<\/u><\/strong><\/a>\u00a0foi o seu suporte para cumprir esta miss\u00e3o.<\/p>\n<p>A sua maior inspira\u00e7\u00e3o para desenhar esta\u00a0<strong>cole\u00e7\u00e3o<\/strong>\u00a0foi natureza e o meio ambiente, elementos com os quais se identifica muito. Acabou por render-se aos encantos mar\u00edtimos, sendo que o design das suas\u00a0<strong>joias personalizadas<\/strong>\u00a0est\u00e1 baseado em temas mar\u00edtimos. A \u00e2ncora \u00e9 a protagonista da maioria das pe\u00e7as. Conhe\u00e7a em seguida de forma detalhada cada uma delas.<\/p>\n<p>A\u00a0<a href=\"https:\/\/navasjoalheiros.com\/pulseira-design-sofia1.html\"><strong><u>pulseira SOFIA 1<\/u><\/strong><\/a>\u00a0\u00e9 uma discreta mas bela joia de design que faz refer\u00eancia ao mundo n\u00e1utico. Conta com uma fina corrente e uma \u00e2ncora suspensa, conferindo bastante movimento ao design. Poder\u00e1 ser realizada em\u00a0<strong>Prata de Primeira Lei<\/strong>\u00a0ou em\u00a0<strong>Ouro de Primeira Lei<\/strong>, nos diferentes tons dispon\u00edveis: prateado, dourado, rosa.<\/p>\n<p style=\"text-align: center\"><a href=\"https:\/\/navasjoyeros.com\/pt\/blog\/wp-content\/uploads\/sites\/3\/2017\/10\/pulsera-ancla.jpg\"><img loading=\"lazy\" decoding=\"async\" class=\"alignnone wp-image-3521\" src=\"https:\/\/navasjoyeros.com\/pt\/blog\/wp-content\/uploads\/sites\/3\/2017\/10\/pulsera-ancla-300x298.jpg\" alt=\"navas icons\" width=\"404\" height=\"402\" srcset=\"https:\/\/navasjoyeros.com\/pt\/blog\/wp-content\/uploads\/2017\/10\/pulsera-ancla-300x298.jpg 300w, https:\/\/navasjoyeros.com\/pt\/blog\/wp-content\/uploads\/2017\/10\/pulsera-ancla-150x150.jpg 150w, https:\/\/navasjoyeros.com\/pt\/blog\/wp-content\/uploads\/2017\/10\/pulsera-ancla-768x763.jpg 768w, https:\/\/navasjoyeros.com\/pt\/blog\/wp-content\/uploads\/2017\/10\/pulsera-ancla-600x596.jpg 600w, https:\/\/navasjoyeros.com\/pt\/blog\/wp-content\/uploads\/2017\/10\/pulsera-ancla-400x397.jpg 400w, https:\/\/navasjoyeros.com\/pt\/blog\/wp-content\/uploads\/2017\/10\/pulsera-ancla.jpg 888w\" sizes=\"auto, (max-width: 404px) 100vw, 404px\" \/><\/a><\/p>\n<p>O\u00a0<a href=\"https:\/\/navasjoalheiros.com\/anel-design-sofia2.html\"><strong><u>anel de design SOFIA 2<\/u><\/strong><\/a>\u00a0\u00e9 um anel muito original, que para al\u00e9m de ter a \u00e2ncora como motivo central, conta com um trabalhado ao longo do aro do pr\u00f3prio anel que imita um formato de corda de marinheiro. Esta pe\u00e7a carregada de detalhes poder\u00e1 tamb\u00e9m ser adquirida em todas as op\u00e7\u00f5es de material de fabrico e de cor que as restantes da cole\u00e7\u00e3o.<\/p>\n<p style=\"text-align: center\"><a href=\"https:\/\/navasjoyeros.com\/pt\/blog\/wp-content\/uploads\/sites\/3\/2017\/10\/sofia-2.jpg\"><img loading=\"lazy\" decoding=\"async\" class=\"alignnone wp-image-3522\" src=\"https:\/\/navasjoyeros.com\/pt\/blog\/wp-content\/uploads\/sites\/3\/2017\/10\/sofia-2-300x295.jpg\" alt=\"navas icons\" width=\"398\" height=\"392\" srcset=\"https:\/\/navasjoyeros.com\/pt\/blog\/wp-content\/uploads\/2017\/10\/sofia-2-300x295.jpg 300w, https:\/\/navasjoyeros.com\/pt\/blog\/wp-content\/uploads\/2017\/10\/sofia-2-768x756.jpg 768w, https:\/\/navasjoyeros.com\/pt\/blog\/wp-content\/uploads\/2017\/10\/sofia-2-600x591.jpg 600w, https:\/\/navasjoyeros.com\/pt\/blog\/wp-content\/uploads\/2017\/10\/sofia-2-400x394.jpg 400w, https:\/\/navasjoyeros.com\/pt\/blog\/wp-content\/uploads\/2017\/10\/sofia-2.jpg 896w\" sizes=\"auto, (max-width: 398px) 100vw, 398px\" \/><\/a><\/p>\n<p>A \u00faltima pe\u00e7a desta <strong>cole\u00e7\u00e3o de joalharia personalizada<\/strong>\u00a0que conta com uma <strong>\u00e2ncora<\/strong> como estrela do design, \u00e9 o\u00a0<a href=\"https:\/\/navasjoalheiros.com\/colar-design-sofia3.html\"><strong><u>colar SOFIA 3<\/u><\/strong><\/a>, realizado com as mais desenvolvidas t\u00e9cnicas de fabrico, \u00e9 uma maravilhosa pe\u00e7a que conta com uma <strong>\u00e2ncora<\/strong> com corda entrela\u00e7ada.<\/p>\n<p style=\"text-align: center\"><a href=\"https:\/\/navasjoyeros.com\/pt\/blog\/wp-content\/uploads\/sites\/3\/2017\/10\/collar-sofia-2.jpg\"><img loading=\"lazy\" decoding=\"async\" class=\"alignnone wp-image-3523\" src=\"https:\/\/navasjoyeros.com\/pt\/blog\/wp-content\/uploads\/sites\/3\/2017\/10\/collar-sofia-2-280x300.jpg\" alt=\"navas icons\" width=\"409\" height=\"439\" srcset=\"https:\/\/navasjoyeros.com\/pt\/blog\/wp-content\/uploads\/2017\/10\/collar-sofia-2-280x300.jpg 280w, https:\/\/navasjoyeros.com\/pt\/blog\/wp-content\/uploads\/2017\/10\/collar-sofia-2-400x429.jpg 400w, https:\/\/navasjoyeros.com\/pt\/blog\/wp-content\/uploads\/2017\/10\/collar-sofia-2-300x322.jpg 300w, https:\/\/navasjoyeros.com\/pt\/blog\/wp-content\/uploads\/2017\/10\/collar-sofia-2.jpg 426w\" sizes=\"auto, (max-width: 409px) 100vw, 409px\" \/><\/a><\/p>\n<p>Por \u00faltimo, apresentamos-lhe o\u00a0<a href=\"https:\/\/navasjoalheiros.com\/anel-design-sofia4.html\"><strong><u>anel SOFIA 4<\/u>\u00a0<\/strong><\/a>que segue as \u00faltimas tend\u00eancias de moda formando um\u00a0<strong>anel triple<\/strong>\u00a0com bastante altura. O desenho da pe\u00e7a \u00e9 apenas inspirado em corda mar\u00edtima, formando uma <strong>joia<\/strong> elaborada mas que se adapta na perfei\u00e7\u00e3o a looks de dia-a-dia.<\/p>\n<h3 style=\"text-align: center\"><a href=\"https:\/\/navasjoyeros.com\/pt\/blog\/wp-content\/uploads\/sites\/3\/2017\/10\/anel-sofia-3-1.jpg\"><img loading=\"lazy\" decoding=\"async\" class=\"alignnone wp-image-3525\" src=\"https:\/\/navasjoyeros.com\/pt\/blog\/wp-content\/uploads\/sites\/3\/2017\/10\/anel-sofia-3-1-300x289.jpg\" alt=\"navas icons\" width=\"362\" height=\"349\" srcset=\"https:\/\/navasjoyeros.com\/pt\/blog\/wp-content\/uploads\/2017\/10\/anel-sofia-3-1-300x289.jpg 300w, https:\/\/navasjoyeros.com\/pt\/blog\/wp-content\/uploads\/2017\/10\/anel-sofia-3-1-768x740.jpg 768w, https:\/\/navasjoyeros.com\/pt\/blog\/wp-content\/uploads\/2017\/10\/anel-sofia-3-1-600x578.jpg 600w, https:\/\/navasjoyeros.com\/pt\/blog\/wp-content\/uploads\/2017\/10\/anel-sofia-3-1-400x386.jpg 400w, https:\/\/navasjoyeros.com\/pt\/blog\/wp-content\/uploads\/2017\/10\/anel-sofia-3-1.jpg 885w\" sizes=\"auto, (max-width: 362px) 100vw, 362px\" \/><\/a><\/h3>\n<h3><strong>Mas o que s\u00e3o as cole\u00e7\u00f5es NAVAS ICONS?<\/strong><\/h3>\n<p>Revel\u00e1mos recentemente que vamos renovar completamente o nosso estilo acrescentando cole\u00e7\u00f5es mais modenas ao nosso\u00a0<a href=\"https:\/\/navasjoalheiros.com\/catalogo.html?dir=asc&amp;order=position\"><strong><u>cat\u00e1logo de joalharia online<\/u><\/strong><\/a>. As joias ser\u00e3o desenhadas pelas pr\u00f3prias influencers e bloggers de moda de destaque em Portugal, com v\u00e1rias cole\u00e7\u00f5es distintas que est\u00e3o prestes a ser lan\u00e7adas.<\/p>\n<p>As joias das cole\u00e7\u00f5es ser\u00e3o elaboradas em\u00a0<strong>Prata de Primeira Lei<\/strong>\u00a0ou\u00a0<strong>Ouro de Primeira Lei<\/strong>\u00a0e com gemas preciosas de qualidade.\u00a0 Cada joia das\u00a0<a href=\"https:\/\/navasjoalheiros.com\/colecoes-14\/navas-icons.html?dir=asc&amp;order=price\"><strong><u>NAVAS ICONS<\/u><\/strong><\/a>\u00a0que colaboram no projeto, reflete o seu estilo e personalidade.<\/p>\n<p>Todas as\u00a0<strong>joias<\/strong>\u00a0das cole\u00e7\u00f5es inclu\u00eddas neste projeto, t\u00eam todas as garantias e vantagens p\u00f3s-venda pr\u00f3prias da nossa marca, como a garantia vital\u00edcia sobre defeitos de fabrico, garantia sobre defeitos de crava\u00e7\u00e3o durante o primeiro ano e garantia da primeira manuten\u00e7\u00e3o gratuita por desgaste devido ao\u00a0 uso normal da pe\u00e7a.<\/p>\n<p>Al\u00e9m disso, por acordo entre as diferentes influencers e a nossa marca\u00a0<strong>Navas Joalheiros<\/strong>, reduzimos ao m\u00e1ximo os custos de fabrico, sem reduzir o grau de qualidade, pelo que oferecemos as\u00a0<strong>joias<\/strong>\u00a0destas cole\u00e7\u00f5es a um pre\u00e7o muito acess\u00edvel.<\/p>\n<p>Cada uma das nossas\u00a0<strong>NAVAS ICONS<\/strong>\u00a0ter\u00e1 ao seu dispor todos os meios necess\u00e1rios e o suporte t\u00e9cnico para poder desenhar e desenvolver a sua cole\u00e7\u00e3o, assim como uma plataforma de venda segura de eCommerce.<a href=\"https:\/\/navasjoyeros.com\/pt\/blog\/wp-content\/uploads\/sites\/3\/2017\/10\/anel-sofia-2-navas.jpg\"><img loading=\"lazy\" decoding=\"async\" class=\"wp-image-3526 aligncenter\" src=\"https:\/\/navasjoyeros.com\/pt\/blog\/wp-content\/uploads\/sites\/3\/2017\/10\/anel-sofia-2-navas-300x300.jpg\" alt=\"navas joalheiros\" width=\"460\" height=\"460\" srcset=\"https:\/\/navasjoyeros.com\/pt\/blog\/wp-content\/uploads\/2017\/10\/anel-sofia-2-navas-300x301.jpg 300w, https:\/\/navasjoyeros.com\/pt\/blog\/wp-content\/uploads\/2017\/10\/anel-sofia-2-navas-150x150.jpg 150w, https:\/\/navasjoyeros.com\/pt\/blog\/wp-content\/uploads\/2017\/10\/anel-sofia-2-navas-400x401.jpg 400w, https:\/\/navasjoyeros.com\/pt\/blog\/wp-content\/uploads\/2017\/10\/anel-sofia-2-navas.jpg 641w\" sizes=\"auto, (max-width: 460px) 100vw, 460px\" \/><\/a><\/p>\n<p>Fiquem atentos porque daremos mais not\u00edcias sobre da\u00a0<strong>cole\u00e7\u00e3o de joalharia<\/strong>\u00a0da criadora do blog\u00a0<strong><a href=\"http:\/\/diariodeumbatom.com\/\"><u>Di\u00e1rio de um Batom<\/u><\/a>\u00a0\u00a0<\/strong>que poder\u00e1 encontrar no Instagram<strong>\u00a0como @<u><a href=\"https:\/\/www.instagram.com\/diariodeumbatom\/\">diariodeumbatom<\/a>.<\/u><\/strong>\u00a0Siga a nossa p\u00e1gina de\u00a0<a href=\"https:\/\/www.facebook.com\/navas.joalheiros\/?ref=settings\"><strong><u>facebook Navas Joalheiros<\/u><\/strong><\/a>\u00a0para estar sempre atualizado sobre as nossas \u00faltimas not\u00edcias.<\/p>\n","protected":false},"excerpt":{"rendered":"<p>Hoje \u00e9 o DIA MUNDIAL DOS OCEANOS e com o Ver\u00e3o quase quase a chegar esta \u00e9 a oportunidade ideal para rccordar-vos que temos a cole\u00e7\u00e3o perfeira para acompanhar os seus look desta esta\u00e7\u00e3o. Como sabem uma das estrelas das nossas Navas Icons \u00e9 a Sofia Novais de Paula,\u00a0autora do blog\u00a0Di\u00e1rio de Um Batom, onde [&hellip;]<\/p>\n","protected":false},"author":5,"featured_media":3527,"comment_status":"closed","ping_status":"closed","sticky":false,"template":"","format":"standard","meta":{"footnotes":""},"categories":[2307],"tags":[],"class_list":["post-3520","post","type-post","status-publish","format-standard","has-post-thumbnail","hentry","category-nossos-clientes"],"_links":{"self":[{"href":"https:\/\/navasjoyeros.com\/pt\/blog\/wp-json\/wp\/v2\/posts\/3520","targetHints":{"allow":["GET"]}}],"collection":[{"href":"https:\/\/navasjoyeros.com\/pt\/blog\/wp-json\/wp\/v2\/posts"}],"about":[{"href":"https:\/\/navasjoyeros.com\/pt\/blog\/wp-json\/wp\/v2\/types\/post"}],"author":[{"embeddable":true,"href":"https:\/\/navasjoyeros.com\/pt\/blog\/wp-json\/wp\/v2\/users\/5"}],"replies":[{"embeddable":true,"href":"https:\/\/navasjoyeros.com\/pt\/blog\/wp-json\/wp\/v2\/comments?post=3520"}],"version-history":[{"count":1,"href":"https:\/\/navasjoyeros.com\/pt\/blog\/wp-json\/wp\/v2\/posts\/3520\/revisions"}],"predecessor-version":[{"id":4230,"href":"https:\/\/navasjoyeros.com\/pt\/blog\/wp-json\/wp\/v2\/posts\/3520\/revisions\/4230"}],"wp:featuredmedia":[{"embeddable":true,"href":"https:\/\/navasjoyeros.com\/pt\/blog\/wp-json\/wp\/v2\/media\/3527"}],"wp:attachment":[{"href":"https:\/\/navasjoyeros.com\/pt\/blog\/wp-json\/wp\/v2\/media?parent=3520"}],"wp:term":[{"taxonomy":"category","embeddable":true,"href":"https:\/\/navasjoyeros.com\/pt\/blog\/wp-json\/wp\/v2\/categories?post=3520"},{"taxonomy":"post_tag","embeddable":true,"href":"https:\/\/navasjoyeros.com\/pt\/blog\/wp-json\/wp\/v2\/tags?post=3520"}],"curies":[{"name":"wp","href":"https:\/\/api.w.org\/{rel}","templated":true}]}}