{"id":3043,"date":"2017-03-27T10:48:33","date_gmt":"2017-03-27T09:48:33","guid":{"rendered":"https:\/\/navasjoyeros.com\/pt\/blog\/?p=3043"},"modified":"2017-03-27T12:25:46","modified_gmt":"2017-03-27T11:25:46","slug":"pedido-casamento-julia-belard-na-praia","status":"publish","type":"post","link":"https:\/\/navasjoyeros.com\/pt\/blog\/pedido-casamento-julia-belard-na-praia\/","title":{"rendered":"Pedido de casamento de Julia Belard na praia"},"content":{"rendered":"<p>J\u00e1 chegou a Primavera e pouco a pouco os dias mais quentes j\u00e1 se deixam ver. Com a chegada desta temporada s\u00e3o cada vez mais os planos rom\u00e2nticos a dois e os <strong>pedidos de casamento<\/strong> ao ar livre.<\/p>\n<p>J\u00falia Belard, de 28 anos, foi pedida em <strong>casamento<\/strong> pelo namorado Francisco S\u00e9rvulo Correia, piloto de avi\u00f5es de 30 anos. Foi num fim de semana rom\u00e2ntico na praia que a actriz ficou <strong>noiva<\/strong> e a sua felicidade n\u00e3o passa despercebida. O dia 18 de Mar\u00e7o ser\u00e1 para sempre uma data inesquec\u00edvel para o casal que j\u00e1 est\u00e1 junto h\u00e1 cerca de dois anos.<img loading=\"lazy\" decoding=\"async\" class=\"aligncenter wp-image-3045\" src=\"https:\/\/navasjoyeros.com\/pt\/blog\/wp-content\/uploads\/sites\/3\/2017\/03\/julia-300x289.jpg\" alt=\"pedido-casamento-julia-belard\" width=\"338\" height=\"326\" srcset=\"https:\/\/navasjoyeros.com\/pt\/blog\/wp-content\/uploads\/2017\/03\/julia-300x289.jpg 300w, https:\/\/navasjoyeros.com\/pt\/blog\/wp-content\/uploads\/2017\/03\/julia-400x386.jpg 400w, https:\/\/navasjoyeros.com\/pt\/blog\/wp-content\/uploads\/2017\/03\/julia.jpg 599w\" sizes=\"auto, (max-width: 338px) 100vw, 338px\" \/><\/p>\n<p>Nas redes sociais o casal deixou claro o seu entusiasmo com a nova etapa na qual est\u00e3o a entrar juntos. Na descri\u00e7\u00e3o da foto que a actriz publicou, na qual anunciava o <strong>pedido de casamento<\/strong>, estava escrito: &#8220;Claro que aceito, amor da minha vida! Let&#8217;s begin our journey&#8221;. A \u00faltima frase da descri\u00e7\u00e3o da foto est\u00e1 escrita em ingl\u00eas e traduzida significaria \u201cVamos come\u00e7ar a nossa jornada\u201d.<\/p>\n<p>Julia Belard, que se tornou famosa devido \u00e0 sua participa\u00e7\u00e3o no elenco principal da 5\u00aa edi\u00e7\u00e3o da telenovela juvenil da Tvi \u201cMorangos com A\u00e7\u00facar\u201d, \u00e9 hoje uma mulher feita que desperta a inveja de muitos pelo seu matador olhar verde. Actualmente podemos v\u00ea-la na s\u00e9rie da RTP \u201cMi\u00fado Gra\u00fado\u201d<\/p>\n<p>Inserida no meio das mais reconhecidas figuras p\u00fablicas jovens, Mariana Monteiro \u00e9 por exemplo uma das caras famosas que felicita a colega Julia Belard numa das publica\u00e7\u00f5es em que exibe orgulhosa o seu <strong>anel de noivado com diamantes<\/strong>.<img loading=\"lazy\" decoding=\"async\" class=\"aligncenter wp-image-3046\" src=\"https:\/\/navasjoyeros.com\/pt\/blog\/wp-content\/uploads\/sites\/3\/2017\/03\/julia-2-300x290.jpg\" alt=\"casamento-julia-belard\" width=\"389\" height=\"376\" srcset=\"https:\/\/navasjoyeros.com\/pt\/blog\/wp-content\/uploads\/2017\/03\/julia-2-300x290.jpg 300w, https:\/\/navasjoyeros.com\/pt\/blog\/wp-content\/uploads\/2017\/03\/julia-2-400x387.jpg 400w, https:\/\/navasjoyeros.com\/pt\/blog\/wp-content\/uploads\/2017\/03\/julia-2.jpg 596w\" sizes=\"auto, (max-width: 389px) 100vw, 389px\" \/><\/p>\n<p>O <strong>anel de noivado<\/strong> e a forma como \u00e9 realizado o <strong>pedido de casamento<\/strong> s\u00e3o detalhes que marcam a vida de uma mulher. A actriz j\u00e1 tinha comentado a revistas anteriormente que queria casar-se pela igreja, esperaremos ansiosamente para ver como vai ser a celebra\u00e7\u00e3o deste apaixonado casal.<\/p>\n<h3><strong>Encontre o anel de noivado ideal para um pedido de casamento de Primavera<\/strong><\/h3>\n<p>Se tamb\u00e9m est\u00e1 a preparar um rom\u00e2ntico <strong>pedido de casamento de Primavera<\/strong> queremos sugerir-lhe alguns modelos que s\u00e3o os favoritos desta temporada que n\u00e3o pode deixar de ver.<\/p>\n<p>Os <strong>an\u00e9is de noivado com pedras preciosas de cor<\/strong> s\u00e3o cada vez uma tend\u00eancia de moda com mais for\u00e7a mas os modelos que lhe sugerimos seguem a tend\u00eancia do <strong>anel de noivado<\/strong> da actriz Julia Belard, uma joia muito s\u00f3bria com tons de <strong>ouro branco<\/strong> e <strong>diamantes<\/strong>.<\/p>\n<p>O nosso modelo favorito \u00e9 o <a href=\"https:\/\/navasjoalheiros.com\/replica-solitario-diamantes.html\"><strong><u>anel de noivado R\u00c9PLICA<\/u><\/strong><\/a>, que conjuga um design original mas igualmente moderno. Nesta <strong>joia<\/strong>, a <strong>pedra preciosa<\/strong> est\u00e1 engastado em 6 garras permitindo no <strong>diamante<\/strong> a reflex\u00e3o de toda a luz e brilho. Este anel caracteriza-se pelo seu conforto e pela seguran\u00e7a que transmite o engaste do diamante. \u00c9 uma pe\u00e7a ideal como <strong>anel de noivado<\/strong>.<\/p>\n<p><a href=\"https:\/\/navasjoalheiros.com\/replica-solitario-diamantes.html\"><img loading=\"lazy\" decoding=\"async\" class=\"aligncenter\" src=\"https:\/\/navasjoalheiros.com\/media\/catalog\/product\/cache\/2\/image\/535x\/040ec09b1e35df139433887a97daa66f\/s\/o\/solitario_de_diamantes_y_oro_r_plica.jpg\" alt=\"Solit\u00e1rio com diamantes R\u00c9PLICA\" width=\"288\" height=\"319\" \/><\/a><\/p>\n<p>A segunda op\u00e7\u00e3o que lhe apresentamos \u00e9 o <a href=\"https:\/\/navasjoalheiros.com\/miracle-solitario-diamantes.html\"><strong><u>modelo<\/u><\/strong><u> <strong>MIRACLE<\/strong><\/u>, <\/a>que combina um estilo tradicional e o moderno num s\u00f3 design. Este tipo de <strong>anel de noivado<\/strong> adapta-se na perfei\u00e7\u00e3o tanto para um <strong>pedido de noivado<\/strong>, como no dia-a-dia. Nesta <strong>joia<\/strong>, o <strong>diamante<\/strong> \u00e9 agarrado por 4 garras permitindo a entrada da luz em toda a sua superf\u00edcie.<\/p>\n<p><a href=\"https:\/\/navasjoalheiros.com\/miracle-solitario-diamantes.html\"><img loading=\"lazy\" decoding=\"async\" class=\"aligncenter\" src=\"https:\/\/navasjoalheiros.com\/media\/catalog\/product\/cache\/2\/image\/535x\/040ec09b1e35df139433887a97daa66f\/m\/i\/miracle_ppl_1.jpg\" alt=\"Anel de noivado de diamantes MIRACLE \" width=\"301\" height=\"334\" \/><\/a><\/p>\n<p>Em \u00faltimo lugar, queremos que conhe\u00e7am-lhe o <a href=\"https:\/\/navasjoalheiros.com\/capricho-solitario-diamantes.html\"><strong><u>anel de diamantes CAPRICHO<\/u><\/strong><\/a>, um <strong>anel de noivado<\/strong> s\u00f3brio e simples de <strong>joalharia <\/strong>tradicional. A modernidade deste design reside no seu duplo bra\u00e7o, que se bifurca na parte superior da estrutura do anel, proporcionando um duplo arco. Este tipo de designs de <strong>Navas Joalheiros<\/strong> permite a personaliza\u00e7\u00e3o do anel, gravando uma mensagem especial no seu interior.<\/p>\n<p><a href=\"https:\/\/navasjoalheiros.com\/capricho-solitario-diamantes.html\"><img loading=\"lazy\" decoding=\"async\" class=\"aligncenter\" src=\"https:\/\/navasjoalheiros.com\/media\/catalog\/product\/cache\/2\/image\/535x\/040ec09b1e35df139433887a97daa66f\/c\/a\/capricho-solitario-diamantes-principal.jpg\" alt=\"Solit\u00e1rio com diamantes CAPRICHO\" width=\"368\" height=\"408\" \/><\/a>Se est\u00e1 \u00e0 procura de um anel de noivado perfeito para esta temporada visite a nossa<a href=\"https:\/\/navasjoalheiros.com\/\"> <strong><u>joalharia online<\/u><\/strong><\/a><u>,<\/u> com um amplo e variado <a href=\"https:\/\/navasjoalheiros.com\/catalogo.html\"><strong><u>cat\u00e1logo de joalharia<\/u><\/strong>,<\/a> muito detalhado e de f\u00e1cil consulta.<\/p>\n<p><img loading=\"lazy\" decoding=\"async\" class=\" wp-image-3047 aligncenter\" src=\"https:\/\/navasjoyeros.com\/pt\/blog\/wp-content\/uploads\/sites\/3\/2017\/03\/julia-4-300x243.jpg\" alt=\"julia-belard\" width=\"374\" height=\"303\" srcset=\"https:\/\/navasjoyeros.com\/pt\/blog\/wp-content\/uploads\/2017\/03\/julia-4-300x243.jpg 300w, https:\/\/navasjoyeros.com\/pt\/blog\/wp-content\/uploads\/2017\/03\/julia-4-600x486.jpg 600w, https:\/\/navasjoyeros.com\/pt\/blog\/wp-content\/uploads\/2017\/03\/julia-4-400x324.jpg 400w, https:\/\/navasjoyeros.com\/pt\/blog\/wp-content\/uploads\/2017\/03\/julia-4.jpg 646w\" sizes=\"auto, (max-width: 374px) 100vw, 374px\" \/><\/p>\n","protected":false},"excerpt":{"rendered":"<p>J\u00e1 chegou a Primavera e pouco a pouco os dias mais quentes j\u00e1 se deixam ver. Com a chegada desta temporada s\u00e3o cada vez mais os planos rom\u00e2nticos a dois e os pedidos de casamento ao ar livre. J\u00falia Belard, de 28 anos, foi pedida em casamento pelo namorado Francisco S\u00e9rvulo Correia, piloto de avi\u00f5es [&hellip;]<\/p>\n","protected":false},"author":5,"featured_media":3044,"comment_status":"closed","ping_status":"closed","sticky":false,"template":"","format":"standard","meta":{"footnotes":""},"categories":[23],"tags":[],"class_list":["post-3043","post","type-post","status-publish","format-standard","has-post-thumbnail","hentry","category-noticias-da-joalheria"],"_links":{"self":[{"href":"https:\/\/navasjoyeros.com\/pt\/blog\/wp-json\/wp\/v2\/posts\/3043","targetHints":{"allow":["GET"]}}],"collection":[{"href":"https:\/\/navasjoyeros.com\/pt\/blog\/wp-json\/wp\/v2\/posts"}],"about":[{"href":"https:\/\/navasjoyeros.com\/pt\/blog\/wp-json\/wp\/v2\/types\/post"}],"author":[{"embeddable":true,"href":"https:\/\/navasjoyeros.com\/pt\/blog\/wp-json\/wp\/v2\/users\/5"}],"replies":[{"embeddable":true,"href":"https:\/\/navasjoyeros.com\/pt\/blog\/wp-json\/wp\/v2\/comments?post=3043"}],"version-history":[{"count":0,"href":"https:\/\/navasjoyeros.com\/pt\/blog\/wp-json\/wp\/v2\/posts\/3043\/revisions"}],"wp:featuredmedia":[{"embeddable":true,"href":"https:\/\/navasjoyeros.com\/pt\/blog\/wp-json\/wp\/v2\/media\/3044"}],"wp:attachment":[{"href":"https:\/\/navasjoyeros.com\/pt\/blog\/wp-json\/wp\/v2\/media?parent=3043"}],"wp:term":[{"taxonomy":"category","embeddable":true,"href":"https:\/\/navasjoyeros.com\/pt\/blog\/wp-json\/wp\/v2\/categories?post=3043"},{"taxonomy":"post_tag","embeddable":true,"href":"https:\/\/navasjoyeros.com\/pt\/blog\/wp-json\/wp\/v2\/tags?post=3043"}],"curies":[{"name":"wp","href":"https:\/\/api.w.org\/{rel}","templated":true}]}}