{"id":2948,"date":"2017-03-13T21:30:18","date_gmt":"2017-03-13T20:30:18","guid":{"rendered":"https:\/\/navasjoyeros.com\/pt\/blog\/?p=2948"},"modified":"2018-03-09T12:25:43","modified_gmt":"2018-03-09T11:25:43","slug":"navas-joalheiros-na-moda-lisboa","status":"publish","type":"post","link":"https:\/\/navasjoyeros.com\/pt\/blog\/navas-joalheiros-na-moda-lisboa\/","title":{"rendered":"Navas Joalheiros na Moda Lisboa"},"content":{"rendered":"<p>Decorreu em Lisboa, nos \u00faltimos dias, o evento mais esperado para os apaixonados do mundo da moda. Entre o dia 9 e o dia 12 de Mar\u00e7o, o reputado <strong>Centro Cultural de Bel\u00e9m<\/strong> recebeu a<strong> Moda Lisboa<\/strong>.<\/p>\n<p>Esta semana que re\u00fane os mais reconhecidos designers de moda, em conjunto com caras novas que est\u00e3o em ascen\u00e7\u00e3o numa sec\u00e7\u00e3o denominada Sangue Fresco, terminou ontem e foi, como acontece todos os anos, um enorme sucesso.<\/p>\n<p>Como n\u00e3o podia deixar de ser, a <strong>Navas Joalheiros<\/strong> marcou presen\u00e7a neste grande evento de moda.\u00a0A Renova foi uma das principais patrocinadoras deste evento. Com um passatempo muito colorido que se destacava de todos os stands do recinto, sem deixar ningu\u00e9m indiferente. A nossa respons\u00e1vel do departamento de Marketing aceitou o desafio e este foi o resultado!<\/p>\n<p><img loading=\"lazy\" decoding=\"async\" class=\" wp-image-2949 aligncenter\" src=\"https:\/\/navasjoyeros.com\/pt\/blog\/wp-content\/uploads\/sites\/3\/2017\/03\/renova-249x300.jpg\" alt=\"moda lisboa\" width=\"429\" height=\"517\" srcset=\"https:\/\/navasjoyeros.com\/pt\/blog\/wp-content\/uploads\/2017\/03\/renova-249x300.jpg 249w, https:\/\/navasjoyeros.com\/pt\/blog\/wp-content\/uploads\/2017\/03\/renova-600x724.jpg 600w, https:\/\/navasjoyeros.com\/pt\/blog\/wp-content\/uploads\/2017\/03\/renova-400x483.jpg 400w, https:\/\/navasjoyeros.com\/pt\/blog\/wp-content\/uploads\/2017\/03\/renova-300x362.jpg 300w, https:\/\/navasjoyeros.com\/pt\/blog\/wp-content\/uploads\/2017\/03\/renova.jpg 678w\" sizes=\"auto, (max-width: 429px) 100vw, 429px\" \/><\/p>\n<p>O t\u00edtulo desta edi\u00e7\u00e3o da Lisbon Fashion Week, na qual se lan\u00e7avam as cole\u00e7\u00f5es Outono\/Inverno de 17\/18 era <strong>Boundless<\/strong>, que traduzido para portugu\u00eas significa \u201csem limites\u201d. Este era o tema das 24 cole\u00e7\u00f5es apresentadas,. Entre os v\u00e1rios estilistas de moda de alto n\u00edvel destacamos <strong>Filipe Fa\u00edsca<\/strong> e <strong>Chistophe Sauvat<\/strong>. Tivemos o prazer de ser convidados por estes magn\u00edficos designers para estar presentes no seu desfile.<\/p>\n<p><strong>Filipe Fa\u00edsca<\/strong>, nascido em Mo\u00e7ambique em 1964, vive atualmente em Lisboa. Realizou a sua licenciatura no IADE em Design de Moda. Um dos seus primeiros trabalhos consistiu em ser assistente da reconhecida Ana Salazar. Em 2007 e em 2015 recebeu o Globo de Ouro para melhor designer de moda portugu\u00eas. Completou o ano passado 25 anos de uma carreira de excel\u00eancia, admirada por todos no sector da moda.<\/p>\n<p>Nesta edi\u00e7\u00e3o, o seu desfile destacou-se por padr\u00f5es fortes como leopardo, cores intensas como o vermelho paix\u00e3o e texturas metalizadas vibrantes.<\/p>\n<p><img loading=\"lazy\" decoding=\"async\" class=\" wp-image-2950 aligncenter\" src=\"https:\/\/navasjoyeros.com\/pt\/blog\/wp-content\/uploads\/sites\/3\/2017\/03\/filipe-faisca-200x300.jpg\" alt=\"moda lisboa filipe faisca\" width=\"280\" height=\"421\" srcset=\"https:\/\/navasjoyeros.com\/pt\/blog\/wp-content\/uploads\/2017\/03\/filipe-faisca-200x300.jpg 200w, https:\/\/navasjoyeros.com\/pt\/blog\/wp-content\/uploads\/2017\/03\/filipe-faisca-400x600.jpg 400w, https:\/\/navasjoyeros.com\/pt\/blog\/wp-content\/uploads\/2017\/03\/filipe-faisca-300x450.jpg 300w, https:\/\/navasjoyeros.com\/pt\/blog\/wp-content\/uploads\/2017\/03\/filipe-faisca.jpg 500w\" sizes=\"auto, (max-width: 280px) 100vw, 280px\" \/><\/p>\n<p style=\"text-align: center\">Fonte: Vogue<\/p>\n<p><strong>Christophe Sauvat<\/strong> recebeu v\u00e1rios pr\u00e9mios em Fran\u00e7a, tendo iniciado o seu percurso no mundo da moda desenhando rel\u00f3gios. <strong>Navas Joalheiros<\/strong> acha curioso que este designer de origem francesa tenha contactado pela primeira vez como idioma portugu\u00eas ao mudar-se para o Brasil, onde se dedicou a exportar as pulseiras de fios brasileiras que hoje em dia s\u00e3o t\u00e3o conhecidas. Agora reside em Lisboa e as suas cole\u00e7\u00f5es de roupa feminina podem ser compradas atrav\u00e9s da sua loja online, n\u00e3o s\u00f3 na Europa, como tamb\u00e9m nos Estados Unidos e, inclusivamente, em pa\u00edses asi\u00e1ticos.<\/p>\n<p>O seu estilo caracteriza-se por vestidos e acess\u00f3rios vistosos e coloridos, com v\u00e1rias texturas e padr\u00f5es. S\u00e3o pe\u00e7as isnpiradas nas experi\u00eancias multiculturais de estilista.<\/p>\n<p><img loading=\"lazy\" decoding=\"async\" class=\" wp-image-2951 aligncenter\" src=\"https:\/\/navasjoyeros.com\/pt\/blog\/wp-content\/uploads\/sites\/3\/2017\/03\/christophe-sauvat-300x225.jpg\" alt=\"moda lisboa\" width=\"444\" height=\"333\" srcset=\"https:\/\/navasjoyeros.com\/pt\/blog\/wp-content\/uploads\/2017\/03\/christophe-sauvat-300x225.jpg 300w, https:\/\/navasjoyeros.com\/pt\/blog\/wp-content\/uploads\/2017\/03\/christophe-sauvat-768x576.jpg 768w, https:\/\/navasjoyeros.com\/pt\/blog\/wp-content\/uploads\/2017\/03\/christophe-sauvat-600x450.jpg 600w, https:\/\/navasjoyeros.com\/pt\/blog\/wp-content\/uploads\/2017\/03\/christophe-sauvat-400x300.jpg 400w, https:\/\/navasjoyeros.com\/pt\/blog\/wp-content\/uploads\/2017\/03\/christophe-sauvat.jpg 800w\" sizes=\"auto, (max-width: 444px) 100vw, 444px\" \/><\/p>\n<p style=\"text-align: center\">Fonte: Lux<\/p>\n<p>O m\u00eas passado apresent\u00e1mos o nosso novo projecto de <strong>NAVAS ICONS,<\/strong> com o qual iremos criar novas cole\u00e7\u00f5es desenhadas por reconhecidas bloggers e influencers portuguesas, para potenciar cada vez mais o mundo online.<\/p>\n<p>Neste desfile tivemos ainda o enorme gosto de encontrar-nos com a <strong>Carolina Nashtai<\/strong>. Estivemos junto da estudante madeirense de fashion design, que maravilha os seus milhares de seguidores com as suas publica\u00e7\u00f5es no Instagram. Para al\u00e9m dos novos estilistas, tamb\u00e9m vamos colaborar com esta It Girl! Sigam no Instagram <span style=\"text-decoration: underline\"><a href=\"https:\/\/www.instagram.com\/carolinanashtai\/\"><strong>@carolinanashtai<\/strong><\/a><\/span>.<\/p>\n<p><a href=\"https:\/\/www.instagram.com\/carolinanashtai\/\"><img loading=\"lazy\" decoding=\"async\" class=\" wp-image-2952 aligncenter\" src=\"https:\/\/navasjoyeros.com\/pt\/blog\/wp-content\/uploads\/sites\/3\/2017\/03\/Carolina-Nashtai-296x300.jpg\" alt=\"carolina nashtai\" width=\"348\" height=\"353\" srcset=\"https:\/\/navasjoyeros.com\/pt\/blog\/wp-content\/uploads\/2017\/03\/Carolina-Nashtai-296x300.jpg 296w, https:\/\/navasjoyeros.com\/pt\/blog\/wp-content\/uploads\/2017\/03\/Carolina-Nashtai-768x778.jpg 768w, https:\/\/navasjoyeros.com\/pt\/blog\/wp-content\/uploads\/2017\/03\/Carolina-Nashtai-600x607.jpg 600w, https:\/\/navasjoyeros.com\/pt\/blog\/wp-content\/uploads\/2017\/03\/Carolina-Nashtai-400x405.jpg 400w, https:\/\/navasjoyeros.com\/pt\/blog\/wp-content\/uploads\/2017\/03\/Carolina-Nashtai-300x304.jpg 300w, https:\/\/navasjoyeros.com\/pt\/blog\/wp-content\/uploads\/2017\/03\/Carolina-Nashtai.jpg 888w\" sizes=\"auto, (max-width: 348px) 100vw, 348px\" \/><\/a><\/p>\n<p>Como v\u00eaem a <strong>Navas Joalheiros<\/strong> est\u00e1 sempre a surpreender. Fiquem atentos para saberem todas as surpresas e novas colabora\u00e7\u00f5es que estamos a preparar para voc\u00eas. Em breve teremos mais novidades sobre as nossas <strong>cole\u00e7\u00f5es de joias exclusivas<\/strong> e \u00fanicas desenhadas por pessoas muito especiais.<\/p>\n<p>E como temos novas <strong>cole\u00e7\u00f5es de joalharia<\/strong> prestes a \u201csair do forno\u201d sigam o nosso <a href=\"https:\/\/www.facebook.com\/navas.joalheiros\/\"><u>facebook<\/u><\/a> se n\u00e3o querem perder nenhuma das novidades! Para ver o nosso cat\u00e1logo completo de <strong>alta joalharia<\/strong> ao melhor pre\u00e7o do mercado visite a nossa <a href=\"https:\/\/navasjoalheiros.com\/\"><u>joalharia online<\/u><\/a>.<\/p>\n","protected":false},"excerpt":{"rendered":"<p>Decorreu em Lisboa, nos \u00faltimos dias, o evento mais esperado para os apaixonados do mundo da moda. Entre o dia 9 e o dia 12 de Mar\u00e7o, o reputado Centro Cultural de Bel\u00e9m recebeu a Moda Lisboa. Esta semana que re\u00fane os mais reconhecidos designers de moda, em conjunto com caras novas que est\u00e3o em [&hellip;]<\/p>\n","protected":false},"author":5,"featured_media":2956,"comment_status":"closed","ping_status":"closed","sticky":false,"template":"","format":"standard","meta":{"footnotes":""},"categories":[27,23],"tags":[],"class_list":["post-2948","post","type-post","status-publish","format-standard","has-post-thumbnail","hentry","category-eventos-da-joalheria","category-noticias-da-joalheria"],"_links":{"self":[{"href":"https:\/\/navasjoyeros.com\/pt\/blog\/wp-json\/wp\/v2\/posts\/2948","targetHints":{"allow":["GET"]}}],"collection":[{"href":"https:\/\/navasjoyeros.com\/pt\/blog\/wp-json\/wp\/v2\/posts"}],"about":[{"href":"https:\/\/navasjoyeros.com\/pt\/blog\/wp-json\/wp\/v2\/types\/post"}],"author":[{"embeddable":true,"href":"https:\/\/navasjoyeros.com\/pt\/blog\/wp-json\/wp\/v2\/users\/5"}],"replies":[{"embeddable":true,"href":"https:\/\/navasjoyeros.com\/pt\/blog\/wp-json\/wp\/v2\/comments?post=2948"}],"version-history":[{"count":0,"href":"https:\/\/navasjoyeros.com\/pt\/blog\/wp-json\/wp\/v2\/posts\/2948\/revisions"}],"wp:featuredmedia":[{"embeddable":true,"href":"https:\/\/navasjoyeros.com\/pt\/blog\/wp-json\/wp\/v2\/media\/2956"}],"wp:attachment":[{"href":"https:\/\/navasjoyeros.com\/pt\/blog\/wp-json\/wp\/v2\/media?parent=2948"}],"wp:term":[{"taxonomy":"category","embeddable":true,"href":"https:\/\/navasjoyeros.com\/pt\/blog\/wp-json\/wp\/v2\/categories?post=2948"},{"taxonomy":"post_tag","embeddable":true,"href":"https:\/\/navasjoyeros.com\/pt\/blog\/wp-json\/wp\/v2\/tags?post=2948"}],"curies":[{"name":"wp","href":"https:\/\/api.w.org\/{rel}","templated":true}]}}