{"id":2901,"date":"2017-02-27T16:21:27","date_gmt":"2017-02-27T15:21:27","guid":{"rendered":"https:\/\/navasjoyeros.com\/pt\/blog\/?p=2901"},"modified":"2017-02-27T16:30:53","modified_gmt":"2017-02-27T15:30:53","slug":"oscares-2017-2","status":"publish","type":"post","link":"https:\/\/navasjoyeros.com\/pt\/blog\/oscares-2017-2\/","title":{"rendered":"\u00d3scares 2017"},"content":{"rendered":"<p>Esta madrugada decorreu a gala de entrega dos pr\u00e9mios de cinema mais importantes do mundo \u2013 Os \u00d3scares. E hoje, desde<strong>\u00a0Navas Joalheiros<\/strong>,\u00a0queremos partilhar com voc\u00eas as tend\u00eancias, tanto em vestu\u00e1rio como na<strong>\u00a0alta joalharia<\/strong>\u00a0que desfilou pela passadeira vermelho deste grande evento cinematogr\u00e1fico.<\/p>\n<p><strong>Hist\u00f3ria dos \u00d3scares<\/strong><\/p>\n<p>Os<strong>\u00a0pr\u00e9mios \u00d3scares<\/strong>, tamb\u00e9m chamados<strong>\u00a0pr\u00e9mios da Academia<\/strong>, s\u00e3o realizados pela Academia das Artes e das Ci\u00eancias Cinematogr\u00e1ficas anualmente em reconhecimento da excel\u00eancia dos profissionais da ind\u00fastria do cinema. Est\u00e3o inclu\u00eddos diretores, escritores, atores, etc&#8230;<\/p>\n<p>\u00c9 o reconhecimento mais alto que se pode conseguir neste sector, pelo que \u00e9 considerada a m\u00e1xima honra.\u00a0\u00c9 designada de<strong> \u00d3scar\u00a0<\/strong>a est\u00e1tua dourada que recebem os vencedores das diferentes categorias que outorga a organiza\u00e7\u00e3o que celebra este evento de t\u00e3o elevado prest\u00edgio.<\/p>\n<p><a href=\"https:\/\/navasjoyeros.com\/pt\/blog\/wp-content\/uploads\/sites\/3\/2017\/02\/2017-oscars-89th-academy-awards_thty-300x169-1.jpg\"><img loading=\"lazy\" decoding=\"async\" class=\"wp-image-2895 aligncenter\" src=\"https:\/\/navasjoyeros.com\/pt\/blog\/wp-content\/uploads\/sites\/3\/2017\/02\/2017-oscars-89th-academy-awards_thty-300x169-1-300x169.jpg\" alt=\"oscars 2017\" width=\"430\" height=\"242\" \/><\/a><\/p>\n<p>O evento \u00e9 um dos mais proeminentes do mundo e \u00e9 transmitido ao vivo anualmente em mais de 100 pa\u00edses. Al\u00e9m disso, conta com o galard\u00e3o de ser a cerim\u00f3nia de entrega de pr\u00e9mios mais antiga nos meios de comunica\u00e7\u00e3o. O seu prest\u00edgio fez com que se criassem cerim\u00f3nias equivalentes. Na m\u00fasica existem os\u00a0pr\u00e9mios<strong> Grammy<\/strong>, no sector da televis\u00e3o os\u00a0<strong>Emmy<\/strong> e, por \u00faltimo, no teatro os\u00a0<strong>Tony<\/strong>.<\/p>\n<p>A<strong>\u00a0primeira edi\u00e7\u00e3o dos \u00d3scares<\/strong>\u00a0ocorreu no dia 16 de Maio do ano de 1929 no hotel Roosevelt em Los Angels. Este evento pretendia destacar os m\u00e9ritos cinematogr\u00e1ficos obtidos do ano de 1927 a 1928.<\/p>\n<p><strong>Que novidades nos trazem os \u00d3scares de 2017?<\/strong><\/p>\n<p>Os<strong>\u00a0\u00d3scares de 2017<\/strong> representam a octog\u00e9sima oitava cerim\u00f3nia celebrada. Apesar de que a maioria estava convencida de que, tal como aconteceu nos <strong>Globos de Ouro<\/strong>, o grande vencedor da noite seria<strong>\u00a0La La Land<\/strong>, afinal nesta \u201ccorrida\u201d ganhou o filme\u00a0<strong>Moonlight<\/strong>, que conseguiu o galard\u00e3o mais desejado por todos os nomeados da noite, o de melhor pel\u00edcula.<\/p>\n<p>Mas, sem d\u00favida que todos os olhares da noite se fixaram na espetacular\u00a0<strong>Emma Stone,<\/strong>\u00a0com um vestido da\u00a0<strong>alta costura de Givenchy.<\/strong>\u00a0Se por algo se destaca esta grande actriz \u00e9 por ser muito recatada na escolha das suas <strong>joias.<\/strong>\u00a0Mas neste grande evento, todos os olhares estavam sobre a vencedora do<strong> \u00d3scar para melhor actriz, que escolheu <\/strong>uns\u00a0<strong>brincos compridos <\/strong>dignos da ocasi\u00e3o.<\/p>\n<p><img loading=\"lazy\" decoding=\"async\" class=\"wp-image-6234 aligncenter\" src=\"https:\/\/navasjoyeros.com\/es\/blog\/wp-content\/uploads\/2017\/02\/oscars-red-carpet-1758-emma-stone-superJumbo-v3-200x300.jpg\" alt=\"oscars 2017\" width=\"297\" height=\"446\" \/><\/p>\n<p>A maravilhosa<strong>\u00a0Janelle Monae,<\/strong>\u00a0actriz de\u00a0<strong>Moonlight,<\/strong>\u00a0\u00e9 a revela\u00e7\u00e3o do cinema este ano. Para este momento t\u00e3o importante na sua carreira, deslumbrou com um maravilhoso <strong>vestido comprido, <\/strong>com muito volume e bastante vistoso<strong>. <\/strong>Optou por utilizar como \u00fanico acess\u00f3rio uma bandolete, j\u00e1 que o vestido em si j\u00e1 \u00e9 suficientemente potente e mais joias poderiam sobrecarregar o look.<\/p>\n<p><img loading=\"lazy\" decoding=\"async\" class=\"aligncenter wp-image-6235\" src=\"https:\/\/navasjoyeros.com\/es\/blog\/wp-content\/uploads\/2017\/02\/1488148753_288469_1488157071_album_normal-208x300.jpg\" alt=\"\u00f3scares 2017\" width=\"292\" height=\"421\" \/><\/p>\n<p>Mas sem d\u00favida alguma, em<strong>\u00a0Navas Joalheiros<\/strong>\u00a0estamos apaixonados do incr\u00edvel vestido que escolheu utilizar na cerim\u00f3nia a<strong>\u00a0<\/strong>vencedora para<strong> Melhor Actriz Secund\u00e1ria, Viola Davis. <\/strong>Trata-se de um vestido\u00a0Armani vermelho acompanhado, muito acertadamente, por uma pulseira em\u00a0<strong>ouro amarelo de Primeira Lei.<\/strong>\u00a0Como j\u00e1 lhe cont\u00e1mos\u00a0anteriormente, o<strong>\u00a0ouro amarelo<\/strong>\u00a0volta com muita for\u00e7a e \u00e9 o melhor exemplo de como utiliz\u00e1-lo com um invej\u00e1vel vestido vermelho!<\/p>\n<p><img loading=\"lazy\" decoding=\"async\" class=\"wp-image-6237 aligncenter\" src=\"https:\/\/navasjoyeros.com\/es\/blog\/wp-content\/uploads\/2017\/02\/viola-0150e0e2-04e2-42ce-9dcc-c555041bd008-196x300.jpg\" alt=\"\u00f3scares 2017\" width=\"293\" height=\"448\" \/><\/p>\n<p><strong>Navas Joalheiros<\/strong>\u00a0estava muito atento a todas as<strong> joias<\/strong>\u00a0que passaram pelo tapete vermelho dos<strong>\u00a0\u00d3scares de 2017<\/strong>. Esteja atento\u00a0j\u00e1 que continuamente iremos incorporar novas joias na nossa<a href=\"https:\/\/navasjoalheiros.com\/\"> <strong><u>joalharia online<\/u><\/strong><\/a> e talvez encontre o modelo de que tamb\u00e9m se apaixonou na gala dos <strong>\u00d3scares 2017<\/strong>.<\/p>\n<p>Queremos recordar que a nossa ourivesaria, com f\u00e1brica pr\u00f3pria no Norte de It\u00e1lia, oferece aos seus clientes um servi\u00e7o que possibilita a cria\u00e7\u00e3o de joias personalizadas ao seu gosto. Isto quer dizer que para que tenha a joia que sempre sonhou ter, simplesmente ter\u00e1 que enviar-nos uma foto ou um desenho de um modelo que deseja recriar. Os nossos designers, em conjunto com os nossos t\u00e9cnicos profissionais, realizar\u00e3o a joia de acordo com as suas indica\u00e7\u00f5es!<\/p>\n","protected":false},"excerpt":{"rendered":"<p>Esta madrugada decorreu a gala de entrega dos pr\u00e9mios de cinema mais importantes do mundo \u2013 Os \u00d3scares. E hoje, desde\u00a0Navas Joalheiros,\u00a0queremos partilhar com voc\u00eas as tend\u00eancias, tanto em vestu\u00e1rio como na\u00a0alta joalharia\u00a0que desfilou pela passadeira vermelho deste grande evento cinematogr\u00e1fico. Hist\u00f3ria dos \u00d3scares Os\u00a0pr\u00e9mios \u00d3scares, tamb\u00e9m chamados\u00a0pr\u00e9mios da Academia, s\u00e3o realizados pela Academia das [&hellip;]<\/p>\n","protected":false},"author":5,"featured_media":2897,"comment_status":"closed","ping_status":"closed","sticky":false,"template":"","format":"standard","meta":{"footnotes":""},"categories":[27,23],"tags":[],"class_list":["post-2901","post","type-post","status-publish","format-standard","has-post-thumbnail","hentry","category-eventos-da-joalheria","category-noticias-da-joalheria"],"_links":{"self":[{"href":"https:\/\/navasjoyeros.com\/pt\/blog\/wp-json\/wp\/v2\/posts\/2901","targetHints":{"allow":["GET"]}}],"collection":[{"href":"https:\/\/navasjoyeros.com\/pt\/blog\/wp-json\/wp\/v2\/posts"}],"about":[{"href":"https:\/\/navasjoyeros.com\/pt\/blog\/wp-json\/wp\/v2\/types\/post"}],"author":[{"embeddable":true,"href":"https:\/\/navasjoyeros.com\/pt\/blog\/wp-json\/wp\/v2\/users\/5"}],"replies":[{"embeddable":true,"href":"https:\/\/navasjoyeros.com\/pt\/blog\/wp-json\/wp\/v2\/comments?post=2901"}],"version-history":[{"count":0,"href":"https:\/\/navasjoyeros.com\/pt\/blog\/wp-json\/wp\/v2\/posts\/2901\/revisions"}],"wp:featuredmedia":[{"embeddable":true,"href":"https:\/\/navasjoyeros.com\/pt\/blog\/wp-json\/wp\/v2\/media\/2897"}],"wp:attachment":[{"href":"https:\/\/navasjoyeros.com\/pt\/blog\/wp-json\/wp\/v2\/media?parent=2901"}],"wp:term":[{"taxonomy":"category","embeddable":true,"href":"https:\/\/navasjoyeros.com\/pt\/blog\/wp-json\/wp\/v2\/categories?post=2901"},{"taxonomy":"post_tag","embeddable":true,"href":"https:\/\/navasjoyeros.com\/pt\/blog\/wp-json\/wp\/v2\/tags?post=2901"}],"curies":[{"name":"wp","href":"https:\/\/api.w.org\/{rel}","templated":true}]}}