{"id":2767,"date":"2017-02-08T18:06:51","date_gmt":"2017-02-08T17:06:51","guid":{"rendered":"https:\/\/navasjoyeros.com\/pt\/blog\/?p=2767"},"modified":"2017-02-22T18:11:39","modified_gmt":"2017-02-22T17:11:39","slug":"aneis-de-noivado-de-victoria-beckham","status":"publish","type":"post","link":"https:\/\/navasjoyeros.com\/pt\/blog\/aneis-de-noivado-de-victoria-beckham\/","title":{"rendered":"An\u00e9is de noivado de Victoria Beckham"},"content":{"rendered":"<p>O casal \u201cposh &amp; becks\u201d \u00e9 dos que tem mais import\u00e2ncia medi\u00e1tica. \u00a0Assim s\u00e3o carinhosamente chamados pelos seus f\u00e3s Victoria e David e Beckham, que se casaram h\u00e1 17 anos. A quantidade de <strong>an\u00e9is de noivado<\/strong> que Victoria acumulou ao longo dos \u00faltimos anos \u00e9 internacionalmente reconhecida.<\/p>\n<p>Entre <strong>joias com grandes diamantes<\/strong>, a <strong>an\u00e9is com pedras preciosas de cor<\/strong> como <strong>safiras<\/strong>, <strong>rubis<\/strong> ou <strong>esmeraldas<\/strong>, a ex- spice girl reuniu um <strong>set de<\/strong> <strong>joalharia<\/strong> impressionante que \u00e9 a inveja de muitas mulheres.<\/p>\n<h3>Victoria e David Beckham renovam os seus votos de casamento<\/h3>\n<p>Depois de um <strong>matrim\u00f3nio\u00a0<\/strong>de quase duas d\u00e9cadas, os Beckham renovaram recentemente os seus <strong>votos de casamento<\/strong>, h\u00e1 cerca de uma semana.<\/p>\n<p>Foi numa entrevista \u00e0 r\u00e1dio brit\u00e2nica BBC RADIO 4, que o ex-futebolista de 41 anos nos contou algum detalhe sobre como festejaram esta data t\u00e3o especial para o casal. Confessou que se tratou de uma celebra\u00e7\u00e3o muito discreta e privada, que decorreu na sua casa, com cerca de seis convidados muito pr\u00f3ximos da fam\u00edlia.<\/p>\n<p>David comentou ainda que sempre souberam ultrapassar os maus momentos juntos. \u00a0&#8220;Ambos temos pais fortes. Fomos educados com os valores certos. Claro que cometemos erros ao longo dos anos. E todos sabemos que o casamento \u00e9 dif\u00edcil. Mas trata-se de contornar os maus momentos&#8221;.<\/p>\n<p>Na entrevista comentou ainda sobre a sua rela\u00e7\u00e3o com Victoria: &#8220;Estamos juntos porque nos amamos, porque temos quatro filhos maravilhosos. J\u00e1 pass\u00e1mos por momentos dif\u00edceis, mas sempre unidos, em fam\u00edlia\u201d.<\/p>\n<p><img loading=\"lazy\" decoding=\"async\" class=\"wp-image-2768 aligncenter\" src=\"https:\/\/navasjoyeros.com\/pt\/blog\/wp-content\/uploads\/sites\/3\/2017\/02\/david-300x186.jpg\" alt=\"noivado\" width=\"607\" height=\"376\" srcset=\"https:\/\/navasjoyeros.com\/pt\/blog\/wp-content\/uploads\/2017\/02\/david-300x186.jpg 300w, https:\/\/navasjoyeros.com\/pt\/blog\/wp-content\/uploads\/2017\/02\/david-768x476.jpg 768w, https:\/\/navasjoyeros.com\/pt\/blog\/wp-content\/uploads\/2017\/02\/david-600x372.jpg 600w, https:\/\/navasjoyeros.com\/pt\/blog\/wp-content\/uploads\/2017\/02\/david-400x248.jpg 400w, https:\/\/navasjoyeros.com\/pt\/blog\/wp-content\/uploads\/2017\/02\/david.jpg 932w\" sizes=\"auto, (max-width: 607px) 100vw, 607px\" \/><\/p>\n<p>Acima apresentamos uma foto que David publicou no seu Instagram h\u00e1 cinco semanas, como desejo de ano novo para os seus seguidores. E recordamos que deste casamento j\u00e1 foram fruto de quatro crian\u00e7as.\u00a0Brooklyn de 17 anos, Romeo de\u00a014 anos, Cruz com 11 anos e a filha mais nova, com apenas cinco anos, Harper.<\/p>\n<h3>Casamento de sonho dos Beckham<\/h3>\n<p>O casal conheceu-se durante um jogo de futebol do Manchester United, a equipa para a qual David jogava na altura, em 1997. O an\u00fancio do <strong>noivado<\/strong> n\u00e3o demorou muito tempo a chegar. Um ano depois j\u00e1 era oficial.<\/p>\n<p>Com a recente not\u00edcia de que iam renovar os seus votos, as fotos do seu <strong>casamento<\/strong> em 1999, na Irlanda, come\u00e7aram a reaparecer por toda a internet. Fotos que no ano de 2014 e no ano de 2016 tinham sido publicadas pelo casal nas suas p\u00e1ginas de Instagram.<\/p>\n<p>Ao contr\u00e1rio da sua renova\u00e7\u00e3o de votos, que foi extremamente discreta, o dia do seu <strong>casamento<\/strong> foi como o de um conto de fadas. Bastante intenso e vistoso, tal como podemos verificar nas fotos abaixo apresentadas.<\/p>\n<p><img loading=\"lazy\" decoding=\"async\" class=\"alignnone wp-image-2769 alignleft\" src=\"https:\/\/navasjoyeros.com\/pt\/blog\/wp-content\/uploads\/sites\/3\/2017\/02\/david-2-228x300.jpg\" alt=\"noivado\" width=\"341\" height=\"449\" srcset=\"https:\/\/navasjoyeros.com\/pt\/blog\/wp-content\/uploads\/2017\/02\/david-2-228x300.jpg 228w, https:\/\/navasjoyeros.com\/pt\/blog\/wp-content\/uploads\/2017\/02\/david-2-600x788.jpg 600w, https:\/\/navasjoyeros.com\/pt\/blog\/wp-content\/uploads\/2017\/02\/david-2-400x525.jpg 400w, https:\/\/navasjoyeros.com\/pt\/blog\/wp-content\/uploads\/2017\/02\/david-2-300x394.jpg 300w, https:\/\/navasjoyeros.com\/pt\/blog\/wp-content\/uploads\/2017\/02\/david-2.jpg 622w\" sizes=\"auto, (max-width: 341px) 100vw, 341px\" \/> \u00a0 \u00a0 \u00a0 \u00a0 \u00a0\u00a0<img loading=\"lazy\" decoding=\"async\" class=\"alignnone wp-image-2770 aligncenter\" src=\"https:\/\/navasjoyeros.com\/pt\/blog\/wp-content\/uploads\/sites\/3\/2017\/02\/david-3-199x300.jpg\" alt=\"david-3\" width=\"291\" height=\"438\" srcset=\"https:\/\/navasjoyeros.com\/pt\/blog\/wp-content\/uploads\/2017\/02\/david-3-199x300.jpg 199w, https:\/\/navasjoyeros.com\/pt\/blog\/wp-content\/uploads\/2017\/02\/david-3-400x603.jpg 400w, https:\/\/navasjoyeros.com\/pt\/blog\/wp-content\/uploads\/2017\/02\/david-3-300x452.jpg 300w, https:\/\/navasjoyeros.com\/pt\/blog\/wp-content\/uploads\/2017\/02\/david-3.jpg 541w\" sizes=\"auto, (max-width: 291px) 100vw, 291px\" \/><\/p>\n<h3>Cole\u00e7\u00e3o de an\u00e9is de noivado de Victoria Beckham<\/h3>\n<p>Como referimos antes, Victoria tem uma <strong>cole\u00e7\u00e3o de 13 an\u00e9is de noivado<\/strong>. Vamos apresentar-vos os nossos favoritos. Come\u00e7amos pelos <strong>an\u00e9is com cl\u00e1ssicos<\/strong> <strong>diamantes solit\u00e1rios<\/strong>. No entanto, nos an\u00e9is da designer n\u00e3o encontramos nada de tradicional, j\u00e1 que o tamanho do diamante central \u00e9 bastante grande.<\/p>\n<p><img loading=\"lazy\" decoding=\"async\" class=\" wp-image-2772 aligncenter\" src=\"https:\/\/navasjoyeros.com\/pt\/blog\/wp-content\/uploads\/sites\/3\/2017\/02\/victoria.png\" alt=\"noivado\" width=\"397\" height=\"318\" \/><\/p>\n<p style=\"text-align: center\">FONTE: Getty images<\/p>\n<p>O primeiro exemplo que apresentamos tem um enorme <strong>diamante de forma rectangular<\/strong>, que poder\u00e1 encontrar na <strong>loja online<\/strong> de <strong>Navas Joalheiros<\/strong>, com o nome de <strong>modelo BEYONCE<\/strong>, j\u00e1 que tamb\u00e9m a reconhecida cantora tem um <strong>anel de noivado<\/strong> deste mesmo g\u00e9nero.<\/p>\n<p><a href=\"https:\/\/navasjoalheiros.com\/beyonce-solitario-diamantes.html\"><img loading=\"lazy\" decoding=\"async\" class=\"aligncenter\" src=\"https:\/\/navasjoalheiros.com\/media\/catalog\/product\/n\/a\/navas-joyeros-beyonce-anillo-diamantes-compromiso.jpg\" alt=\"Anel de diamantes BEYONCE\" width=\"299\" height=\"332\" \/><\/a>No entanto, relativamente a <strong>an\u00e9is com diamante central<\/strong>, Victoria tem outro modelo posterior que \u00e9 ainda mais imponente. A beleza do design, internacionalmente reconhecida, incentivou a nossa marca a fazer uma reprodu\u00e7\u00e3o do mesmo.<\/p>\n<p><img loading=\"lazy\" decoding=\"async\" class=\"aligncenter\" src=\"https:\/\/navasjoalheiros.com\/media\/catalog\/product\/n\/a\/navas-joyeros-victoria-beckam-anillo-compromiso-diamantes-detalle.jpg\" alt=\"Detalhe anel de diamantes VICTORIA BECKHAM\" width=\"449\" height=\"498\" \/>Poder\u00e1 encontrar na nossa <strong>joalharia online<\/strong> o <strong>modelo VICTORIA BECKHAM<\/strong>. Um anel com um diamante central em formato de <strong>diamante em l\u00e1grima<\/strong> invertida com um quilate e meio. E ainda com diamantes laterais de inferior tamanho.<\/p>\n<p><a href=\"https:\/\/navasjoalheiros.com\/victoria-beckham-anel-diamantes.html\"><img loading=\"lazy\" decoding=\"async\" class=\"aligncenter\" src=\"https:\/\/navasjoalheiros.com\/media\/catalog\/product\/n\/a\/navas-joyeros-victoria-beckam-anillo-compromiso-diamantes.jpg\" alt=\"Anel de diamantes VICTORIA BECKHAM\" width=\"324\" height=\"359\" \/><\/a><\/p>\n<h3>An\u00e9is de noivado com esmeraldas<\/h3>\n<p>Para os amantes de an\u00e9is com <strong>pedras preciosas de cor<\/strong>, as esmeraldas s\u00e3o sem d\u00favida um encanto. Principalmente em peles morenas como a de Victoria conjugam na perfei\u00e7\u00e3o.<\/p>\n<p><img loading=\"lazy\" decoding=\"async\" class=\" wp-image-2773 aligncenter\" src=\"https:\/\/navasjoyeros.com\/pt\/blog\/wp-content\/uploads\/sites\/3\/2017\/02\/victo-4-221x300.png\" alt=\"victo-4\" width=\"252\" height=\"342\" srcset=\"https:\/\/navasjoyeros.com\/pt\/blog\/wp-content\/uploads\/2017\/02\/victo-4-221x300.png 221w, https:\/\/navasjoyeros.com\/pt\/blog\/wp-content\/uploads\/2017\/02\/victo-4.png 236w\" sizes=\"auto, (max-width: 252px) 100vw, 252px\" \/><\/p>\n<p style=\"text-align: center\">FONTE: Getty images<\/p>\n<p>O <strong>modelo MALASIA<\/strong> de <strong>Navas Joalheiros<\/strong> \u00e9 um modelo muito semelhante ao da ex-spice girl, com uma grande <strong>esmeralda<\/strong> rodeada de pequenos <strong>diamantes<\/strong>.<\/p>\n<p><a href=\"https:\/\/navasjoalheiros.com\/malasia-anel-esmeralda-diamantes.html\"><img loading=\"lazy\" decoding=\"async\" class=\"aligncenter\" src=\"https:\/\/navasjoalheiros.com\/media\/catalog\/product\/m\/a\/malasia.jpg\" alt=\"MALASIA, Anel de esmeralda e diamantes\" width=\"196\" height=\"217\" \/><\/a><\/p>\n<p>&nbsp;<\/p>\n<h3>An\u00e9is de noivado com rubis<\/h3>\n<p>No entanto, uma <strong>pedra preciosa<\/strong> de tom mais intenso, ideal para importantes eventos, seria o <strong>rubi<\/strong>. A sua cor de vermelho forte, constitui uma joia extremamente vistosa.<\/p>\n<p><img loading=\"lazy\" decoding=\"async\" class=\"wp-image-2774 aligncenter\" src=\"https:\/\/navasjoyeros.com\/pt\/blog\/wp-content\/uploads\/sites\/3\/2017\/02\/vic5-300x236.jpg\" alt=\"vic5\" width=\"281\" height=\"221\" srcset=\"https:\/\/navasjoyeros.com\/pt\/blog\/wp-content\/uploads\/2017\/02\/vic5-300x236.jpg 300w, https:\/\/navasjoyeros.com\/pt\/blog\/wp-content\/uploads\/2017\/02\/vic5-400x315.jpg 400w, https:\/\/navasjoyeros.com\/pt\/blog\/wp-content\/uploads\/2017\/02\/vic5.jpg 450w\" sizes=\"auto, (max-width: 281px) 100vw, 281px\" \/><\/p>\n<p style=\"text-align: center\">FONTE: Ritani<\/p>\n<p>Sugerimos-lhe o nosso <strong>anel com rubis e diamantes modelo TEIDE<\/strong>. O formato quadrado do <strong>rubi<\/strong> e os <strong>diamantes<\/strong> em seu redor, que seguem at\u00e9 \u00e0 estrutura do anel, conferem muita eleg\u00e2ncia \u00e0 pe\u00e7a.<\/p>\n<p><a href=\"https:\/\/navasjoalheiros.com\/teide-anel-rubi.html\"><img loading=\"lazy\" decoding=\"async\" class=\"aligncenter\" src=\"https:\/\/navasjoalheiros.com\/media\/catalog\/product\/t\/e\/teide-anillo-rubi-principal_2.jpg\" alt=\"Sortija de rub\u00ed y diamantes modelo TEIDE\" width=\"316\" height=\"350\" \/><\/a><\/p>\n<h2>An\u00e9is de noivado com safiras<\/h2>\n<p>O \u00faltimo modelo que vamos comentar \u00e9 composto por uma<strong> safira<\/strong> enorme. Trata-se de uma pe\u00e7a que \u00e9 imposs\u00edvel passar despercebida.<\/p>\n<p><img loading=\"lazy\" decoding=\"async\" class=\"size-medium wp-image-2775 aligncenter\" src=\"https:\/\/navasjoyeros.com\/pt\/blog\/wp-content\/uploads\/sites\/3\/2017\/02\/vic-6-262x300.png\" alt=\"vic-6\" width=\"262\" height=\"300\" srcset=\"https:\/\/navasjoyeros.com\/pt\/blog\/wp-content\/uploads\/2017\/02\/vic-6-262x300.png 262w, https:\/\/navasjoyeros.com\/pt\/blog\/wp-content\/uploads\/2017\/02\/vic-6.png 270w\" sizes=\"auto, (max-width: 262px) 100vw, 262px\" \/><\/p>\n<p style=\"text-align: center\">FONTE:\u00a0WENN<\/p>\n<p>No entanto, recomendamos o <strong>modelo ORLA<\/strong> que tem uma <strong>safira<\/strong> de menor tamanho compensado por uma maravilhosa <strong>coroa de diamantes<\/strong> que a circula e lhe d\u00e1 um toque final genial.<\/p>\n<p><a href=\"https:\/\/navasjoalheiros.com\/orla-anel-zafiro.html\"><img loading=\"lazy\" decoding=\"async\" class=\"aligncenter\" src=\"https:\/\/navasjoalheiros.com\/media\/catalog\/product\/n\/a\/navas-joyeros_sorija_diamantes-zafiro_orla.jpg\" alt=\"Anel de ouro com safira e diamantes ORLA ZAFIRO\" width=\"271\" height=\"300\" \/><\/a><\/p>\n<p>Para descobrir estes e outros modelos de <strong>an\u00e9is de noivado<\/strong> visite j\u00e1 a nossa joalharia online\u00a0<a href=\"http:\/\/www.navasjoalheiros.com\">www.navasjoalheiros.com<\/a>. E aproveite os nossos pre\u00e7os, que s\u00e3o comprovadamente os mais baratos do mercado!<\/p>\n","protected":false},"excerpt":{"rendered":"<p>O casal \u201cposh &amp; becks\u201d \u00e9 dos que tem mais import\u00e2ncia medi\u00e1tica. \u00a0Assim s\u00e3o carinhosamente chamados pelos seus f\u00e3s Victoria e David e Beckham, que se casaram h\u00e1 17 anos. A quantidade de an\u00e9is de noivado que Victoria acumulou ao longo dos \u00faltimos anos \u00e9 internacionalmente reconhecida. Entre joias com grandes diamantes, a an\u00e9is com [&hellip;]<\/p>\n","protected":false},"author":5,"featured_media":2778,"comment_status":"closed","ping_status":"closed","sticky":false,"template":"","format":"standard","meta":{"footnotes":""},"categories":[27,23],"tags":[],"class_list":["post-2767","post","type-post","status-publish","format-standard","has-post-thumbnail","hentry","category-eventos-da-joalheria","category-noticias-da-joalheria"],"_links":{"self":[{"href":"https:\/\/navasjoyeros.com\/pt\/blog\/wp-json\/wp\/v2\/posts\/2767","targetHints":{"allow":["GET"]}}],"collection":[{"href":"https:\/\/navasjoyeros.com\/pt\/blog\/wp-json\/wp\/v2\/posts"}],"about":[{"href":"https:\/\/navasjoyeros.com\/pt\/blog\/wp-json\/wp\/v2\/types\/post"}],"author":[{"embeddable":true,"href":"https:\/\/navasjoyeros.com\/pt\/blog\/wp-json\/wp\/v2\/users\/5"}],"replies":[{"embeddable":true,"href":"https:\/\/navasjoyeros.com\/pt\/blog\/wp-json\/wp\/v2\/comments?post=2767"}],"version-history":[{"count":0,"href":"https:\/\/navasjoyeros.com\/pt\/blog\/wp-json\/wp\/v2\/posts\/2767\/revisions"}],"wp:featuredmedia":[{"embeddable":true,"href":"https:\/\/navasjoyeros.com\/pt\/blog\/wp-json\/wp\/v2\/media\/2778"}],"wp:attachment":[{"href":"https:\/\/navasjoyeros.com\/pt\/blog\/wp-json\/wp\/v2\/media?parent=2767"}],"wp:term":[{"taxonomy":"category","embeddable":true,"href":"https:\/\/navasjoyeros.com\/pt\/blog\/wp-json\/wp\/v2\/categories?post=2767"},{"taxonomy":"post_tag","embeddable":true,"href":"https:\/\/navasjoyeros.com\/pt\/blog\/wp-json\/wp\/v2\/tags?post=2767"}],"curies":[{"name":"wp","href":"https:\/\/api.w.org\/{rel}","templated":true}]}}