{"id":2504,"date":"2016-10-18T09:09:45","date_gmt":"2016-10-18T08:09:45","guid":{"rendered":"https:\/\/navasjoyeros.com\/pt\/blog\/?p=2504"},"modified":"2016-10-18T09:09:45","modified_gmt":"2016-10-18T08:09:45","slug":"os-5-casamentos-falados-2016","status":"publish","type":"post","link":"https:\/\/navasjoyeros.com\/pt\/blog\/os-5-casamentos-falados-2016\/","title":{"rendered":"Os 5 casamentos mais falados de 2016"},"content":{"rendered":"<p>A \u00e9poca dos <strong>casamentos<\/strong> \u00a0j\u00e1 est\u00e1 prestes a chegar ao fim, mas este ano em <strong>Portugal<\/strong> aconteceram algumas cerim\u00f3nias especiais e s\u00e3o essas que vamos recordar na publica\u00e7\u00e3o de hoje da <strong>Navas Joalheiros<\/strong>.<\/p>\n<p>Come\u00e7amos pelo mais recente, o casamento de <strong>In\u00eas Folque<\/strong> com com <strong>Gon\u00e7alo Ribeiro Telles<\/strong>.<\/p>\n<p>A apresentadora da SIC K foi pedida em <strong>casamento<\/strong> no final do ano passado, depois de mais de 4 anos de namoro. A cerim\u00f3nia aconteceu na Igreja de Nossa Senhora da Oliveira, em Samora Correia.<\/p>\n<p><a href=\"https:\/\/navasjoyeros.com\/pt\/blog\/wp-content\/uploads\/sites\/3\/2016\/10\/ines-folque_1.jpg\"><img loading=\"lazy\" decoding=\"async\" class=\" wp-image-2517 aligncenter\" src=\"https:\/\/navasjoyeros.com\/pt\/blog\/wp-content\/uploads\/sites\/3\/2016\/10\/ines-folque_1-300x225.jpg\" alt=\"ines-folque_1\" width=\"384\" height=\"288\" srcset=\"https:\/\/navasjoyeros.com\/pt\/blog\/wp-content\/uploads\/2016\/10\/ines-folque_1-300x225.jpg 300w, https:\/\/navasjoyeros.com\/pt\/blog\/wp-content\/uploads\/2016\/10\/ines-folque_1-768x576.jpg 768w, https:\/\/navasjoyeros.com\/pt\/blog\/wp-content\/uploads\/2016\/10\/ines-folque_1-600x450.jpg 600w, https:\/\/navasjoyeros.com\/pt\/blog\/wp-content\/uploads\/2016\/10\/ines-folque_1-400x300.jpg 400w, https:\/\/navasjoyeros.com\/pt\/blog\/wp-content\/uploads\/2016\/10\/ines-folque_1.jpg 800w\" sizes=\"auto, (max-width: 384px) 100vw, 384px\" \/><\/a><\/p>\n<p>Na festa, que contou com a organiza\u00e7\u00e3o da R Concept Weddings e da m\u00e3e da noiva, Rita Abecassis, estiveram presentes cerca de 300 convidados. O evento aconteceu no Monte da Adema, no Ribatejo, propriedade da fam\u00edlia da noiva, e s\u00f3 acabou perto das 5h30 da manh\u00e3. Nas palavras de In\u00eas \u00e0 revista Lux :\u201cO dia foi m\u00e1gico. Correu tudo como eu e o Gon\u00e7alo sonh\u00e1mos, com as pessoas que quer\u00edamos ao nosso lado. N\u00e3o mud\u00e1vamos nada! S\u00f3 tenho pena que tenha passado t\u00e3o r\u00e1pido.\u201d<\/p>\n<p>A noiva usou um vestido da designer <strong>Laure de Sagazan<\/strong> e uma coroa de flores. Antes do casamento ainda se sujeitou a uma dieta da LEV onde perdeu 12 kg. A lua-de-mel foi celebrada na Indon\u00e9sia.<\/p>\n<p><a href=\"https:\/\/navasjoyeros.com\/pt\/blog\/wp-content\/uploads\/sites\/3\/2016\/10\/ines-folque-e-goncalo-ribeiro-telles-casamento.png\"><img loading=\"lazy\" decoding=\"async\" class=\" wp-image-2508 aligncenter\" src=\"https:\/\/navasjoyeros.com\/pt\/blog\/wp-content\/uploads\/sites\/3\/2016\/10\/ines-folque-e-goncalo-ribeiro-telles-casamento-300x201.png\" alt=\"ines-folque-e-goncalo-ribeiro-telles-casamento\" width=\"392\" height=\"263\" srcset=\"https:\/\/navasjoyeros.com\/pt\/blog\/wp-content\/uploads\/2016\/10\/ines-folque-e-goncalo-ribeiro-telles-casamento-300x201.png 300w, https:\/\/navasjoyeros.com\/pt\/blog\/wp-content\/uploads\/2016\/10\/ines-folque-e-goncalo-ribeiro-telles-casamento-400x268.png 400w, https:\/\/navasjoyeros.com\/pt\/blog\/wp-content\/uploads\/2016\/10\/ines-folque-e-goncalo-ribeiro-telles-casamento.png 593w\" sizes=\"auto, (max-width: 392px) 100vw, 392px\" \/><\/a><\/p>\n<p>O pr\u00f3ximo <strong>casamento<\/strong> que destacamos \u00e9 o de <strong>In\u00eas Patroc\u00ednio<\/strong> com <strong>Pedro Rocha e Melo<\/strong>.<\/p>\n<p>A cerim\u00f3nia aconteceu no dia 7 de maio em Vila Vi\u00e7osa, no Alentejo, mais propriamente na Igreja de Nossa Senhora da Concei\u00e7\u00e3o. Apesar da chuva que ca\u00eda, os noivos e os convidados n\u00e3o deixaram de mostrar o seu ar de felicidade.<\/p>\n<p>A noiva usou um <strong>vestido Rosa Clar\u00e1<\/strong> e entrou na Igreja de bra\u00e7o dado com o seu pai. J\u00e1 as <strong>irm\u00e3s Patroc\u00ednio<\/strong>, usaram vestidos da <strong>Pureza Mello Breyner Atelier<\/strong>.<\/p>\n<p>O evento contou com cerca de 320 convidados e os noivos celebraram a lua-de-mel no ver\u00e3o, na \u00c1frica.<\/p>\n<p><a href=\"https:\/\/navasjoyeros.com\/pt\/blog\/wp-content\/uploads\/sites\/3\/2016\/10\/ines-patrocinio.jpg_1.jpg\"><img loading=\"lazy\" decoding=\"async\" class=\" wp-image-2509 aligncenter\" src=\"https:\/\/navasjoyeros.com\/pt\/blog\/wp-content\/uploads\/sites\/3\/2016\/10\/ines-patrocinio.jpg_1-300x225.jpg\" alt=\"ines-patrocinio-jpg_1\" width=\"405\" height=\"304\" srcset=\"https:\/\/navasjoyeros.com\/pt\/blog\/wp-content\/uploads\/2016\/10\/ines-patrocinio.jpg_1-300x225.jpg 300w, https:\/\/navasjoyeros.com\/pt\/blog\/wp-content\/uploads\/2016\/10\/ines-patrocinio.jpg_1-768x576.jpg 768w, https:\/\/navasjoyeros.com\/pt\/blog\/wp-content\/uploads\/2016\/10\/ines-patrocinio.jpg_1-600x450.jpg 600w, https:\/\/navasjoyeros.com\/pt\/blog\/wp-content\/uploads\/2016\/10\/ines-patrocinio.jpg_1-400x300.jpg 400w, https:\/\/navasjoyeros.com\/pt\/blog\/wp-content\/uploads\/2016\/10\/ines-patrocinio.jpg_1.jpg 800w\" sizes=\"auto, (max-width: 405px) 100vw, 405px\" \/><\/a><\/p>\n<p>&nbsp;<\/p>\n<p><a href=\"https:\/\/navasjoyeros.com\/pt\/blog\/wp-content\/uploads\/sites\/3\/2016\/10\/ines-patrociono_2.jpg\"><img loading=\"lazy\" decoding=\"async\" class=\" wp-image-2510 aligncenter\" src=\"https:\/\/navasjoyeros.com\/pt\/blog\/wp-content\/uploads\/sites\/3\/2016\/10\/ines-patrociono_2-300x200.jpg\" alt=\"ines-patrociono_2\" width=\"417\" height=\"278\" srcset=\"https:\/\/navasjoyeros.com\/pt\/blog\/wp-content\/uploads\/2016\/10\/ines-patrociono_2-300x200.jpg 300w, https:\/\/navasjoyeros.com\/pt\/blog\/wp-content\/uploads\/2016\/10\/ines-patrociono_2-768x512.jpg 768w, https:\/\/navasjoyeros.com\/pt\/blog\/wp-content\/uploads\/2016\/10\/ines-patrociono_2-600x400.jpg 600w, https:\/\/navasjoyeros.com\/pt\/blog\/wp-content\/uploads\/2016\/10\/ines-patrociono_2-400x267.jpg 400w, https:\/\/navasjoyeros.com\/pt\/blog\/wp-content\/uploads\/2016\/10\/ines-patrociono_2.jpg 800w\" sizes=\"auto, (max-width: 417px) 100vw, 417px\" \/><\/a><\/p>\n<p>&nbsp;<\/p>\n<p><strong>Ana Pinto Ribeiro<\/strong> e <strong>Jo\u00e3o Cardoso Pinto<\/strong> foram outro dos casais a casarem-se este ano. O matrim\u00f3nio aconteceu na Igreja Nossa Senhora da Assun\u00e7\u00e3o, em Arroches, no Alentejo. A noiva chegou com a habitual meia-hora de atraso e surpreendeu todos os presentes com um vestido de corte imp\u00e9rio da dupla <strong>Alves\/Gon\u00e7alves<\/strong>. Durante a Missa a sua irm\u00e3 <strong>Francisca Pinto Ribeiro<\/strong>, teve a oportunidade de ler uma das inten\u00e7\u00f5es da <em>Ora\u00e7\u00e3o dos Fi\u00e9is<\/em>, durante a qual se emocionou. Na cerim\u00f3nia estavam presentes cerca de 300 convidados que seguiram para a festa decorrida numa tenda decorada pela <strong>Organizza<\/strong>.<\/p>\n<p><a href=\"https:\/\/navasjoyeros.com\/pt\/blog\/wp-content\/uploads\/sites\/3\/2016\/10\/ana-pinto-ribeiro.jpg\"><img loading=\"lazy\" decoding=\"async\" class=\" wp-image-2511 aligncenter\" src=\"https:\/\/navasjoyeros.com\/pt\/blog\/wp-content\/uploads\/sites\/3\/2016\/10\/ana-pinto-ribeiro-300x200.jpg\" alt=\"ana-pinto-ribeiro\" width=\"423\" height=\"282\" srcset=\"https:\/\/navasjoyeros.com\/pt\/blog\/wp-content\/uploads\/2016\/10\/ana-pinto-ribeiro-300x200.jpg 300w, https:\/\/navasjoyeros.com\/pt\/blog\/wp-content\/uploads\/2016\/10\/ana-pinto-ribeiro-768x512.jpg 768w, https:\/\/navasjoyeros.com\/pt\/blog\/wp-content\/uploads\/2016\/10\/ana-pinto-ribeiro-600x400.jpg 600w, https:\/\/navasjoyeros.com\/pt\/blog\/wp-content\/uploads\/2016\/10\/ana-pinto-ribeiro-400x267.jpg 400w, https:\/\/navasjoyeros.com\/pt\/blog\/wp-content\/uploads\/2016\/10\/ana-pinto-ribeiro.jpg 820w\" sizes=\"auto, (max-width: 423px) 100vw, 423px\" \/><\/a><\/p>\n<p><a href=\"https:\/\/navasjoyeros.com\/pt\/blog\/wp-content\/uploads\/sites\/3\/2016\/10\/francisca-pinto-ribeiro.jpg\"><img loading=\"lazy\" decoding=\"async\" class=\" wp-image-2512 aligncenter\" src=\"https:\/\/navasjoyeros.com\/pt\/blog\/wp-content\/uploads\/sites\/3\/2016\/10\/francisca-pinto-ribeiro-280x300.jpg\" alt=\"francisca-pinto-ribeiro\" width=\"349\" height=\"374\" srcset=\"https:\/\/navasjoyeros.com\/pt\/blog\/wp-content\/uploads\/2016\/10\/francisca-pinto-ribeiro-280x300.jpg 280w, https:\/\/navasjoyeros.com\/pt\/blog\/wp-content\/uploads\/2016\/10\/francisca-pinto-ribeiro-768x823.jpg 768w, https:\/\/navasjoyeros.com\/pt\/blog\/wp-content\/uploads\/2016\/10\/francisca-pinto-ribeiro-600x643.jpg 600w, https:\/\/navasjoyeros.com\/pt\/blog\/wp-content\/uploads\/2016\/10\/francisca-pinto-ribeiro-400x429.jpg 400w, https:\/\/navasjoyeros.com\/pt\/blog\/wp-content\/uploads\/2016\/10\/francisca-pinto-ribeiro-300x321.jpg 300w, https:\/\/navasjoyeros.com\/pt\/blog\/wp-content\/uploads\/2016\/10\/francisca-pinto-ribeiro.jpg 812w\" sizes=\"auto, (max-width: 349px) 100vw, 349px\" \/><\/a><\/p>\n<p>Foi sem d\u00favida um dia muito especial para ambos os noivos e o seu ar de felicidade irradiou todo o ambiente.<\/p>\n<p>&nbsp;<\/p>\n<p><strong> Jessica Athayde<\/strong>\u00a0tamb\u00e9m se casou este ano. A atriz e <strong>Gon\u00e7alo Claro<\/strong> casaram-se durante as suas f\u00e9rias na Indon\u00e9sia, na paradis\u00edaca ilha de Bali.<\/p>\n<p><a href=\"https:\/\/navasjoyeros.com\/pt\/blog\/wp-content\/uploads\/sites\/3\/2016\/10\/jessica-athayde.jpg\"><img loading=\"lazy\" decoding=\"async\" class=\" wp-image-2513 aligncenter\" src=\"https:\/\/navasjoyeros.com\/pt\/blog\/wp-content\/uploads\/sites\/3\/2016\/10\/jessica-athayde-300x187.jpg\" alt=\"jessica-athayde\" width=\"427\" height=\"266\" srcset=\"https:\/\/navasjoyeros.com\/pt\/blog\/wp-content\/uploads\/2016\/10\/jessica-athayde-300x187.jpg 300w, https:\/\/navasjoyeros.com\/pt\/blog\/wp-content\/uploads\/2016\/10\/jessica-athayde-768x480.jpg 768w, https:\/\/navasjoyeros.com\/pt\/blog\/wp-content\/uploads\/2016\/10\/jessica-athayde-600x375.jpg 600w, https:\/\/navasjoyeros.com\/pt\/blog\/wp-content\/uploads\/2016\/10\/jessica-athayde-400x250.jpg 400w, https:\/\/navasjoyeros.com\/pt\/blog\/wp-content\/uploads\/2016\/10\/jessica-athayde.jpg 855w\" sizes=\"auto, (max-width: 427px) 100vw, 427px\" \/><\/a><\/p>\n<p>Para a atriz, este foi um momento super especial, nas suas palavras \u201c Foi um dia muito feliz e exatamente como queria.\u201d Acabou por confessar que que foi uma cerim\u00f3nia \u00edntima da qual nem a fam\u00edlia sabia.<\/p>\n<p>&nbsp;<\/p>\n<p>&nbsp;<\/p>\n<p>O \u00faltimo casamento que destacamos \u00e9 o de <strong>Joana Santos<\/strong> com <strong>Sim\u00e3o Cayatte<\/strong>. A atriz e o realizador <a href=\"https:\/\/navasjoyeros.com\/pt\/blog\/wp-content\/uploads\/sites\/3\/2016\/10\/jessica-athayde.jpg\"><br \/>\n<\/a>estavam noivos desde o ano passado e casaram-se a 23 de julho na Quinta dos Machados, em Mafra.<\/p>\n<p><a href=\"https:\/\/navasjoyeros.com\/pt\/blog\/wp-content\/uploads\/sites\/3\/2016\/10\/joana-santos.jpg_2.jpg\"><img loading=\"lazy\" decoding=\"async\" class=\" wp-image-2515 aligncenter\" src=\"https:\/\/navasjoyeros.com\/pt\/blog\/wp-content\/uploads\/sites\/3\/2016\/10\/joana-santos.jpg_2-300x225.jpg\" alt=\"joana-santos-jpg_2\" width=\"416\" height=\"312\" srcset=\"https:\/\/navasjoyeros.com\/pt\/blog\/wp-content\/uploads\/2016\/10\/joana-santos.jpg_2-300x225.jpg 300w, https:\/\/navasjoyeros.com\/pt\/blog\/wp-content\/uploads\/2016\/10\/joana-santos.jpg_2-768x576.jpg 768w, https:\/\/navasjoyeros.com\/pt\/blog\/wp-content\/uploads\/2016\/10\/joana-santos.jpg_2-600x450.jpg 600w, https:\/\/navasjoyeros.com\/pt\/blog\/wp-content\/uploads\/2016\/10\/joana-santos.jpg_2-400x300.jpg 400w, https:\/\/navasjoyeros.com\/pt\/blog\/wp-content\/uploads\/2016\/10\/joana-santos.jpg_2.jpg 800w\" sizes=\"auto, (max-width: 416px) 100vw, 416px\" \/><\/a><\/p>\n<p>&nbsp;<\/p>\n<p>A cerim\u00f3nia foi discreta e contou com a presen\u00e7a de v\u00e1rios amigos do casal, entre eles <strong>Maya Booth<\/strong>, <strong>Joana Ribeiro<\/strong>, <strong>Teresa Tavares<\/strong>, <strong>Joana de Verona<\/strong>, <strong>Benedita Pereira<\/strong> e <strong>In\u00eas Castel-Branco<\/strong>.<\/p>\n<p><a href=\"https:\/\/navasjoyeros.com\/pt\/blog\/wp-content\/uploads\/sites\/3\/2016\/10\/2016-07-28-0.jpg\"><img loading=\"lazy\" decoding=\"async\" class=\" wp-image-2516 aligncenter\" src=\"https:\/\/navasjoyeros.com\/pt\/blog\/wp-content\/uploads\/sites\/3\/2016\/10\/2016-07-28-0-300x191.jpg\" alt=\"2016-07-28-0\" width=\"432\" height=\"275\" srcset=\"https:\/\/navasjoyeros.com\/pt\/blog\/wp-content\/uploads\/2016\/10\/2016-07-28-0-300x191.jpg 300w, https:\/\/navasjoyeros.com\/pt\/blog\/wp-content\/uploads\/2016\/10\/2016-07-28-0-768x490.jpg 768w, https:\/\/navasjoyeros.com\/pt\/blog\/wp-content\/uploads\/2016\/10\/2016-07-28-0-600x383.jpg 600w, https:\/\/navasjoyeros.com\/pt\/blog\/wp-content\/uploads\/2016\/10\/2016-07-28-0-400x255.jpg 400w, https:\/\/navasjoyeros.com\/pt\/blog\/wp-content\/uploads\/2016\/10\/2016-07-28-0.jpg 820w\" sizes=\"auto, (max-width: 432px) 100vw, 432px\" \/><\/a><\/p>\n<p>&nbsp;<\/p>\n","protected":false},"excerpt":{"rendered":"<p>A \u00e9poca dos casamentos \u00a0j\u00e1 est\u00e1 prestes a chegar ao fim, mas este ano em Portugal aconteceram algumas cerim\u00f3nias especiais e s\u00e3o essas que vamos recordar na publica\u00e7\u00e3o de hoje da Navas Joalheiros. Come\u00e7amos pelo mais recente, o casamento de In\u00eas Folque com com Gon\u00e7alo Ribeiro Telles. A apresentadora da SIC K foi pedida em [&hellip;]<\/p>\n","protected":false},"author":5,"featured_media":2508,"comment_status":"closed","ping_status":"closed","sticky":false,"template":"","format":"standard","meta":{"footnotes":""},"categories":[27,23],"tags":[],"class_list":["post-2504","post","type-post","status-publish","format-standard","has-post-thumbnail","hentry","category-eventos-da-joalheria","category-noticias-da-joalheria"],"_links":{"self":[{"href":"https:\/\/navasjoyeros.com\/pt\/blog\/wp-json\/wp\/v2\/posts\/2504","targetHints":{"allow":["GET"]}}],"collection":[{"href":"https:\/\/navasjoyeros.com\/pt\/blog\/wp-json\/wp\/v2\/posts"}],"about":[{"href":"https:\/\/navasjoyeros.com\/pt\/blog\/wp-json\/wp\/v2\/types\/post"}],"author":[{"embeddable":true,"href":"https:\/\/navasjoyeros.com\/pt\/blog\/wp-json\/wp\/v2\/users\/5"}],"replies":[{"embeddable":true,"href":"https:\/\/navasjoyeros.com\/pt\/blog\/wp-json\/wp\/v2\/comments?post=2504"}],"version-history":[{"count":0,"href":"https:\/\/navasjoyeros.com\/pt\/blog\/wp-json\/wp\/v2\/posts\/2504\/revisions"}],"wp:featuredmedia":[{"embeddable":true,"href":"https:\/\/navasjoyeros.com\/pt\/blog\/wp-json\/wp\/v2\/media\/2508"}],"wp:attachment":[{"href":"https:\/\/navasjoyeros.com\/pt\/blog\/wp-json\/wp\/v2\/media?parent=2504"}],"wp:term":[{"taxonomy":"category","embeddable":true,"href":"https:\/\/navasjoyeros.com\/pt\/blog\/wp-json\/wp\/v2\/categories?post=2504"},{"taxonomy":"post_tag","embeddable":true,"href":"https:\/\/navasjoyeros.com\/pt\/blog\/wp-json\/wp\/v2\/tags?post=2504"}],"curies":[{"name":"wp","href":"https:\/\/api.w.org\/{rel}","templated":true}]}}