{"id":2436,"date":"2016-10-06T09:45:48","date_gmt":"2016-10-06T08:45:48","guid":{"rendered":"https:\/\/navasjoyeros.com\/pt\/blog\/?p=2436"},"modified":"2016-10-06T09:45:48","modified_gmt":"2016-10-06T08:45:48","slug":"vestidos-noiva-chegam-ao-sport-lisboa-benfica","status":"publish","type":"post","link":"https:\/\/navasjoyeros.com\/pt\/blog\/vestidos-noiva-chegam-ao-sport-lisboa-benfica\/","title":{"rendered":"Vestidos de Noiva chegam ao Sport Lisboa e Benfica"},"content":{"rendered":"<p>O que se faz quando um clube de futebol come\u00e7a a ter cada vez mais s\u00f3cias?<strong> Vestidos de Noiva<\/strong>! Isso mesmo, o <strong>Sport Lisboa e Benfica<\/strong> apresnta hoje, pelas 19:00h no <strong>Est\u00e1dio da Luz<\/strong>, a primeira cole\u00e7\u00e3o de <strong>vestidos de casamento e cerim\u00f3nia<\/strong><strong>.\u00a0<\/strong>Esta \u00e9 uma linha de 40 modelos: 24 vestidos de noiva, 12 de cerim\u00f3nia e 4 de crian\u00e7a.<\/p>\n<p><a href=\"https:\/\/navasjoyeros.com\/pt\/blog\/wp-content\/uploads\/sites\/3\/2016\/10\/Vestido-Benfica_2.jpg\"><img loading=\"lazy\" decoding=\"async\" class=\" wp-image-2439 aligncenter\" src=\"https:\/\/navasjoyeros.com\/pt\/blog\/wp-content\/uploads\/sites\/3\/2016\/10\/Vestido-Benfica_2-300x200.jpg\" alt=\"vestido-benfica_2\" width=\"536\" height=\"357\" srcset=\"https:\/\/navasjoyeros.com\/pt\/blog\/wp-content\/uploads\/2016\/10\/Vestido-Benfica_2-300x200.jpg 300w, https:\/\/navasjoyeros.com\/pt\/blog\/wp-content\/uploads\/2016\/10\/Vestido-Benfica_2-600x400.jpg 600w, https:\/\/navasjoyeros.com\/pt\/blog\/wp-content\/uploads\/2016\/10\/Vestido-Benfica_2-400x266.jpg 400w, https:\/\/navasjoyeros.com\/pt\/blog\/wp-content\/uploads\/2016\/10\/Vestido-Benfica_2.jpg 757w\" sizes=\"auto, (max-width: 536px) 100vw, 536px\" \/><\/a><\/p>\n<p>O p\u00fablico feminino j\u00e1 representa 18% dos <strong>s\u00f3cios do Benfica<\/strong> sendo que apenas em 2015 houve um aumento de 35% do n\u00famero de afiliadas. Os valores desta cole\u00e7\u00e3o variam entre os 500 e os cinco mil euros, algo que <strong>Jos\u00e9 Sim\u00e3o<\/strong>, diretor de <em>merchandisign<\/em> do clube, explica pela vontade que existe de ligar o mercado de luxo a um dos maiores clubes de Portugal. Al\u00e9m disso, afirma que existia por parte de algumas noivas \u00a0uma procura significativa por elementos que as ligassem ao seu clube do cora\u00e7\u00e3o.<\/p>\n<p>Este foi um projeto que surgiu atrav\u00e9s de uma parceria da <strong>Lisbon Lux Brands<\/strong> e do<strong> SLB<\/strong>, tendo o design ficado a cargo da estilista <strong>Micaela Oliveira<\/strong>. Todos os modelos contam com uma etiqueta oficial do clube e podem ser adquiridos no <strong>Showroom<\/strong> da<strong> Lisbon Lux Brands<\/strong> ou no atelier da designer. S\u00e3o pe\u00e7as \u00fanicas, luxuosas e que pretendem destacar toda a beleza das benfiquistas. Al\u00e9m disso podem ser personalizados, alguns vestidos t\u00eam elementos vermelhos ou outros detalhes que os liguem ao universo <strong>Benfica<\/strong>, como por exemplo penas.<\/p>\n<p><a href=\"https:\/\/navasjoyeros.com\/pt\/blog\/wp-content\/uploads\/sites\/3\/2016\/10\/Vestido-Benfica_4.jpg\"><img loading=\"lazy\" decoding=\"async\" class=\" wp-image-2441 aligncenter\" src=\"https:\/\/navasjoyeros.com\/pt\/blog\/wp-content\/uploads\/sites\/3\/2016\/10\/Vestido-Benfica_4-209x300.jpg\" alt=\"vestido-benfica_4\" width=\"398\" height=\"571\" srcset=\"https:\/\/navasjoyeros.com\/pt\/blog\/wp-content\/uploads\/2016\/10\/Vestido-Benfica_4-209x300.jpg 209w, https:\/\/navasjoyeros.com\/pt\/blog\/wp-content\/uploads\/2016\/10\/Vestido-Benfica_4-300x431.jpg 300w, https:\/\/navasjoyeros.com\/pt\/blog\/wp-content\/uploads\/2016\/10\/Vestido-Benfica_4.jpg 320w\" sizes=\"auto, (max-width: 398px) 100vw, 398px\" \/><br \/>\n<\/a><\/p>\n<p>A ideia surgiu de Helena Marques Nogueira, da<strong> Lisbon Lux Brands<\/strong>, que expressa tamb\u00e9m a vontade de fazer chegar esta cole\u00e7\u00e3o a todas as benfiquistas espalhadas pelo mundo. Para isso, a marca ir\u00e1 promover<strong> Showrooms<\/strong> por algumas cidades estrangeiras, sendo os mercados angolano e asi\u00e1tico os principais pontos de interesse.<\/p>\n<p><a href=\"https:\/\/navasjoyeros.com\/pt\/blog\/wp-content\/uploads\/sites\/3\/2016\/10\/Vestido-Benfica_3.jpg\"><img loading=\"lazy\" decoding=\"async\" class=\" wp-image-2443 aligncenter\" src=\"https:\/\/navasjoyeros.com\/pt\/blog\/wp-content\/uploads\/sites\/3\/2016\/10\/Vestido-Benfica_3-209x300.jpg\" alt=\"vestido-benfica_3\" width=\"375\" height=\"538\" srcset=\"https:\/\/navasjoyeros.com\/pt\/blog\/wp-content\/uploads\/2016\/10\/Vestido-Benfica_3-209x300.jpg 209w, https:\/\/navasjoyeros.com\/pt\/blog\/wp-content\/uploads\/2016\/10\/Vestido-Benfica_3-300x431.jpg 300w, https:\/\/navasjoyeros.com\/pt\/blog\/wp-content\/uploads\/2016\/10\/Vestido-Benfica_3.jpg 320w\" sizes=\"auto, (max-width: 375px) 100vw, 375px\" \/><\/a><\/p>\n<p>Na <strong>Navas Joalheiros<\/strong> n\u00e3o temos d\u00favida de que este ser\u00e1 um elemento fundamental para que o <strong>dia de casamento<\/strong> destas benfiquistas seja ainda mais <strong>glorioso<\/strong>!<\/p>\n<p>&nbsp;<\/p>\n<p>&nbsp;<\/p>\n<p>&nbsp;<\/p>\n","protected":false},"excerpt":{"rendered":"<p>O que se faz quando um clube de futebol come\u00e7a a ter cada vez mais s\u00f3cias? Vestidos de Noiva! Isso mesmo, o Sport Lisboa e Benfica apresnta hoje, pelas 19:00h no Est\u00e1dio da Luz, a primeira cole\u00e7\u00e3o de vestidos de casamento e cerim\u00f3nia.\u00a0Esta \u00e9 uma linha de 40 modelos: 24 vestidos de noiva, 12 de [&hellip;]<\/p>\n","protected":false},"author":5,"featured_media":2437,"comment_status":"closed","ping_status":"closed","sticky":false,"template":"","format":"standard","meta":{"footnotes":""},"categories":[27,23],"tags":[],"class_list":["post-2436","post","type-post","status-publish","format-standard","has-post-thumbnail","hentry","category-eventos-da-joalheria","category-noticias-da-joalheria"],"_links":{"self":[{"href":"https:\/\/navasjoyeros.com\/pt\/blog\/wp-json\/wp\/v2\/posts\/2436","targetHints":{"allow":["GET"]}}],"collection":[{"href":"https:\/\/navasjoyeros.com\/pt\/blog\/wp-json\/wp\/v2\/posts"}],"about":[{"href":"https:\/\/navasjoyeros.com\/pt\/blog\/wp-json\/wp\/v2\/types\/post"}],"author":[{"embeddable":true,"href":"https:\/\/navasjoyeros.com\/pt\/blog\/wp-json\/wp\/v2\/users\/5"}],"replies":[{"embeddable":true,"href":"https:\/\/navasjoyeros.com\/pt\/blog\/wp-json\/wp\/v2\/comments?post=2436"}],"version-history":[{"count":0,"href":"https:\/\/navasjoyeros.com\/pt\/blog\/wp-json\/wp\/v2\/posts\/2436\/revisions"}],"wp:featuredmedia":[{"embeddable":true,"href":"https:\/\/navasjoyeros.com\/pt\/blog\/wp-json\/wp\/v2\/media\/2437"}],"wp:attachment":[{"href":"https:\/\/navasjoyeros.com\/pt\/blog\/wp-json\/wp\/v2\/media?parent=2436"}],"wp:term":[{"taxonomy":"category","embeddable":true,"href":"https:\/\/navasjoyeros.com\/pt\/blog\/wp-json\/wp\/v2\/categories?post=2436"},{"taxonomy":"post_tag","embeddable":true,"href":"https:\/\/navasjoyeros.com\/pt\/blog\/wp-json\/wp\/v2\/tags?post=2436"}],"curies":[{"name":"wp","href":"https:\/\/api.w.org\/{rel}","templated":true}]}}