{"id":2035,"date":"2016-05-26T17:21:16","date_gmt":"2016-05-26T16:21:16","guid":{"rendered":"https:\/\/navasjoyeros.com\/pt\/blog\/?p=2035"},"modified":"2016-05-26T15:36:20","modified_gmt":"2016-05-26T14:36:20","slug":"as-joias-do-festival-cannes","status":"publish","type":"post","link":"https:\/\/navasjoyeros.com\/pt\/blog\/as-joias-do-festival-cannes\/","title":{"rendered":"As joias do Festival de Cannes"},"content":{"rendered":"<p>O Festival de Cannes \u00e9 um dos mais esperados por todos, n\u00e3o s\u00f3 pela entrega de pr\u00e9mios referentes ao cinema mas tamb\u00e9m pelos <em>outfits<\/em> das celebridades do momento.<\/p>\n<p>Mas a verdade \u00e9 que nem s\u00f3 os vestidos s\u00e3o os \u00fanicos protagonistas da passadeira vermelha. Nos \u00faltimos anos as joias t\u00eam ganho cada vez mais destaque: an\u00e9is, pulseiras, brincos\u2026todos t\u00eam um papel importante. A <strong>Navas Joalheiros<\/strong> traz-lhe as <strong>joias<\/strong> mais bonitas e valiosas que usaram algumas das celebridades mais conhecidas da atualidade.<\/p>\n<p><strong>Marion Cortillard<\/strong><\/p>\n<p>Ningu\u00e9m pode conceber o Festival de Cannes sem a beleza e estilo desta atriz e cantora francesa. Marion voltou a deixar-nos de boca aberta, como de costume.<\/p>\n<p>A atriz desenhou uma cole\u00e7\u00e3o pr\u00f3pria para a marca su\u00ed\u00e7a Chopard e aproveitou esta oportunidade para mostrar um pouco da sua \u201cGreen Carpet Collection\u201d. Uma joia requintada de tons verdes que conseguiu evidenciar, mais ainda, a bel\u00edssima cor dos seus olhos.<\/p>\n<p>Usou duas pe\u00e7as diferentes mas que se uniam a perfei\u00e7\u00e3o. Um lind\u00edssimo <strong>anel<\/strong> ornamentado com um \u00f3palo negro australiano de 8,6mm, que se ligava a uma fina e elegante corrente de \u00f3palos, terminando numa <strong>pulseira<\/strong> quadrupla de tons esverdeados. Todas as aten\u00e7\u00f5es se concentraram nesta joia, cujo valor chega a ser dez vezes maior que a pr\u00f3pria Palma de Ouro.<img loading=\"lazy\" decoding=\"async\" class=\"aligncenter\" src=\"https:\/\/s.yimg.com\/ny\/api\/res\/1.2\/eeeO4btAcq4y9XjwPfke.Q--\/YXBwaWQ9aGlnaGxhbmRlcjtzbT0xO3c9MTI4MDtoPTk2MA--\/http:\/\/media.zenfs.com\/es-ES\/homerun\/elle.es\/7288da12f34791c55c51604de81a7e24\" alt=\"\" width=\"329\" height=\"491\" \/><\/p>\n<p><strong>Blake Lively<\/strong><\/p>\n<p>Serena del Upper East Side \u00e9 a personifica\u00e7\u00e3o da eleg\u00e2ncia e da beleza. Esta atriz usou <strong>brincos de ouro rosa e diamantes<\/strong>, com dois rubis em forma de l\u00e1griama de 25mm. Estes destacavam-se ainda mais pelo <em>ponytail<\/em> que Serena usava, dando um brilho muito especial ao rosto.<\/p>\n<p>Os <strong>brincos<\/strong> de Lorraine Schwartz s\u00e3o pe\u00e7as de grande presen\u00e7a que Blake usou, como de costume, sem excesso de combina\u00e7\u00f5es, conseguindo assim um look elegante e atrevido mas mantendo a simplicidade de sempre.<\/p>\n<p>O valor das pe\u00e7as n\u00e3o \u00e9 conhecido mas as joias desta designer americana costumam estar avaliadas em milh\u00f5es de d\u00f3lares. N\u00e3o acreditamos que, neste caso, valham menos\u2026<img loading=\"lazy\" decoding=\"async\" class=\"aligncenter\" src=\"https:\/\/s.yimg.com\/ny\/api\/res\/1.2\/ja__Hn1pCZrzVCQCF15h0g--\/YXBwaWQ9aGlnaGxhbmRlcjtzbT0xO3c9MTI4MDtoPTk2MA--\/http:\/\/media.zenfs.com\/es-ES\/homerun\/elle.es\/0fef0342415a36c3a7fabf0f1f969581\" alt=\"\" width=\"310\" height=\"465\" \/><\/p>\n<p><strong>Jessica Biel<\/strong><\/p>\n<p>A atriz e j\u00fari da 68\u00aa edi\u00e7\u00e3o do Festival de Cannes n\u00e3o quis passar despercebida, e conseguiu mesmo destacar-se. Sienna combinou o seu vestido de tons escuros, desenhado por Sonia Rykiel, com uma impressionante <strong>gargantilha<\/strong> Bulgary que lhe deu todo brilho e eleg\u00e2ncia necess\u00e1rios para a ocasi\u00e3o.<\/p>\n<p>Esta magnifica pe\u00e7a Bulgary \u00e9 composta por 15<strong> diamantes<\/strong> lapidados em forma de pera e por outros 6 em talha brilhante. Um acess\u00f3rio digno da realeza. Al\u00e9m disso, o resto dos complementos foi muito bem escolhido- brincos minimalistas que cediam todo o protagonismo \u00e0 gargantilha.<img decoding=\"async\" class=\"aligncenter\" src=\"https:\/\/s-media-cache-ak0.pinimg.com\/236x\/5a\/d6\/a6\/5ad6a61e8054c24ce25333ab4f2b5487.jpg\" alt=\"\" \/><\/p>\n<p><strong>Cara Delevigne<\/strong><\/p>\n<p>A pol\u00e9mica modelo brit\u00e2nica usou uns impressionantes<strong> brincos geom\u00e9tricos de diamantes pretos e brancos<\/strong>. Pe\u00e7as da marca De Grisogono.<\/p>\n<p>O contraste destas <strong>pedras preciosas<\/strong> d\u00e1 \u00e0 joia um ar moderno e atual, fazendo com que a atriz deslumbrasse ainda mais. Por outro lado, o penteado semi-apanhado deixava \u00e0 vista um dos brincos, jogando muito bem com as lantejoulas do vestido.<img loading=\"lazy\" decoding=\"async\" class=\"aligncenter\" src=\"http:\/\/www.elle.es\/var\/ellees\/storage\/images\/star-style\/el-estilo-de\/las-joyas-mas-valiosas-de-cannes\/cara-delevingne\/12796589-1-esl-ES\/cara-delevingne_ampliacion.jpg\" alt=\"\" width=\"293\" height=\"439\" \/><\/p>\n<p><strong>Emma Watson<\/strong><\/p>\n<p>Na 67\u00aa edi\u00e7\u00e3o de Cannes, a j\u00e1 crescida Hermione Granger, decidiu pisar a passadeira vermelha com um conjunto de joias da marca Repossi. Pe\u00e7as joviais e provocadoras, <em>earcuffs<\/em> de diamantes.<\/p>\n<p>Este modelo da cole\u00e7\u00e3o Berbere est\u00e1 avaliado em 9.400\u20ac, quase metade do valor da Palma de Ouro.<img loading=\"lazy\" decoding=\"async\" class=\"aligncenter\" src=\"https:\/\/s.yimg.com\/ny\/api\/res\/1.2\/_XyaeBKf0kGuDcCVuMojLg--\/YXBwaWQ9aGlnaGxhbmRlcjtzbT0xO3c9MTI4MDtoPTk2MA--\/http:\/\/media.zenfs.com\/es-ES\/homerun\/elle.es\/20e1c1ed4bce3309774d8990348d7595\" alt=\"\" width=\"335\" height=\"436\" \/><\/p>\n<p><strong>Claudia Shiffer<\/strong><\/p>\n<p>A conhecida <em>top model\u00a0<\/em>usou um dos acess\u00f3rios mais emblem\u00e1ticos de sempre. Um soberbo<strong> colar de ouro branco de 18 quilates<\/strong>, 2 diamantes de 6,8 quilates e 693 pequenos <strong>diamantes<\/strong> que no total somavam 89 quilates. Esta \u00e9 uma joia Channel, da cole\u00e7\u00e3o Camelia, desenhada por Gabrielle Channel no ano de 1932.<\/p>\n<p>Um colar avaliado em um milh\u00e3o de euros e equivalente a 50 Palmas de Ouro de Chopard. Algo que proporcionou \u00e0 nossa querida Claudia imensa eleg\u00e2ncia e um brilho deslumbrante, e que nem sequer precisou de um grande <em>outfit<\/em> para ser a protagonista da noite.<img loading=\"lazy\" decoding=\"async\" class=\"aligncenter\" src=\"http:\/\/www.elle.es\/var\/ellees\/storage\/images\/star-style\/el-estilo-de\/las-joyas-mas-valiosas-de-cannes\/claudia-schiffer\/12796512-1-esl-ES\/claudia-schiffer_ampliacion.jpg\" alt=\"\" width=\"371\" height=\"533\" \/><\/p>\n<p><strong>Gwen Stefani &amp; o Anel Flamingo de Boucheron<\/strong><\/p>\n<p>A ex-vocalista de \u201cNo Doubt\u201d conseguiu tirar-nos a respira\u00e7\u00e3o com o seu incr\u00edvel look no Festival de Cannes de 2011. Usava um magn\u00edfico anel da Boucheron, em forma de flamingo. Uma pe\u00e7a maravilhosa, feita de <strong>ouro rosa e ornamentado de safiras e diamantes brancos e pretos<\/strong>.<\/p>\n<p>Costumava dizer-se no Antigo Egipto que o flamingo era a reencarna\u00e7\u00e3o da f\u00e9nix. Qui\u00e7\u00e1 n\u00e3o fosse mesmo esta a inten\u00e7\u00e3o de Gwen ao usar este anel- viver para sempre. Seja como for, \u00e9 uma joia avaliada em 54.000\u20ac que lhe deu muita eleg\u00e2ncia e distin\u00e7\u00e3o.<img loading=\"lazy\" decoding=\"async\" class=\"aligncenter\" src=\"http:\/\/estaticos.marie-claire.es\/media\/cache\/resolve\/680x_thumb\/uploads\/images\/gallery\/572c6ca65cafe8c87d698330\/gwen-001.jpg\" alt=\"\" width=\"622\" height=\"595\" \/><\/p>\n<p>Esperamos que n\u00e3o tenha ficado dececionado com a beleza de todas estas pe\u00e7as, porque a n\u00f3s, Cannes nunca desilude.<\/p>\n<p><em>\u00a0<\/em><\/p>\n","protected":false},"excerpt":{"rendered":"<p>O Festival de Cannes \u00e9 um dos mais esperados por todos, n\u00e3o s\u00f3 pela entrega de pr\u00e9mios referentes ao cinema mas tamb\u00e9m pelos outfits das celebridades do momento. Mas a verdade \u00e9 que nem s\u00f3 os vestidos s\u00e3o os \u00fanicos protagonistas da passadeira vermelha. Nos \u00faltimos anos as joias t\u00eam ganho cada vez mais destaque: [&hellip;]<\/p>\n","protected":false},"author":5,"featured_media":2038,"comment_status":"closed","ping_status":"closed","sticky":false,"template":"","format":"standard","meta":{"footnotes":""},"categories":[23],"tags":[],"class_list":["post-2035","post","type-post","status-publish","format-standard","has-post-thumbnail","hentry","category-noticias-da-joalheria"],"_links":{"self":[{"href":"https:\/\/navasjoyeros.com\/pt\/blog\/wp-json\/wp\/v2\/posts\/2035","targetHints":{"allow":["GET"]}}],"collection":[{"href":"https:\/\/navasjoyeros.com\/pt\/blog\/wp-json\/wp\/v2\/posts"}],"about":[{"href":"https:\/\/navasjoyeros.com\/pt\/blog\/wp-json\/wp\/v2\/types\/post"}],"author":[{"embeddable":true,"href":"https:\/\/navasjoyeros.com\/pt\/blog\/wp-json\/wp\/v2\/users\/5"}],"replies":[{"embeddable":true,"href":"https:\/\/navasjoyeros.com\/pt\/blog\/wp-json\/wp\/v2\/comments?post=2035"}],"version-history":[{"count":0,"href":"https:\/\/navasjoyeros.com\/pt\/blog\/wp-json\/wp\/v2\/posts\/2035\/revisions"}],"wp:featuredmedia":[{"embeddable":true,"href":"https:\/\/navasjoyeros.com\/pt\/blog\/wp-json\/wp\/v2\/media\/2038"}],"wp:attachment":[{"href":"https:\/\/navasjoyeros.com\/pt\/blog\/wp-json\/wp\/v2\/media?parent=2035"}],"wp:term":[{"taxonomy":"category","embeddable":true,"href":"https:\/\/navasjoyeros.com\/pt\/blog\/wp-json\/wp\/v2\/categories?post=2035"},{"taxonomy":"post_tag","embeddable":true,"href":"https:\/\/navasjoyeros.com\/pt\/blog\/wp-json\/wp\/v2\/tags?post=2035"}],"curies":[{"name":"wp","href":"https:\/\/api.w.org\/{rel}","templated":true}]}}