{"id":1727,"date":"2015-09-08T12:24:22","date_gmt":"2015-09-08T11:24:22","guid":{"rendered":"https:\/\/navasjoyeros.com\/pt\/blog\/?p=1727"},"modified":"2015-09-08T12:24:22","modified_gmt":"2015-09-08T11:24:22","slug":"os-aneis-de-compromiso-da-realeza-no-mundo","status":"publish","type":"post","link":"https:\/\/navasjoyeros.com\/pt\/blog\/os-aneis-de-compromiso-da-realeza-no-mundo\/","title":{"rendered":"Os an\u00e9is de compromiso da realeza no mundo"},"content":{"rendered":"<p>Outra excelente not\u00edcia para os nossos clientes que une o magn\u00edfico designer nupcial <strong>Penhalta<\/strong>, a potente empresa espanhola El Corte Ingl\u00eas e a nossa empresa <strong>Navas Joalheiros<\/strong>.<\/p>\n<p>A <strong>joalheria<\/strong> est\u00e1 preparando e fabricando a nova colec\u00e7\u00e3o de<strong> joias do designer Penhalta<\/strong> para venda exclusiva nos centros do Corte Ingl\u00eas de Lisboa e Gaia.<\/p>\n<p>A colec\u00e7\u00e3o combina um belo e original design com a grande qualidade e expertise de pe\u00e7as de <strong>alta joalheria<\/strong>, tudo pelo melhor pre\u00e7o de mercado como \u00e9 de costume da Nava Joalheiros.<\/p>\n<p>A colec\u00e7\u00e3o de Penhalta, exclusiva para o Corte Ingl\u00eas cont\u00e9m an\u00e9is de compromisso em diamantes, alian\u00e7as de noivado e nupciais, brincos e pingentes produzidos tanto em ouro branco, quanto no amarelo.<a href=\"https:\/\/navasjoyeros.com\/pt\/blog\/wp-content\/blogs.dir\/3\/files\/2015\/08\/11825700_940624019317130_1118511832995621310_n.jpg\"><img loading=\"lazy\" decoding=\"async\" class=\"wp-image-1548 size-full aligncenter\" src=\"https:\/\/navasjoyeros.com\/pt\/blog\/wp-content\/blogs.dir\/3\/files\/2015\/08\/11825700_940624019317130_1118511832995621310_n.jpg\" alt=\"11825700_940624019317130_1118511832995621310_n\" width=\"640\" height=\"960\" srcset=\"https:\/\/navasjoyeros.com\/pt\/blog\/wp-content\/uploads\/2015\/08\/11825700_940624019317130_1118511832995621310_n.jpg 640w, https:\/\/navasjoyeros.com\/pt\/blog\/wp-content\/uploads\/2015\/08\/11825700_940624019317130_1118511832995621310_n-200x300.jpg 200w, https:\/\/navasjoyeros.com\/pt\/blog\/wp-content\/uploads\/2015\/08\/11825700_940624019317130_1118511832995621310_n-600x900.jpg 600w, https:\/\/navasjoyeros.com\/pt\/blog\/wp-content\/uploads\/2015\/08\/11825700_940624019317130_1118511832995621310_n-400x600.jpg 400w, https:\/\/navasjoyeros.com\/pt\/blog\/wp-content\/uploads\/2015\/08\/11825700_940624019317130_1118511832995621310_n-300x450.jpg 300w\" sizes=\"auto, (max-width: 640px) 100vw, 640px\" \/><\/a><\/p>\n<p>As colec\u00e7\u00f5es fabricadas por <strong>Navas Joalheiros<\/strong> em parceria com o designer Penhalta ser\u00e3o comercializada exclusivamente no Corte Ingl\u00eas, no departamento de joalheria.<\/p>\n<p>Ao adquirir uma j\u00f3ia no Corte Ingl\u00eas o cliente receber\u00e1 o certificado de garantia correspondente da pe\u00e7a, com a descri\u00e7\u00e3o de sua <strong>joia<\/strong>, citando o material utilizado na fabrica\u00e7\u00e3o, a qualidade das <strong>gemas preciosas<\/strong> e outra s\u00e9rie de vantagens como a garantia de tr\u00eas anos sobre poss\u00edveis defeios de fabrica\u00e7\u00e3o, de desgaste durante o primeiro ano da compra e tamb\u00e9m a da primeira manuten\u00e7\u00e3o que \u00e9 gratuita, cobrindo poss\u00edveis danos que venham a ocorrer com a pe\u00e7a por seu uso habitual.<img loading=\"lazy\" decoding=\"async\" class=\"aligncenter wp-image-1728 size-full\" src=\"https:\/\/navasjoyeros.com\/pt\/blog\/wp-content\/blogs.dir\/3\/files\/2015\/09\/arreglojoyas.jpg\" alt=\"arreglojoyas\" width=\"420\" height=\"400\" srcset=\"https:\/\/navasjoyeros.com\/pt\/blog\/wp-content\/uploads\/2015\/09\/arreglojoyas.jpg 420w, https:\/\/navasjoyeros.com\/pt\/blog\/wp-content\/uploads\/2015\/09\/arreglojoyas-300x286.jpg 300w, https:\/\/navasjoyeros.com\/pt\/blog\/wp-content\/uploads\/2015\/09\/arreglojoyas-400x381.jpg 400w\" sizes=\"auto, (max-width: 420px) 100vw, 420px\" \/><\/p>\n<p>Esperamos que tenhas gostado da not\u00edcia, te manteremos informado para quando a colec\u00e7\u00e3o esteja dispon\u00edvel para vendas no Corte Ingl\u00eas.<\/p>\n","protected":false},"excerpt":{"rendered":"<p>Outra excelente not\u00edcia para os nossos clientes que une o magn\u00edfico designer nupcial Penhalta, a potente empresa espanhola El Corte Ingl\u00eas e a nossa empresa Navas Joalheiros. A joalheria est\u00e1 preparando e fabricando a nova colec\u00e7\u00e3o de joias do designer Penhalta para venda exclusiva nos centros do Corte Ingl\u00eas de Lisboa e Gaia. A colec\u00e7\u00e3o [&hellip;]<\/p>\n","protected":false},"author":5,"featured_media":1456,"comment_status":"closed","ping_status":"closed","sticky":false,"template":"","format":"standard","meta":{"footnotes":""},"categories":[27,23],"tags":[],"class_list":["post-1727","post","type-post","status-publish","format-standard","has-post-thumbnail","hentry","category-eventos-da-joalheria","category-noticias-da-joalheria"],"_links":{"self":[{"href":"https:\/\/navasjoyeros.com\/pt\/blog\/wp-json\/wp\/v2\/posts\/1727","targetHints":{"allow":["GET"]}}],"collection":[{"href":"https:\/\/navasjoyeros.com\/pt\/blog\/wp-json\/wp\/v2\/posts"}],"about":[{"href":"https:\/\/navasjoyeros.com\/pt\/blog\/wp-json\/wp\/v2\/types\/post"}],"author":[{"embeddable":true,"href":"https:\/\/navasjoyeros.com\/pt\/blog\/wp-json\/wp\/v2\/users\/5"}],"replies":[{"embeddable":true,"href":"https:\/\/navasjoyeros.com\/pt\/blog\/wp-json\/wp\/v2\/comments?post=1727"}],"version-history":[{"count":0,"href":"https:\/\/navasjoyeros.com\/pt\/blog\/wp-json\/wp\/v2\/posts\/1727\/revisions"}],"wp:featuredmedia":[{"embeddable":true,"href":"https:\/\/navasjoyeros.com\/pt\/blog\/wp-json\/wp\/v2\/media\/1456"}],"wp:attachment":[{"href":"https:\/\/navasjoyeros.com\/pt\/blog\/wp-json\/wp\/v2\/media?parent=1727"}],"wp:term":[{"taxonomy":"category","embeddable":true,"href":"https:\/\/navasjoyeros.com\/pt\/blog\/wp-json\/wp\/v2\/categories?post=1727"},{"taxonomy":"post_tag","embeddable":true,"href":"https:\/\/navasjoyeros.com\/pt\/blog\/wp-json\/wp\/v2\/tags?post=1727"}],"curies":[{"name":"wp","href":"https:\/\/api.w.org\/{rel}","templated":true}]}}