{"id":1527,"date":"2015-07-27T17:58:16","date_gmt":"2015-07-27T16:58:16","guid":{"rendered":"https:\/\/navasjoyeros.com\/pt\/blog\/?p=1527"},"modified":"2015-08-10T17:23:05","modified_gmt":"2015-08-10T16:23:05","slug":"joias-de-gala","status":"publish","type":"post","link":"https:\/\/navasjoyeros.com\/pt\/blog\/joias-de-gala\/","title":{"rendered":"JOIAS DE GALA"},"content":{"rendered":"<p>N\u00e3o queremos\u00a0passar por alto a festa de Gala da Cruz Vermelha que cada ano se festeja no Principado de M\u00f4naco.<\/p>\n<p>Nos anos cinquenta do s\u00e9culo passado foi a princesa Gra\u00e7a a que impulsionou o &#8220;Baile da Rosa&#8221;, na primavera, ou o da Cruz Vermelha, no ver\u00e3o. Desde ent\u00e3o, ambos se converteram em dois dos acontecimentos sociais mais importantes do Principado de M\u00f4naco e, ano ap\u00f3s ano, a expectativa por ver desfilar \u00e0s damas Grimaldi \u00e9 m\u00e1xima.<\/p>\n<p>Um convite a uma gala de caridade \u00e9 tamb\u00e9m um convite a rebuscar dentro do teu closet. \u00c9 uma oportunidade para vestir-se verdadeiramente elegante enquanto fazes uma grande doa\u00e7\u00e3o \u00e0 boa causa da gala. Se tens dinheiro para gastar, p\u00f5e-te um conjunto deslumbrante e inesquec\u00edvell, se n\u00e3o, escolhe algo um pouco mais simples que possas transformar com alguns acess\u00f3rios. As j\u00f3ias d\u00e3o resplendor a tua pele e a tua presen\u00e7a.<\/p>\n<p><strong>Segue nossos conselhos para brilhar \u00a0tuas j\u00f3ias e real\u00e7ar-te!<\/strong><\/p>\n<p>Transforma teu simples vestido preto com<strong> j\u00f3ias<\/strong> refinadas adequadas para qualquer gala de arrecada\u00e7\u00e3o de fundos. As cl\u00e1ssicas <strong>p\u00e9rolas <\/strong>e muitos <strong>diamantes<\/strong> sempre est\u00e3o de moda.<\/p>\n<p>&nbsp;<\/p>\n<p><a href=\"https:\/\/navasjoyeros.com\/pt\/blog\/wp-content\/blogs.dir\/3\/files\/2015\/07\/afp_20150725_205333283.jpg\"><img loading=\"lazy\" decoding=\"async\" class=\"  wp-image-1528 aligncenter\" src=\"https:\/\/navasjoyeros.com\/pt\/blog\/wp-content\/blogs.dir\/3\/files\/2015\/07\/afp_20150725_205333283.jpg\" alt=\"afp_20150725_205333283\" width=\"527\" height=\"296\" srcset=\"https:\/\/navasjoyeros.com\/pt\/blog\/wp-content\/uploads\/2015\/07\/afp_20150725_205333283.jpg 978w, https:\/\/navasjoyeros.com\/pt\/blog\/wp-content\/uploads\/2015\/07\/afp_20150725_205333283-300x169.jpg 300w, https:\/\/navasjoyeros.com\/pt\/blog\/wp-content\/uploads\/2015\/07\/afp_20150725_205333283-600x337.jpg 600w, https:\/\/navasjoyeros.com\/pt\/blog\/wp-content\/uploads\/2015\/07\/afp_20150725_205333283-400x225.jpg 400w\" sizes=\"auto, (max-width: 527px) 100vw, 527px\" \/><\/a><\/p>\n<div style=\"width: 327px\" class=\"wp-caption aligncenter\"><a href=\"https:\/\/navasjoalheiros.com\/priscila-brinco-diamantes.html\"><img loading=\"lazy\" decoding=\"async\" class=\"fancybox-image\" src=\"https:\/\/navasjoalheiros.com\/media\/catalog\/product\/cache\/2\/thumbnail\/9df78eab33525d08d6e5fb8d27136e95\/p\/e\/pendientes_cortos_con_diamantes_priscilla.jpg\" alt=\"\" width=\"317\" height=\"352\" \/><\/a><p class=\"wp-caption-text\"><strong>PRISCILA, Brincos de diamantes<\/strong><\/p><\/div>\n<p>&nbsp;<\/p>\n<div style=\"width: 350px\" class=\"wp-caption aligncenter\"><img loading=\"lazy\" decoding=\"async\" class=\"fancybox-image\" src=\"https:\/\/navasjoalheiros.com\/media\/catalog\/product\/cache\/2\/thumbnail\/9df78eab33525d08d6e5fb8d27136e95\/b\/a\/baltico-pendientes-perla-principal_1.jpg\" alt=\"\" width=\"340\" height=\"377\" \/><p class=\"wp-caption-text\"><strong><a href=\"https:\/\/navasjoalheiros.com\/baltico-brincos-perola.html\">BALTICO, Brincos com p\u00e9rolas e diamantes<\/a><\/strong><\/p><\/div>\n<p>&nbsp;<\/p>\n<p>&nbsp;<\/p>\n<p>Outra coisa que h\u00e1 que considerar \u00e9 se queremos um colar que destaque porque nosso vestu\u00e1rio \u00e9 mais simples.<\/p>\n<p style=\"text-align: center\">\u00a0<a href=\"https:\/\/navasjoyeros.com\/pt\/blog\/wp-content\/blogs.dir\/3\/files\/2015\/07\/baile-monaco-charlene-z.jpg\"> \u00a0\u00a0\u00a0 <img loading=\"lazy\" decoding=\"async\" class=\"  wp-image-1529 alignleft\" src=\"https:\/\/navasjoyeros.com\/pt\/blog\/wp-content\/blogs.dir\/3\/files\/2015\/07\/baile-monaco-charlene-z.jpg\" alt=\"baile-monaco-charlene--z\" width=\"304\" height=\"440\" srcset=\"https:\/\/navasjoyeros.com\/pt\/blog\/wp-content\/uploads\/2015\/07\/baile-monaco-charlene-z.jpg 415w, https:\/\/navasjoyeros.com\/pt\/blog\/wp-content\/uploads\/2015\/07\/baile-monaco-charlene-z-208x300.jpg 208w, https:\/\/navasjoyeros.com\/pt\/blog\/wp-content\/uploads\/2015\/07\/baile-monaco-charlene-z-400x578.jpg 400w, https:\/\/navasjoyeros.com\/pt\/blog\/wp-content\/uploads\/2015\/07\/baile-monaco-charlene-z-300x434.jpg 300w\" sizes=\"auto, (max-width: 304px) 100vw, 304px\" \/><\/a><\/p>\n<p>\u00a0<a href=\"https:\/\/navasjoyeros.com\/pt\/blog\/wp-content\/blogs.dir\/3\/files\/2015\/07\/fotogaleriafamosos_89014_643.jpg\"><img loading=\"lazy\" decoding=\"async\" class=\"aligncenter  wp-image-1530\" src=\"https:\/\/navasjoyeros.com\/pt\/blog\/wp-content\/blogs.dir\/3\/files\/2015\/07\/fotogaleriafamosos_89014_643.jpg\" alt=\"fotogaleriafamosos_89014_643\" width=\"504\" height=\"375\" srcset=\"https:\/\/navasjoyeros.com\/pt\/blog\/wp-content\/uploads\/2015\/07\/fotogaleriafamosos_89014_643.jpg 643w, https:\/\/navasjoyeros.com\/pt\/blog\/wp-content\/uploads\/2015\/07\/fotogaleriafamosos_89014_643-300x223.jpg 300w, https:\/\/navasjoyeros.com\/pt\/blog\/wp-content\/uploads\/2015\/07\/fotogaleriafamosos_89014_643-600x446.jpg 600w, https:\/\/navasjoyeros.com\/pt\/blog\/wp-content\/uploads\/2015\/07\/fotogaleriafamosos_89014_643-400x297.jpg 400w\" sizes=\"auto, (max-width: 504px) 100vw, 504px\" \/><\/a><\/p>\n<div style=\"width: 389px\" class=\"wp-caption aligncenter\"><img loading=\"lazy\" decoding=\"async\" class=\"fancybox-image\" src=\"https:\/\/navasjoalheiros.com\/media\/catalog\/product\/cache\/2\/thumbnail\/9df78eab33525d08d6e5fb8d27136e95\/n\/a\/navas-joyeros_collar_1.jpg\" alt=\"\" width=\"379\" height=\"421\" \/><p class=\"wp-caption-text\"><strong><a href=\"https:\/\/navasjoalheiros.com\/serena-colar-diamantes.html\">SERENA, Colar de diamantes<\/a><\/strong><\/p><\/div>\n<div style=\"width: 421px\" class=\"wp-caption aligncenter\"><img loading=\"lazy\" decoding=\"async\" class=\"fancybox-image\" src=\"https:\/\/navasjoalheiros.com\/media\/catalog\/product\/cache\/2\/thumbnail\/9df78eab33525d08d6e5fb8d27136e95\/n\/a\/navas-joyeros_collar-diamantes_victoriaeugenia_principal.jpg\" alt=\"\" width=\"411\" height=\"456\" \/><p class=\"wp-caption-text\"><strong><a href=\"https:\/\/navasjoalheiros.com\/victoria-eugenia-colar-diamantes.html\">VICTORIA EUGENIA, Colar de diamantes<\/a><\/strong><\/p><\/div>\n<p>&nbsp;<\/p>\n<p>&nbsp;<\/p>\n<p>Os <strong>brincos compridos<\/strong> e finos deves combin\u00e1-los com decotes pesco\u00e7o V&#8230;.<\/p>\n<p><a href=\"https:\/\/navasjoyeros.com\/pt\/blog\/wp-content\/blogs.dir\/3\/files\/2015\/07\/afp_20150725_205103164.jpg\"><img loading=\"lazy\" decoding=\"async\" class=\"aligncenter  wp-image-1531\" src=\"https:\/\/navasjoyeros.com\/pt\/blog\/wp-content\/blogs.dir\/3\/files\/2015\/07\/afp_20150725_205103164.jpg\" alt=\"afp_20150725_205103164\" width=\"356\" height=\"546\" srcset=\"https:\/\/navasjoyeros.com\/pt\/blog\/wp-content\/uploads\/2015\/07\/afp_20150725_205103164.jpg 520w, https:\/\/navasjoyeros.com\/pt\/blog\/wp-content\/uploads\/2015\/07\/afp_20150725_205103164-195x300.jpg 195w, https:\/\/navasjoyeros.com\/pt\/blog\/wp-content\/uploads\/2015\/07\/afp_20150725_205103164-400x614.jpg 400w, https:\/\/navasjoyeros.com\/pt\/blog\/wp-content\/uploads\/2015\/07\/afp_20150725_205103164-300x460.jpg 300w\" sizes=\"auto, (max-width: 356px) 100vw, 356px\" \/><\/a><\/p>\n<p>&nbsp;<\/p>\n<div style=\"width: 364px\" class=\"wp-caption aligncenter\"><img loading=\"lazy\" decoding=\"async\" class=\"fancybox-image\" src=\"https:\/\/navasjoalheiros.com\/media\/catalog\/product\/cache\/2\/thumbnail\/9df78eab33525d08d6e5fb8d27136e95\/n\/a\/navas-joyeros_pendientes-largos_hiedra.jpg\" alt=\"\" width=\"354\" height=\"392\" \/><p class=\"wp-caption-text\"><strong><a href=\"https:\/\/navasjoalheiros.com\/hiedra-brincos-diamantes.html\">HIEDRA, Brincos compridos com diamantes<\/a><\/strong><\/p><\/div>\n<div style=\"width: 393px\" class=\"wp-caption aligncenter\"><a href=\"https:\/\/navasjoalheiros.com\/sukran-brinco-safira.html\"><img loading=\"lazy\" decoding=\"async\" class=\"fancybox-image\" src=\"https:\/\/navasjoalheiros.com\/media\/catalog\/product\/cache\/2\/thumbnail\/9df78eab33525d08d6e5fb8d27136e95\/n\/a\/navas-joyeros_pendientes-zafiro_sucran_1.jpg\" alt=\"\" width=\"383\" height=\"424\" \/><\/a><p class=\"wp-caption-text\"><strong>SUKRAN, brincos de safiras<\/strong><\/p><\/div>\n<div style=\"width: 388px\" class=\"wp-caption aligncenter\"><a href=\"https:\/\/navasjoalheiros.com\/corcega-brincos-cumpridos-diamantes-coral-branco.html\"><img loading=\"lazy\" decoding=\"async\" class=\"fancybox-image\" src=\"https:\/\/navasjoalheiros.com\/media\/catalog\/product\/cache\/2\/thumbnail\/9df78eab33525d08d6e5fb8d27136e95\/c\/o\/corcega-pendientes-largos-diamantes-coral.jpg\" alt=\"\" width=\"378\" height=\"419\" \/><\/a><p class=\"wp-caption-text\"><strong>CORCEGA, Brincos compridos com coral vermelho e diamantes<\/strong><\/p><\/div>\n<p>&nbsp;<\/p>\n<p>Se levas um top ou blusa de manga comprida e cor escura, combina com um anel de pedras de cor. Se levas prendas coloridas ou com estampados, tenta n\u00e3o te p\u00f4r muitos an\u00e9is, j\u00e1 que teu look parecer\u00e1 demasiado carregado.<\/p>\n<p>Se o vestido \u00e9 simples usa diamantes brilhantes ou um<strong> colar de diamantes<\/strong> com uma <strong>pulseira de diamantes<\/strong> que combine.<\/p>\n<p>&nbsp;<\/p>\n<p><img loading=\"lazy\" decoding=\"async\" id=\"irc_mi\" class=\" aligncenter\" src=\"http:\/\/www1.hola.com\/imagenes\/\/realeza\/casa_monaco\/2012040357841\/carlota-casiraghi-joyas\/0-200-370\/carlota-repossi--z.jpg\" alt=\"\" width=\"473\" height=\"415\" \/><\/p>\n<div style=\"width: 383px\" class=\"wp-caption aligncenter\"><a href=\"https:\/\/navasjoalheiros.com\/divinity-anel-design.html\"><img loading=\"lazy\" decoding=\"async\" class=\"fancybox-image\" src=\"https:\/\/navasjoalheiros.com\/media\/catalog\/product\/cache\/2\/thumbnail\/9df78eab33525d08d6e5fb8d27136e95\/n\/a\/navas-joyeros_alianza-dise_o_divinity.jpg\" alt=\"\" width=\"373\" height=\"413\" \/><\/a><p class=\"wp-caption-text\"><strong>DIVINITY, Alian\u00e7a de design<\/strong><\/p><\/div>\n<p>&nbsp;<\/p>\n<div style=\"width: 375px\" class=\"wp-caption aligncenter\"><img loading=\"lazy\" decoding=\"async\" class=\"fancybox-image\" src=\"https:\/\/navasjoalheiros.com\/media\/catalog\/product\/cache\/2\/thumbnail\/9df78eab33525d08d6e5fb8d27136e95\/n\/a\/navas-joyeros_pulsera_diamantes_magia.jpg\" alt=\"\" width=\"365\" height=\"404\" \/><p class=\"wp-caption-text\"><strong><a href=\"https:\/\/navasjoalheiros.com\/magia-pulseira-diamantes.html\">MAGIA, Pulseira de diamantes<\/a><\/strong><\/p><\/div>\n<p>&nbsp;<\/p>\n<p>A regra geral dos <strong>broches<\/strong> \u00e9 que s\u00f3 se levam com prendas grossas, como chaquetas, capas ou su\u00e9ter. Se usas um abrigo de pano ou l\u00e3 preto negro, d\u00e1-lhe um toque vintage com uma <strong>broche\u00a0dourado ou prateado<\/strong>. As capas ou t\u00fanicas ficam perfeitas com uma broche\u00a0grande.<\/p>\n<p>&nbsp;<\/p>\n<p>&nbsp;<\/p>\n<p>&nbsp;<\/p>\n<p><a href=\"https:\/\/navasjoyeros.com\/pt\/blog\/wp-content\/blogs.dir\/3\/files\/2015\/07\/Sin-t\u00edtulo.jpg\"><img loading=\"lazy\" decoding=\"async\" class=\" wp-image-1532 alignright\" src=\"https:\/\/navasjoyeros.com\/pt\/blog\/wp-content\/blogs.dir\/3\/files\/2015\/07\/Sin-t\u00edtulo.jpg\" alt=\"Sin t\u00edtulo\" width=\"890\" height=\"556\" srcset=\"https:\/\/navasjoyeros.com\/pt\/blog\/wp-content\/uploads\/2015\/07\/Sin-t\u00edtulo.jpg 1008w, https:\/\/navasjoyeros.com\/pt\/blog\/wp-content\/uploads\/2015\/07\/Sin-t\u00edtulo-300x188.jpg 300w, https:\/\/navasjoyeros.com\/pt\/blog\/wp-content\/uploads\/2015\/07\/Sin-t\u00edtulo-600x375.jpg 600w, https:\/\/navasjoyeros.com\/pt\/blog\/wp-content\/uploads\/2015\/07\/Sin-t\u00edtulo-400x250.jpg 400w\" sizes=\"auto, (max-width: 890px) 100vw, 890px\" \/><\/a><\/p>\n<p>&nbsp;<\/p>\n<div style=\"width: 426px\" class=\"wp-caption aligncenter\"><img loading=\"lazy\" decoding=\"async\" class=\"fancybox-image\" src=\"https:\/\/navasjoalheiros.com\/media\/catalog\/product\/cache\/2\/thumbnail\/9df78eab33525d08d6e5fb8d27136e95\/n\/e\/neron-broche-diamantes-principal.jpg\" alt=\"\" width=\"416\" height=\"461\" \/><p class=\"wp-caption-text\"><strong><a href=\"https:\/\/navasjoalheiros.com\/neron-pregadeira-diamantes.html\">NERON, Pregadeira com diamantes<\/a><\/strong><\/p><\/div>\n<p>&nbsp;<\/p>\n<p>&nbsp;<\/p>\n<p>Se teu vestido j\u00e1 tem um pouco de brilho, mant\u00e9m os acess\u00f3rios muito discretos. Escolhe pingentes simples.<\/p>\n<div style=\"width: 436px\" class=\"wp-caption aligncenter\"><a href=\"https:\/\/navasjoalheiros.com\/grace-pendente-diamantes.html\"><img loading=\"lazy\" decoding=\"async\" class=\"fancybox-image\" src=\"https:\/\/navasjoalheiros.com\/media\/catalog\/product\/cache\/2\/thumbnail\/9df78eab33525d08d6e5fb8d27136e95\/n\/a\/navas-joyeros-grace-colgante-diamantes.jpg\" alt=\"\" width=\"426\" height=\"472\" \/><\/a><p class=\"wp-caption-text\"><strong>GRACE, Pendente de diamantes<\/strong><\/p><\/div>\n<p>&nbsp;<\/p>\n<div style=\"width: 463px\" class=\"wp-caption aligncenter\"><a href=\"https:\/\/navasjoalheiros.com\/santorini-pendente-diamantes.html\"><img loading=\"lazy\" decoding=\"async\" class=\"fancybox-image\" src=\"https:\/\/navasjoalheiros.com\/media\/catalog\/product\/cache\/2\/thumbnail\/9df78eab33525d08d6e5fb8d27136e95\/n\/a\/navas-joyeros-santorini-colgante-diamantes-principal.jpg\" alt=\"\" width=\"453\" height=\"502\" \/><\/a><p class=\"wp-caption-text\"><strong>SANTORINI, Pendente de diamantes<\/strong><\/p><\/div>\n<p>N\u00e3o \u00e9 boa ideia usar joalheria de fantasia para uma festa de gala. \u00c9 melhor optar por um sutil e elegante acess\u00f3rio.<\/p>\n<p>Estas s\u00e3o algumas ideias de combinar tuas joias numa festa de gala. Podes encontrar o resto da colec\u00e7\u00e3o de <strong>Navas Joalheiros<\/strong> na loja on-line <a href=\"https:\/\/navasjoalheiros.com\/\">www.navasjoalheiros.com<\/a> ao melhor pre\u00e7o de mercado sem concorr\u00eancia.<\/p>\n","protected":false},"excerpt":{"rendered":"<p>N\u00e3o queremos\u00a0passar por alto a festa de Gala da Cruz Vermelha que cada ano se festeja no Principado de M\u00f4naco. Nos anos cinquenta do s\u00e9culo passado foi a princesa Gra\u00e7a a que impulsionou o &#8220;Baile da Rosa&#8221;, na primavera, ou o da Cruz Vermelha, no ver\u00e3o. Desde ent\u00e3o, ambos se converteram em dois dos acontecimentos [&hellip;]<\/p>\n","protected":false},"author":5,"featured_media":1533,"comment_status":"closed","ping_status":"closed","sticky":false,"template":"","format":"standard","meta":{"footnotes":""},"categories":[23],"tags":[],"class_list":["post-1527","post","type-post","status-publish","format-standard","has-post-thumbnail","hentry","category-noticias-da-joalheria"],"_links":{"self":[{"href":"https:\/\/navasjoyeros.com\/pt\/blog\/wp-json\/wp\/v2\/posts\/1527","targetHints":{"allow":["GET"]}}],"collection":[{"href":"https:\/\/navasjoyeros.com\/pt\/blog\/wp-json\/wp\/v2\/posts"}],"about":[{"href":"https:\/\/navasjoyeros.com\/pt\/blog\/wp-json\/wp\/v2\/types\/post"}],"author":[{"embeddable":true,"href":"https:\/\/navasjoyeros.com\/pt\/blog\/wp-json\/wp\/v2\/users\/5"}],"replies":[{"embeddable":true,"href":"https:\/\/navasjoyeros.com\/pt\/blog\/wp-json\/wp\/v2\/comments?post=1527"}],"version-history":[{"count":0,"href":"https:\/\/navasjoyeros.com\/pt\/blog\/wp-json\/wp\/v2\/posts\/1527\/revisions"}],"wp:featuredmedia":[{"embeddable":true,"href":"https:\/\/navasjoyeros.com\/pt\/blog\/wp-json\/wp\/v2\/media\/1533"}],"wp:attachment":[{"href":"https:\/\/navasjoyeros.com\/pt\/blog\/wp-json\/wp\/v2\/media?parent=1527"}],"wp:term":[{"taxonomy":"category","embeddable":true,"href":"https:\/\/navasjoyeros.com\/pt\/blog\/wp-json\/wp\/v2\/categories?post=1527"},{"taxonomy":"post_tag","embeddable":true,"href":"https:\/\/navasjoyeros.com\/pt\/blog\/wp-json\/wp\/v2\/tags?post=1527"}],"curies":[{"name":"wp","href":"https:\/\/api.w.org\/{rel}","templated":true}]}}