{"id":9299,"date":"2018-11-29T08:30:11","date_gmt":"2018-11-29T07:30:11","guid":{"rendered":"https:\/\/navasjoyeros.com\/es\/blog\/?p=9299"},"modified":"2024-10-24T11:30:55","modified_gmt":"2024-10-24T09:30:55","slug":"claudia-llagostera-la-disenadora-de-las-bodas-millennial","status":"publish","type":"post","link":"https:\/\/navasjoyeros.com\/es\/blog\/claudia-llagostera-la-disenadora-de-las-bodas-millennial\/","title":{"rendered":"Claudia Llagostera, la dise\u00f1adora de las bodas \u201cmillennial\u201d"},"content":{"rendered":"<div align=\"justify\">\n<p>La reciente publicaci\u00f3n de la prestigiosa web de bodas internacional <strong>Zankyou<\/strong> nos relata la <strong>historia de amor<\/strong> de Marta y Nacho hasta el d\u00eda de su boda. Tras 14 a\u00f1os de noviazgo, la pareja se cas\u00f3 el 15 de septiembre de 2018 en la\u00a0Iglesia San Ferm\u00edn de los Navarros\u00a0en el barrio madrile\u00f1o de Chamber\u00ed. Esta Iglesia fue declarada bien de inter\u00e9s cultural y patrimonio hist\u00f3rico de Espa\u00f1a.<\/p>\n<p>Para la elecci\u00f3n del vestido, Marta, decidi\u00f3 seguir los pasos de su madre y escogi\u00f3 un vestido de la dise\u00f1adora <strong>Claudia Llagostera<\/strong> para el gran d\u00eda. La elegancia y sutileza de sus dise\u00f1os ha llevado tanto a hija como a madre a vestirse de la <strong>dise\u00f1adora madrile\u00f1a<\/strong>, convirtiendo la elecci\u00f3n de esta firma en una tradici\u00f3n familiar.<\/p>\n<p><strong>Claudia Llagostera<\/strong> es una joven dise\u00f1adora de vestidos de boda, orientados a un p\u00fablico de mujeres j\u00f3venes que busca una l\u00ednea moderna, delicada, actual y de gran calidad para lucir el gran d\u00eda de su boda.<\/p>\n<p>La <strong>generaci\u00f3n \u2018millennial\u2019<\/strong> est\u00e1 revolucionando las bodas. Las j\u00f3venes novias buscan un <strong><em>look<\/em> nupcial<\/strong> que principalmente refleje su personalidad, valorando la comodidad, ante todo. Adem\u00e1s, muchas novias buscan la posibilidad de reutilizar sus vestidos.<\/p>\n<p>Marta, luci\u00f3 un sencillo vestido de tejido ligero con tirantes abotonados al final de un amplio escote en la espalda y corte recto. El dise\u00f1o fue combinado con un sobrecuerpo flu\u00eddo, con discretas transparencias realizado en encaje con motivos florales que pudo quitarse tras la ceremonia para lucir el vestido en el banquete.<\/p>\n<p style=\"text-align: center\"><img loading=\"lazy\" decoding=\"async\" class=\"aligncenter wp-image-9300\" src=\"https:\/\/navasjoyeros.com\/es\/blog\/wp-content\/uploads\/2018\/11\/fg.jpg\" alt=\"\" width=\"360\" height=\"240\" \/>Fuente: Elena Bau (https:\/\/www.zankyou.es\/p\/un-amor-de-14-anos-la-boda-de-marta-y-nacho)<\/p>\n<p>Por otro lado, el secreto para completar ese <em>look<\/em> se basa en la <strong>correcta elecci\u00f3n de las joyas<\/strong>, que marcar\u00e1n la imagen y personalidad de la novia. Por este motivo es muy importante no recargarnos y optar por la sencillez. Siempre <strong>\u201cmenos es m\u00e1s\u201d.<\/strong><\/p>\n<p>La conocida dise\u00f1adora <strong>Claudia Llagostera<\/strong>, ha creado una <strong>colecci\u00f3n de joyas<\/strong> elaborada por <a href=\"https:\/\/navasjoyeros.com\/\" target=\"_blank\" rel=\"noopener\"><strong>Navas Joyeros<\/strong><\/a> de la m\u00e1s alta calidad. Te la mostramos para que puedas seguir con la tradici\u00f3n de llevar \u201calgo nuevo\u201d. Las novias j\u00f3venes son precisamente el p\u00fablico de la dise\u00f1adora, que busca transmitir en esta <strong>elaborada colecci\u00f3n<\/strong> la imagen de su firma desde la delicadeza y elegancia que la caracteriza por sus elaborados dise\u00f1os de diademas, tiaras, horquillas y pendientes.<\/p>\n<h4>CLAUDIA 2, Tiara de dise\u00f1o desmontable<\/h4>\n<p><a href=\"https:\/\/navasjoyeros.com\/claudia2-tiara-dise-o.html\" target=\"_blank\" rel=\"noopener\"><img loading=\"lazy\" decoding=\"async\" class=\"aligncenter\" src=\"https:\/\/navasjoyeros.com\/media\/catalog\/product\/cache\/1\/image\/535x\/040ec09b1e35df139433887a97daa66f\/t\/i\/tiara-claudia-llagostera-navas-joyeros-modelo.jpg\" alt=\"Tiara de boda Claudia2\" width=\"300\" height=\"333\" \/><\/a><\/p>\n<p style=\"text-align: center\"><a href=\"https:\/\/navasjoyeros.com\/claudia2-tiara-dise-o.html\">CLAUDIA 2, Tiara de dise\u00f1o desmontable<\/a><strong>\u00a0 \u00a0 \u00a0 <\/strong><\/p>\n<p>&nbsp;<\/p>\n<h4>CLAUDIA 7, Pendientes de dise\u00f1o<\/h4>\n<p><a href=\"https:\/\/navasjoyeros.com\/claudia7-pendientes-de-dise-o.html\" target=\"_blank\" rel=\"noopener\"><img loading=\"lazy\" decoding=\"async\" class=\"aligncenter\" src=\"https:\/\/navasjoyeros.com\/media\/catalog\/product\/cache\/1\/image\/535x\/040ec09b1e35df139433887a97daa66f\/p\/e\/pendientes-piedra-de-color--claudia-llagostera-7-navas-joyeros-modelo.jpg\" alt=\"Pendientes de novia CLAUDIA7\" width=\"300\" height=\"332\" \/><\/a><\/p>\n<p style=\"text-align: center\"><strong>\u00a0 \u00a0 \u00a0 \u00a0\u00a0<\/strong><a href=\"https:\/\/navasjoyeros.com\/claudia7-pendientes-de-dise-o.html\">CLAUDIA 7, Pendientes de dise\u00f1o<\/a><\/p>\n<p>&nbsp;<\/p>\n<p><strong>\u00a0\u00a0\u00a0\u00a0\u00a0\u00a0\u00a0\u00a0\u00a0\u00a0\u00a0\u00a0\u00a0\u00a0\u00a0\u00a0\u00a0\u00a0\u00a0\u00a0\u00a0\u00a0\u00a0\u00a0\u00a0\u00a0\u00a0 <\/strong><\/p>\n<p>La esencia de la dise\u00f1adora y de la firma se basa en cumplir los deseos de las novias para que puedan tener la boda de sus sue\u00f1os. Ofrecer a sus clientes un\u00a0<strong>servicio totalmente personalizado<\/strong>\u00a0para realizar unos dise\u00f1os \u00fanicos, basados en las peticiones de las novias para reflejar a la perfecci\u00f3n su personalidad. Este es el objetivo de sus joyas, plasmar en su colecci\u00f3n el\u00a0<em>look\u00a0<\/em>de una novia natural y sencilla, a la par que moderna y actual, para que el d\u00eda de su boda pueda sentirse segura y elegante, gracias a la exclusividad de la colecci\u00f3n de joyas\u00a0<strong>Claudia Llagostera y Navas Joyeros.<\/strong><\/p>\n<p><strong>\u00a0<\/strong><\/p>\n<\/div>\n","protected":false},"excerpt":{"rendered":"<p>La reciente publicaci\u00f3n de la prestigiosa web de bodas internacional Zankyou nos relata la historia de amor de Marta y Nacho hasta el d\u00eda de su boda. Tras 14 a\u00f1os de noviazgo, la pareja se cas\u00f3 el 15 de septiembre de 2018 en la\u00a0Iglesia San Ferm\u00edn de los Navarros\u00a0en el barrio madrile\u00f1o de Chamber\u00ed. Esta [&hellip;]<\/p>\n","protected":false},"author":5,"featured_media":21075,"comment_status":"closed","ping_status":"closed","sticky":false,"template":"","format":"standard","meta":{"footnotes":""},"categories":[21],"tags":[],"class_list":["post-9299","post","type-post","status-publish","format-standard","has-post-thumbnail","hentry","category-noticias-de-joyeria"],"_links":{"self":[{"href":"https:\/\/navasjoyeros.com\/es\/blog\/wp-json\/wp\/v2\/posts\/9299","targetHints":{"allow":["GET"]}}],"collection":[{"href":"https:\/\/navasjoyeros.com\/es\/blog\/wp-json\/wp\/v2\/posts"}],"about":[{"href":"https:\/\/navasjoyeros.com\/es\/blog\/wp-json\/wp\/v2\/types\/post"}],"author":[{"embeddable":true,"href":"https:\/\/navasjoyeros.com\/es\/blog\/wp-json\/wp\/v2\/users\/5"}],"replies":[{"embeddable":true,"href":"https:\/\/navasjoyeros.com\/es\/blog\/wp-json\/wp\/v2\/comments?post=9299"}],"version-history":[{"count":1,"href":"https:\/\/navasjoyeros.com\/es\/blog\/wp-json\/wp\/v2\/posts\/9299\/revisions"}],"predecessor-version":[{"id":22270,"href":"https:\/\/navasjoyeros.com\/es\/blog\/wp-json\/wp\/v2\/posts\/9299\/revisions\/22270"}],"wp:featuredmedia":[{"embeddable":true,"href":"https:\/\/navasjoyeros.com\/es\/blog\/wp-json\/wp\/v2\/media\/21075"}],"wp:attachment":[{"href":"https:\/\/navasjoyeros.com\/es\/blog\/wp-json\/wp\/v2\/media?parent=9299"}],"wp:term":[{"taxonomy":"category","embeddable":true,"href":"https:\/\/navasjoyeros.com\/es\/blog\/wp-json\/wp\/v2\/categories?post=9299"},{"taxonomy":"post_tag","embeddable":true,"href":"https:\/\/navasjoyeros.com\/es\/blog\/wp-json\/wp\/v2\/tags?post=9299"}],"curies":[{"name":"wp","href":"https:\/\/api.w.org\/{rel}","templated":true}]}}