{"id":7530,"date":"2017-10-26T09:00:54","date_gmt":"2017-10-26T07:00:54","guid":{"rendered":"https:\/\/navasjoyeros.com\/es\/blog\/?p=7530"},"modified":"2017-10-25T12:14:59","modified_gmt":"2017-10-25T10:14:59","slug":"navas-icons-colecciones-de-bloggers","status":"publish","type":"post","link":"https:\/\/navasjoyeros.com\/es\/blog\/navas-icons-colecciones-de-bloggers\/","title":{"rendered":"Navas Icons: Colecciones de bloggers"},"content":{"rendered":"<div align=\"justify\">\nDesde m\u00e1s de dos d\u00e9cadas nuestra firma se ha especializado en la fabricaci\u00f3n de piezas de\u00a0<strong>alta joyer\u00eda<\/strong>, principalmente<strong>\u00a0anillos de compromiso<\/strong>\u00a0y\u00a0<strong>pendientes de diamantes<\/strong>\u00a0y\u00a0<strong>piedras preciosas<\/strong>\u00a0de primer nivel.<\/p>\n<p>Sin embargo, nuestro \u00e1nimo, es acercar la\u00a0<strong>joyer\u00eda<\/strong>\u00a0al gran p\u00fablico, y m\u00e1s a un p\u00fablico joven, consumidor de unas\u00a0<strong>joyas<\/strong>, muy en tendencia, y con un dise\u00f1o y est\u00e9tica muy definida, normalmente marcada por influencers de su misma edad.<\/p>\n<p>Este fue el motivo de la creaci\u00f3n de\u00a0<a href=\"https:\/\/navasjoyeros.com\/novedades\/navas-icons.html\">Navas Icons<\/a>, un grupo seleccionado de Bloggers muy reconocidas. Conocedoras de la actualidad y de las tendencias, y por tanto las m\u00e1s cualificadas para dise\u00f1ar con nuestra ayuda\u00a0<strong>joyas<\/strong>\u00a0muy cutting Edge, para un p\u00fablico\u00a0<strong>joven<\/strong>\u00a0y\u00a0<strong>exigente<\/strong>.<\/p>\n<h3>Navas Icons<\/h3>\n<p>Dentro de estas Blogger, tenemos a\u00a0<strong>Silvia<\/strong>, cuyo blog\u00a0<strong>El armario de Silvia<\/strong>, tiene un amplio seguimiento y nos informa de los looks m\u00e1s de moda.<\/p>\n<p>Su colecci\u00f3n muy amplia e ideal para lucir a diario, consta de numerosas\u00a0<strong>joyas.<\/strong>\u00a0Con una gran aceptaci\u00f3n comercial tanto por su dise\u00f1o, su\u00a0<strong>alta calidad<\/strong>\u00a0lograda por una perfecta fabricaci\u00f3n en materiales preciosos como la\u00a0<strong>plata<\/strong>\u00a0y\u00a0<strong>oro de primera ley<\/strong>, y las\u00a0<strong>piedras preciosas<\/strong>\u00a0naturales m\u00e1s bellas.<\/p>\n<p>Sus letras grandes y peque\u00f1as y sus colgantes de nombres son unas bellas<strong>\u00a0joyas<\/strong>\u00a0de gran \u00e9xito,\u00a0<strong>alta calidad<\/strong>\u00a0y excepcional precio. Que te permiten lucir y regalar\u00a0<strong>joyas<\/strong>\u00a0muy en tendencia que seguro te encantar\u00e1 lucir.<\/p>\n<p>No podemos por menos que mencionar su \u00faltima pieza,\u00a0<a href=\"https:\/\/navasjoyeros.com\/silvia4-pendiente-dise-o.html\">SILVIA 4, pendientes de dise\u00f1o<\/a>. Son unos excepcionales\u00a0<strong>pendientes<\/strong>\u00a0con dos\u00a0<strong>gemas de cuarzo<\/strong>, semifacetada, e integrada en la\u00a0<strong>joya<\/strong>\u00a0con sutilidad. A trav\u00e9s de biseles de\u00a0<strong>plata<\/strong>\u00a0y\u00a0<strong>oro.<\/strong>\u00a0Una pieza en plena tendencia que te ofrecemos a un precio \u00fanico.<\/p>\n<p>Se convertir\u00e1n en unos\u00a0<strong>pendientes<\/strong>\u00a0que podr\u00e1s lucir a diario, o en eventos puntuales. Pero que, gracias a un sistema de cierre integrado en presi\u00f3n, te garantiza comodidad, seguridad y un perfecto posicionamiento de la\u00a0<strong>joya<\/strong>\u00a0con respecto al rostro.<\/p>\n<p><a href=\"https:\/\/navasjoyeros.com\/silvia4-pendiente-dise-o.html\"><img loading=\"lazy\" decoding=\"async\" class=\"aligncenter wp-image-7533 size-medium\" src=\"https:\/\/navasjoyeros.com\/es\/blog\/wp-content\/uploads\/2017\/10\/pendientes-silvia-garcia-blogger-271x300.jpg\" alt=\"pendientes-silvia-garcia-blogger\" width=\"271\" height=\"300\" srcset=\"https:\/\/navasjoyeros.com\/es\/blog\/wp-content\/uploads\/2017\/10\/pendientes-silvia-garcia-blogger-271x300.jpg 271w, https:\/\/navasjoyeros.com\/es\/blog\/wp-content\/uploads\/2017\/10\/pendientes-silvia-garcia-blogger-400x443.jpg 400w, https:\/\/navasjoyeros.com\/es\/blog\/wp-content\/uploads\/2017\/10\/pendientes-silvia-garcia-blogger-300x333.jpg 300w, https:\/\/navasjoyeros.com\/es\/blog\/wp-content\/uploads\/2017\/10\/pendientes-silvia-garcia-blogger.jpg 535w\" sizes=\"auto, (max-width: 271px) 100vw, 271px\" \/><\/a><\/p>\n<p>En segundo lugar, tenemos dentro de nuestro apartado\u00a0<a href=\"https:\/\/navasjoyeros.com\/novedades\/navas-icons.html\">Navas Icons<\/a>, a la famosa blogger canaria\u00a0<strong>Marta Ibrahim<\/strong>. La cual ha dise\u00f1ado para<a href=\"https:\/\/navasjoyeros.com\/\">\u00a0Navas Joyeros<\/a>\u00a0una exclusiva colecci\u00f3n de\u00a0<strong>anillos<\/strong>\u00a0y\u00a0<strong>pendientes<\/strong>\u00a0muy\u00a0<strong>juveniles<\/strong>. Perfectos para llevar a diario. Y a unos precios inmejorables, adaptados al p\u00fablico\u00a0<strong>joven<\/strong>.<\/p>\n<p>Por ejemplo, su dise\u00f1o\u00a0<a href=\"https:\/\/navasjoyeros.com\/mia10-pendientes-dise-o.html\">MIA 10, pendientes de dise\u00f1o<\/a>. Son unos originales<strong>\u00a0pendientes<\/strong>\u00a0en forma trenzada que se desarrolla hacia arriba del l\u00f3bulo de la oreja. Se complementa con todo tipo de look desde m\u00e1s casual a m\u00e1s elegante. Se presenta tanto en\u00a0<strong>plata dorada<\/strong>\u00a0como\u00a0<strong>plateada<\/strong>.<\/p>\n<p><a href=\"https:\/\/navasjoyeros.com\/mia10-pendiente-dise-o.html\"><img loading=\"lazy\" decoding=\"async\" class=\"aligncenter wp-image-7534 size-medium\" src=\"https:\/\/navasjoyeros.com\/es\/blog\/wp-content\/uploads\/2017\/10\/mia-10-web_1-271x300.jpg\" alt=\"mia-10-web_1\" width=\"271\" height=\"300\" srcset=\"https:\/\/navasjoyeros.com\/es\/blog\/wp-content\/uploads\/2017\/10\/mia-10-web_1-271x300.jpg 271w, https:\/\/navasjoyeros.com\/es\/blog\/wp-content\/uploads\/2017\/10\/mia-10-web_1-400x443.jpg 400w, https:\/\/navasjoyeros.com\/es\/blog\/wp-content\/uploads\/2017\/10\/mia-10-web_1-300x333.jpg 300w, https:\/\/navasjoyeros.com\/es\/blog\/wp-content\/uploads\/2017\/10\/mia-10-web_1.jpg 535w\" sizes=\"auto, (max-width: 271px) 100vw, 271px\" \/><\/a><\/p>\n<p>La siguiente blogger es\u00a0<strong>Cristina Castro<\/strong>, titular del blog\u00a0<strong>The Desire<\/strong>, cuya colecci\u00f3n de\u00a0<strong>joyas<\/strong>\u00a0lleva el mismo nombre. Una colecci\u00f3n muy en tendencia, para mujeres con gran gusto por la moda y preocupadas por los peque\u00f1os detalles.<\/p>\n<p>Te mostramos el precioso modelo\u00a0<a href=\"https:\/\/navasjoyeros.com\/the-desire-6-pendiente-dise-o.html\">THE DESIRE 6, pendientes de dise\u00f1o<\/a>. Es un dise\u00f1o diferente, en\u00a0<strong>plata<\/strong>\u00a0con las m\u00e1s bellas\u00a0<strong>circonitas<\/strong>\u00a0o en\u00a0<strong>Oro de Primera Ley\u00a0<\/strong>con un bello\u00a0<strong>zafiro<\/strong>\u00a0<strong>blanco<\/strong>\u00a0natural. Adem\u00e1s, podr\u00e1s combinarlos con la\u00a0<strong>sortija<\/strong>\u00a0de id\u00e9ntico dise\u00f1o. Creando un set perfecto para lucir en tu d\u00eda a d\u00eda. Estos\u00a0<strong>pendientes<\/strong>\u00a0son desmontables, puedes lucir \u00fanicamente la dormilona como\u00a0<strong>pendiente<\/strong>\u00a0corto sin la serpiente.<\/p>\n<p><a href=\"https:\/\/navasjoyeros.com\/the-desire-6-pendiente-dise-o.html\"><img loading=\"lazy\" decoding=\"async\" class=\"aligncenter wp-image-7535 size-medium\" src=\"https:\/\/navasjoyeros.com\/es\/blog\/wp-content\/uploads\/2017\/10\/the-desire-by-cristina-cerqueiras-pendiente-serpiente-271x300.jpg\" alt=\"the-desire-by-cristina-cerqueiras-pendiente-serpiente\" width=\"271\" height=\"300\" srcset=\"https:\/\/navasjoyeros.com\/es\/blog\/wp-content\/uploads\/2017\/10\/the-desire-by-cristina-cerqueiras-pendiente-serpiente-271x300.jpg 271w, https:\/\/navasjoyeros.com\/es\/blog\/wp-content\/uploads\/2017\/10\/the-desire-by-cristina-cerqueiras-pendiente-serpiente-400x443.jpg 400w, https:\/\/navasjoyeros.com\/es\/blog\/wp-content\/uploads\/2017\/10\/the-desire-by-cristina-cerqueiras-pendiente-serpiente-300x333.jpg 300w, https:\/\/navasjoyeros.com\/es\/blog\/wp-content\/uploads\/2017\/10\/the-desire-by-cristina-cerqueiras-pendiente-serpiente.jpg 535w\" sizes=\"auto, (max-width: 271px) 100vw, 271px\" \/><\/a><\/p>\n<p>En tercer lugar, te hablamos de\u00a0<strong>Marieta<\/strong>, la conocida wedding blogger. Ha creado para nuestra firma una preciosa colecci\u00f3n de\u00a0<strong>joyer\u00eda<\/strong>\u00a0con un toque m\u00e1s nupcial, pero para cualquier estilo y ocasi\u00f3n. Muy juvenil y en\u00a0<strong>tendencia<\/strong>.<\/p>\n<p>Por ejemplo, su modelo\u00a0<a href=\"https:\/\/navasjoyeros.com\/alma-6-sortija-piedra-color.html\">ALMA 6, sortija con piedra de color<\/a>. Es ideal para una ocasi\u00f3n especial o para el d\u00eda de tu boda. Est\u00e1 fabricado en\u00a0<strong>plata de primera ley<\/strong>\u00a0con\u00a0<strong>circonitas<\/strong>\u00a0y\u00a0<strong>gemas naturales de color<\/strong>\u00a0de la m\u00e1s\u00a0<strong>alta calidad<\/strong>. Tambi\u00e9n existe la posibilidad de realizarla en\u00a0<strong>oro de 18 quilates<\/strong>\u00a0con\u00a0<strong>diamantes<\/strong>\u00a0en talla brillante y con una\u00a0<strong>gema de color<\/strong>\u00a0en forma de l\u00e1grima. Su precio no te har\u00e1 dudar en la compra y lucir esta preciosa\u00a0<strong>sortija<\/strong>\u00a0el d\u00eda de tu boda.<\/p>\n<p><a href=\"https:\/\/navasjoyeros.com\/alma-6-sortija-piedra-color.html\"><img loading=\"lazy\" decoding=\"async\" class=\"aligncenter wp-image-7536 size-medium\" src=\"https:\/\/navasjoyeros.com\/es\/blog\/wp-content\/uploads\/2017\/10\/anillo-alma-6-rosa-quiero-una-boda-perfecta-271x300.jpg\" alt=\"anillo-alma-6-rosa-quiero-una-boda-perfecta\" width=\"271\" height=\"300\" srcset=\"https:\/\/navasjoyeros.com\/es\/blog\/wp-content\/uploads\/2017\/10\/anillo-alma-6-rosa-quiero-una-boda-perfecta-271x300.jpg 271w, https:\/\/navasjoyeros.com\/es\/blog\/wp-content\/uploads\/2017\/10\/anillo-alma-6-rosa-quiero-una-boda-perfecta-400x443.jpg 400w, https:\/\/navasjoyeros.com\/es\/blog\/wp-content\/uploads\/2017\/10\/anillo-alma-6-rosa-quiero-una-boda-perfecta-300x333.jpg 300w, https:\/\/navasjoyeros.com\/es\/blog\/wp-content\/uploads\/2017\/10\/anillo-alma-6-rosa-quiero-una-boda-perfecta.jpg 535w\" sizes=\"auto, (max-width: 271px) 100vw, 271px\" \/><\/a><\/p>\n<p>Y, en cuarto lugar, pero no menos importante, tenemos a la conocida influencers\u00a0<strong>Mar\u00eda Jos\u00e9 Gordillo<\/strong>. Con su colecci\u00f3n\u00a0<strong>My summer<\/strong>, donde encontrar\u00e1s<strong>\u00a0joyas<\/strong>\u00a0con un dise\u00f1o muy original y vanguardista. Ideales para cualquier ocasi\u00f3n, incluso en tu d\u00eda a d\u00eda.<\/p>\n<p>Por ejemplo, su\u00a0<a href=\"https:\/\/navasjoyeros.com\/flamenco-colgante-dise-o.html\">FLAMENCO, colgante de dise\u00f1o<\/a>. Los\u00a0<strong>flamencos<\/strong>\u00a0est\u00e1n muy en tendencia \u00faltimamente, los llevamos como flotadores a la playa, piscinas. Tenemos ba\u00f1adores con\u00a0<strong>flamencos<\/strong>, fundas de m\u00f3viles, entre otras cosas. Y como complemento en nuestra colecci\u00f3n de\u00a0<strong>joyer\u00eda<\/strong>\u00a0no nos puede faltar. Es un dise\u00f1o muy juvenil y elegante, se puede adquirir tanto en\u00a0<strong>plata<\/strong>\u00a0como en\u00a0<strong>oro de primera ley<\/strong>, en sus diferentes tonalidades.<\/p>\n<p><a href=\"https:\/\/navasjoyeros.com\/flamenco-colgante-dise-o.html\"><img loading=\"lazy\" decoding=\"async\" class=\"aligncenter wp-image-7537 size-medium\" src=\"https:\/\/navasjoyeros.com\/es\/blog\/wp-content\/uploads\/2017\/10\/colgante-de-dise_o-flamenco-plata-amarilla-271x300.jpg\" alt=\"colgante-de-dise_o-flamenco-plata-amarilla\" width=\"271\" height=\"300\" srcset=\"https:\/\/navasjoyeros.com\/es\/blog\/wp-content\/uploads\/2017\/10\/colgante-de-dise_o-flamenco-plata-amarilla-271x300.jpg 271w, https:\/\/navasjoyeros.com\/es\/blog\/wp-content\/uploads\/2017\/10\/colgante-de-dise_o-flamenco-plata-amarilla-400x443.jpg 400w, https:\/\/navasjoyeros.com\/es\/blog\/wp-content\/uploads\/2017\/10\/colgante-de-dise_o-flamenco-plata-amarilla-300x333.jpg 300w, https:\/\/navasjoyeros.com\/es\/blog\/wp-content\/uploads\/2017\/10\/colgante-de-dise_o-flamenco-plata-amarilla.jpg 535w\" sizes=\"auto, (max-width: 271px) 100vw, 271px\" \/><\/a><\/p>\n<p>Otro perfecto ejemplo de esta colecci\u00f3n\u00a0<strong>My summer<\/strong>\u00a0es el\u00a0<a href=\"https:\/\/navasjoyeros.com\/colgante-dise-o-cactus.html\">CACTUS, colgante de dise\u00f1o<\/a>. Ideal para cualquier ocasi\u00f3n como el\u00a0<strong>colgante<\/strong>\u00a0anterior. Fabricado en<strong>\u00a0plata<\/strong>\u00a0o en\u00a0<strong>oro de primera ley<\/strong>, en sus tres tonalidades,\u00a0<strong>amarillo<\/strong>,\u00a0<strong>rosa<\/strong>\u00a0o\u00a0<strong>blanco<\/strong>. Y por supuesto al mejor precio del mercado.<\/p>\n<p><a href=\"https:\/\/navasjoyeros.com\/colgante-dise-o-cactus.html\"><img loading=\"lazy\" decoding=\"async\" class=\"aligncenter wp-image-7538 size-medium\" src=\"https:\/\/navasjoyeros.com\/es\/blog\/wp-content\/uploads\/2017\/10\/colgante-cactus-plata-anillo-de-dise_o-271x300.jpg\" alt=\"colgante-cactus-plata-anillo-de-dise_o\" width=\"271\" height=\"300\" srcset=\"https:\/\/navasjoyeros.com\/es\/blog\/wp-content\/uploads\/2017\/10\/colgante-cactus-plata-anillo-de-dise_o-271x300.jpg 271w, https:\/\/navasjoyeros.com\/es\/blog\/wp-content\/uploads\/2017\/10\/colgante-cactus-plata-anillo-de-dise_o-400x443.jpg 400w, https:\/\/navasjoyeros.com\/es\/blog\/wp-content\/uploads\/2017\/10\/colgante-cactus-plata-anillo-de-dise_o-300x333.jpg 300w, https:\/\/navasjoyeros.com\/es\/blog\/wp-content\/uploads\/2017\/10\/colgante-cactus-plata-anillo-de-dise_o.jpg 535w\" sizes=\"auto, (max-width: 271px) 100vw, 271px\" \/><\/a><\/p>\n<p>Ya no puedes decir que las\u00a0<strong>joyas<\/strong>\u00a0no se adaptan a tu estilo y edad. Entra en nuestra tienda online\u00a0<a href=\"https:\/\/navasjoyeros.com\/\">Navas Joyeros<\/a>\u00a0en nuestro apartado de\u00a0<a href=\"https:\/\/navasjoyeros.com\/novedades\/navas-icons.html\">Navas Icons\u00a0<\/a>y encuentra tu\u00a0<strong>joya<\/strong>\u00a0ideal. Seg\u00fan tu estilo y personalidad. Muy juveniles y en tendencia.\n<\/div>\n","protected":false},"excerpt":{"rendered":"<p>Desde m\u00e1s de dos d\u00e9cadas nuestra firma se ha especializado en la fabricaci\u00f3n de piezas de\u00a0alta joyer\u00eda, principalmente\u00a0anillos de compromiso\u00a0y\u00a0pendientes de diamantes\u00a0y\u00a0piedras preciosas\u00a0de primer nivel. Sin embargo, nuestro \u00e1nimo, es acercar la\u00a0joyer\u00eda\u00a0al gran p\u00fablico, y m\u00e1s a un p\u00fablico joven, consumidor de unas\u00a0joyas, muy en tendencia, y con un dise\u00f1o y est\u00e9tica muy definida, normalmente [&hellip;]<\/p>\n","protected":false},"author":5,"featured_media":7544,"comment_status":"closed","ping_status":"closed","sticky":false,"template":"","format":"standard","meta":{"footnotes":""},"categories":[21],"tags":[],"class_list":["post-7530","post","type-post","status-publish","format-standard","has-post-thumbnail","hentry","category-noticias-de-joyeria"],"_links":{"self":[{"href":"https:\/\/navasjoyeros.com\/es\/blog\/wp-json\/wp\/v2\/posts\/7530","targetHints":{"allow":["GET"]}}],"collection":[{"href":"https:\/\/navasjoyeros.com\/es\/blog\/wp-json\/wp\/v2\/posts"}],"about":[{"href":"https:\/\/navasjoyeros.com\/es\/blog\/wp-json\/wp\/v2\/types\/post"}],"author":[{"embeddable":true,"href":"https:\/\/navasjoyeros.com\/es\/blog\/wp-json\/wp\/v2\/users\/5"}],"replies":[{"embeddable":true,"href":"https:\/\/navasjoyeros.com\/es\/blog\/wp-json\/wp\/v2\/comments?post=7530"}],"version-history":[{"count":0,"href":"https:\/\/navasjoyeros.com\/es\/blog\/wp-json\/wp\/v2\/posts\/7530\/revisions"}],"wp:featuredmedia":[{"embeddable":true,"href":"https:\/\/navasjoyeros.com\/es\/blog\/wp-json\/wp\/v2\/media\/7544"}],"wp:attachment":[{"href":"https:\/\/navasjoyeros.com\/es\/blog\/wp-json\/wp\/v2\/media?parent=7530"}],"wp:term":[{"taxonomy":"category","embeddable":true,"href":"https:\/\/navasjoyeros.com\/es\/blog\/wp-json\/wp\/v2\/categories?post=7530"},{"taxonomy":"post_tag","embeddable":true,"href":"https:\/\/navasjoyeros.com\/es\/blog\/wp-json\/wp\/v2\/tags?post=7530"}],"curies":[{"name":"wp","href":"https:\/\/api.w.org\/{rel}","templated":true}]}}