{"id":6663,"date":"2017-01-07T10:20:38","date_gmt":"2017-01-07T09:20:38","guid":{"rendered":"https:\/\/navasjoyeros.com\/es\/blog\/?p=6663"},"modified":"2019-08-30T13:55:13","modified_gmt":"2019-08-30T11:55:13","slug":"6663-2","status":"publish","type":"post","link":"https:\/\/navasjoyeros.com\/es\/blog\/6663-2\/","title":{"rendered":"Paola Domingu\u00edn merienda con diamantes"},"content":{"rendered":"<p>Hoy os traemos una de las muchas exposiciones, tan conocidas y acalamadas por nuestros clientes, que se realiz\u00f3 en los grandes alamacenes de <strong>El Corte Ingl\u00e9s<\/strong> de Badajoz.<\/p>\n<p><strong>Navas Joyeros<\/strong> es una empresa espa\u00f1ola de <strong>joyer\u00eda<\/strong> con una larga tradici\u00f3n profesional en la venta de<strong> joyas y diamantes<\/strong>. Nuestra firma es una empresa formada por un equipo de profesionales sumamente cualificados que buscan una nueva v\u00eda para acercar la <strong>joyer\u00eda<\/strong> y los diamantes al cliente. Por ello, queremos mostraros parte de las exposiciones de nuestra colecci\u00f3n que hemos llevado a cabo por todos los alrededores de Espa\u00f1a.<\/p>\n<p>Esta exposici\u00f3n, cont\u00f3 con la famosa actriz y modelo<strong> Paola Domingu\u00edn<\/strong> como madrina del evento. Todas las <strong>joyas<\/strong> estaban valoradas en torno a los 4,2 millones de euros, con una amplia variedad de posibilidades, que se adaptaban a todos los gustos y presupuestos de los asistentes.<\/p>\n<p><img loading=\"lazy\" decoding=\"async\" class=\"aligncenter wp-image-6664\" src=\"https:\/\/navasjoyeros.com\/es\/blog\/wp-content\/uploads\/2017\/04\/LAVANGUARDIA-178x300.jpg\" alt=\"diamantes en el periodico\" width=\"301\" height=\"507\" srcset=\"https:\/\/navasjoyeros.com\/es\/blog\/wp-content\/uploads\/2017\/04\/LAVANGUARDIA-178x300.jpg 178w, https:\/\/navasjoyeros.com\/es\/blog\/wp-content\/uploads\/2017\/04\/LAVANGUARDIA.jpg 600w, https:\/\/navasjoyeros.com\/es\/blog\/wp-content\/uploads\/2017\/04\/LAVANGUARDIA-400x673.jpg 400w, https:\/\/navasjoyeros.com\/es\/blog\/wp-content\/uploads\/2017\/04\/LAVANGUARDIA-300x505.jpg 300w\" sizes=\"auto, (max-width: 301px) 100vw, 301px\" \/><\/p>\n","protected":false},"excerpt":{"rendered":"<p>Hoy os traemos una de las muchas exposiciones, tan conocidas y acalamadas por nuestros clientes, que se realiz\u00f3 en los grandes alamacenes de El Corte Ingl\u00e9s de Badajoz. Navas Joyeros es una empresa espa\u00f1ola de joyer\u00eda con una larga tradici\u00f3n profesional en la venta de joyas y diamantes. Nuestra firma es una empresa formada por [&hellip;]<\/p>\n","protected":false},"author":5,"featured_media":10701,"comment_status":"closed","ping_status":"closed","sticky":false,"template":"","format":"standard","meta":{"footnotes":""},"categories":[21],"tags":[],"class_list":["post-6663","post","type-post","status-publish","format-standard","has-post-thumbnail","hentry","category-noticias-de-joyeria"],"_links":{"self":[{"href":"https:\/\/navasjoyeros.com\/es\/blog\/wp-json\/wp\/v2\/posts\/6663","targetHints":{"allow":["GET"]}}],"collection":[{"href":"https:\/\/navasjoyeros.com\/es\/blog\/wp-json\/wp\/v2\/posts"}],"about":[{"href":"https:\/\/navasjoyeros.com\/es\/blog\/wp-json\/wp\/v2\/types\/post"}],"author":[{"embeddable":true,"href":"https:\/\/navasjoyeros.com\/es\/blog\/wp-json\/wp\/v2\/users\/5"}],"replies":[{"embeddable":true,"href":"https:\/\/navasjoyeros.com\/es\/blog\/wp-json\/wp\/v2\/comments?post=6663"}],"version-history":[{"count":0,"href":"https:\/\/navasjoyeros.com\/es\/blog\/wp-json\/wp\/v2\/posts\/6663\/revisions"}],"wp:featuredmedia":[{"embeddable":true,"href":"https:\/\/navasjoyeros.com\/es\/blog\/wp-json\/wp\/v2\/media\/10701"}],"wp:attachment":[{"href":"https:\/\/navasjoyeros.com\/es\/blog\/wp-json\/wp\/v2\/media?parent=6663"}],"wp:term":[{"taxonomy":"category","embeddable":true,"href":"https:\/\/navasjoyeros.com\/es\/blog\/wp-json\/wp\/v2\/categories?post=6663"},{"taxonomy":"post_tag","embeddable":true,"href":"https:\/\/navasjoyeros.com\/es\/blog\/wp-json\/wp\/v2\/tags?post=6663"}],"curies":[{"name":"wp","href":"https:\/\/api.w.org\/{rel}","templated":true}]}}