{"id":6332,"date":"2017-08-31T12:14:23","date_gmt":"2017-08-31T10:14:23","guid":{"rendered":"https:\/\/navasjoyeros.com\/es\/blog\/?p=6332"},"modified":"2024-10-24T11:30:27","modified_gmt":"2024-10-24T09:30:27","slug":"el-negro-para-las-bodas","status":"publish","type":"post","link":"https:\/\/navasjoyeros.com\/es\/blog\/el-negro-para-las-bodas\/","title":{"rendered":"\u00bfEl negro para las bodas?"},"content":{"rendered":"<p style=\"text-align: justify\">La respuesta es s\u00ed. El <strong>negro<\/strong> siempre ha sido sin\u00f3nimo de luto y cosas negativas. El <strong>negro en las bodas<\/strong> hasta hace poco ha sido considerado como <strong>tab\u00fa<\/strong>. Esta mentalidad procede de la tradici\u00f3n cultural heredada. Sin embargo, no podemos olvidar que no hace tanto los <strong>novios<\/strong> se casaban de este <strong>color<\/strong> para demostrar poder. El tinte para la ropa de color negro era mucho m\u00e1s caro. Solo las personas con m\u00e1s poder adquisitivo pod\u00edan acceder a \u00e9l.<\/p>\n<p style=\"text-align: justify\">Sabemos que el protocolo de <strong>las ceremonias nupciales<\/strong> es muy riguroso. Pero \u00faltimamente, las normas est\u00e1n cambiando en lo que a la <strong>forma de vestir<\/strong> se refiere. Aunque, con esto no decimos que todo vale, el blanco sigue estando prohibido para todas, exceptuando a <strong>la novia<\/strong>.<\/p>\n<p style=\"text-align: justify\">Hoy, desde <a href=\"https:\/\/navasjoyerosboda.com\/\">Navas Joyeros Bodas<\/a>, te demostraremos que puedes ir estupenda y con este color tan elegante, tanto si eres una de las invitadas, como si eres una de las <strong>damas de honor.<\/strong><\/p>\n<h4><strong>\u00bfPuedo ir de negro a una boda?<\/strong><\/h4>\n<p style=\"text-align: justify\">Aunque tenemos que tener cuidado con una serie de factores, puedes utilizar el <strong>color de la elegancia<\/strong> por antonomasia, sin ning\u00fan problema. Los factores que tienes que tener en cuenta son:<\/p>\n<h5 style=\"text-align: justify\"><strong>La hora del enlace<\/strong><\/h5>\n<p style=\"text-align: justify\">Hay que tenerse en cuenta la <strong>hora de la boda<\/strong>, ya que si la ceremonia es por la ma\u00f1ana o al mediod\u00eda, es m\u00e1s adecuado utilizar colores m\u00e1s claros. Por lo que el negro debe evitar.\u00a0 Una boda de noche, en cambio, exige tonos m\u00e1s oscuros e indumentaria m\u00e1s sofisticada. Por lo que <strong>un vestido negro<\/strong> ser\u00eda apropiado.<\/p>\n<h5><strong>La estaci\u00f3n<\/strong><\/h5>\n<p style=\"text-align: justify\">La <strong>temporada de la boda<\/strong> tambi\u00e9n debemos considerarla. S\u00f3lo es apropiado llevar <strong>vestido negro<\/strong>, si el enlace nupcial es <strong>en invierno<\/strong>. Si la <strong>boda es oto\u00f1al<\/strong> aconsejamos llevar toques de este color, pero no ir <strong>vestida completamente de negro<\/strong> porque no es nada id\u00f3neo.<\/p>\n<p style=\"text-align: justify\">Tambi\u00e9n debemos tener en cuenta que, si queremos ir toda de negro debemos procurar no parecer ir vestida de funeral. Para poder evitarlo, nos basta con lucir <strong>una pieza de joyer\u00eda <\/strong>de gemas de colores combinadas <strong>con diamantes<\/strong>. O alg\u00fan pa\u00f1uelo para romper con el unicolor. Para acompa\u00f1ar al negro el d\u00eda del <strong>enlace<\/strong> te proponemos <strong>joyas<\/strong> que den luz y <strong>elegancia<\/strong> a tu <strong>look.\u00a0<\/strong>El collar <a href=\"https:\/\/navasjoyerosboda.com\/jazmine-collar-diamantes.html\">modelo JAZMINE<\/a>, es un elegante <strong>collar de diamantes<\/strong> cuya presencia evitar\u00e1 que parezca un <strong>look<\/strong> aburrido o apagado, lo puedes acompa\u00f1ar de alg\u00fan tocado con personalidad para el\u00a0pelo.<\/p>\n<p><a href=\"https:\/\/navasjoyerosboda.com\/jazmine-collar-diamantes.html\"><img loading=\"lazy\" decoding=\"async\" class=\"aligncenter wp-image-6337 size-medium\" src=\"https:\/\/navasjoyeros.com\/es\/blog\/wp-content\/uploads\/2017\/08\/navas-joyeros_collar-diamantes_jazmine-271x300.jpg\" alt=\"collar de diamantes\" width=\"271\" height=\"300\" \/><\/a><\/p>\n<h5><strong>La novia<\/strong><\/h5>\n<p style=\"text-align: justify\">Ella es el factor m\u00e1s importante que debemos considerar. Su <strong>opini\u00f3n<\/strong> es la \u00fanica que cuenta, si ella es \u201cantinegro\u201d o \u201cpronegro\u201d es lo que marcar\u00e1 si es o no adecuado vestir de este color.<\/p>\n<p style=\"text-align: justify\">Este <strong>tipo de vestidos<\/strong> son muy rom\u00e1nticos y hay muchas formas de lucirlo. Desde <a href=\"https:\/\/navasjoyerosboda.com\/\">Navas Joyeros Bodas<\/a>, nos encantan los grandes lazos negros, aunque recomendamos elegir un vestido sencillo, no muy voluptuoso, porque es un color muy potente por s\u00ed solo. Otra alternativa ser\u00eda lucir un <strong>cintur\u00f3n de pedrer\u00eda negro<\/strong>, es muy elegante y sorprender\u00e1s a tus invitados.<\/p>\n<p style=\"text-align: justify\">Aunque no s\u00f3lo puedes lucir el negro en el vestido, tambi\u00e9n pueden rematar<strong> tu look nupcial<\/strong>. Como es el caso de los guantes, tocados, pulseras\u2026 El negro en<strong> accesorio<\/strong> es un gran acierto, aunque no hay que pasarse. Todo en exceso es malo y puede arruinar la mejor vestimenta.<\/p>\n<p><strong>\u00bfPor qu\u00e9 no lucir unos buenos zapatos negros?<\/strong><\/p>\n<p style=\"text-align: justify\">Si escoges un vestido de novia largo, se van a ver muy poco y hay un mont\u00f3n de estilos. El mejor consejo que te podemos dar, desde<a href=\"https:\/\/navasjoyerosboda.com\/\"> Navas Joyeros Bodas<\/a><strong>,<\/strong> es que sean semicerrados o cerrados, al ser una <strong>boda de invierno.<\/strong><\/p>\n<p><a href=\"https:\/\/navasjoyerosboda.com\/\"><img loading=\"lazy\" decoding=\"async\" class=\"aligncenter wp-image-6333 size-medium\" src=\"https:\/\/navasjoyeros.com\/es\/blog\/wp-content\/uploads\/2017\/08\/negro-300x204.jpg\" alt=\"los vestidos de novia\" width=\"300\" height=\"204\" \/><\/a><\/p>\n<h5><strong>\u00bfO por qu\u00e9 no en el ramo de flores?<\/strong><\/h5>\n<p style=\"text-align: justify\">El <strong>ramo de novia<\/strong> debe reflejar los gustos de la novia y si te encanta el negro, es una muy buena alternativa.<\/p>\n<p><a href=\"https:\/\/navasjoyerosboda.com\/\"><img loading=\"lazy\" decoding=\"async\" class=\"aligncenter wp-image-6334 size-medium\" src=\"https:\/\/navasjoyeros.com\/es\/blog\/wp-content\/uploads\/2017\/08\/ramo-201x300.jpg\" alt=\"ramos de boda negro\" width=\"201\" height=\"300\" \/><\/a><\/p>\n<p>&nbsp;<\/p>\n<p>&nbsp;<\/p>\n<h4><strong>VESTIMENTA DE INVITADAS<\/strong><\/h4>\n<p style=\"text-align: justify\">Si eres una invitada y quieres lucir de negro, son muchas las alternativas. Lo que tienes que tener en cuenta es que si tu <strong>vestido es negro<\/strong>, intenta que tus accesorios tengan color o lucir un <strong>vestido negro<\/strong> con estampados.<\/p>\n<p><a href=\"https:\/\/navasjoyerosboda.com\/\"><img loading=\"lazy\" decoding=\"async\" class=\"aligncenter wp-image-6335 size-medium\" src=\"https:\/\/navasjoyeros.com\/es\/blog\/wp-content\/uploads\/2017\/08\/image54-220x300.jpeg\" alt=\"vestimenta de invitadas\" width=\"220\" height=\"300\" \/><\/a><\/p>\n<p>&nbsp;<\/p>\n<h4><strong>DAMAS DE HONOR<\/strong><\/h4>\n<p style=\"text-align: justify\">Si\u00a0 el <strong>negro<\/strong> es tu color favorito, pero no quieres llevar nada de este tono porque crees no es apropiado para la novia, \u00bfqu\u00e9 te parece que lo luzcan tus <strong>damas de honor<\/strong>?<\/p>\n<p><a href=\"https:\/\/navasjoyerosboda.com\/\"><img loading=\"lazy\" decoding=\"async\" class=\"aligncenter wp-image-6336 size-full\" src=\"https:\/\/navasjoyeros.com\/es\/blog\/wp-content\/uploads\/2017\/08\/lkerf.jpg\" alt=\"damas de honor\" width=\"300\" height=\"300\" \/><\/a><\/p>\n<p>&nbsp;<\/p>\n<p style=\"text-align: justify\">As\u00ed tus <strong>damas de honor<\/strong> lucir\u00e1n realmente estupendas y, encima, disimula esos kilos de m\u00e1s.\u00a0 Adem\u00e1s, el contraste con el blanco de tu vestido har\u00e1 que t\u00fa destaques mucho m\u00e1s.<\/p>\n","protected":false},"excerpt":{"rendered":"<p>La respuesta es s\u00ed. El negro siempre ha sido sin\u00f3nimo de luto y cosas negativas. El negro en las bodas hasta hace poco ha sido considerado como tab\u00fa. Esta mentalidad procede de la tradici\u00f3n cultural heredada. Sin embargo, no podemos olvidar que no hace tanto los novios se casaban de este color para demostrar poder. [&hellip;]<\/p>\n","protected":false},"author":5,"featured_media":20758,"comment_status":"closed","ping_status":"closed","sticky":false,"template":"","format":"standard","meta":{"footnotes":""},"categories":[21],"tags":[],"class_list":["post-6332","post","type-post","status-publish","format-standard","has-post-thumbnail","hentry","category-noticias-de-joyeria"],"_links":{"self":[{"href":"https:\/\/navasjoyeros.com\/es\/blog\/wp-json\/wp\/v2\/posts\/6332","targetHints":{"allow":["GET"]}}],"collection":[{"href":"https:\/\/navasjoyeros.com\/es\/blog\/wp-json\/wp\/v2\/posts"}],"about":[{"href":"https:\/\/navasjoyeros.com\/es\/blog\/wp-json\/wp\/v2\/types\/post"}],"author":[{"embeddable":true,"href":"https:\/\/navasjoyeros.com\/es\/blog\/wp-json\/wp\/v2\/users\/5"}],"replies":[{"embeddable":true,"href":"https:\/\/navasjoyeros.com\/es\/blog\/wp-json\/wp\/v2\/comments?post=6332"}],"version-history":[{"count":1,"href":"https:\/\/navasjoyeros.com\/es\/blog\/wp-json\/wp\/v2\/posts\/6332\/revisions"}],"predecessor-version":[{"id":21976,"href":"https:\/\/navasjoyeros.com\/es\/blog\/wp-json\/wp\/v2\/posts\/6332\/revisions\/21976"}],"wp:featuredmedia":[{"embeddable":true,"href":"https:\/\/navasjoyeros.com\/es\/blog\/wp-json\/wp\/v2\/media\/20758"}],"wp:attachment":[{"href":"https:\/\/navasjoyeros.com\/es\/blog\/wp-json\/wp\/v2\/media?parent=6332"}],"wp:term":[{"taxonomy":"category","embeddable":true,"href":"https:\/\/navasjoyeros.com\/es\/blog\/wp-json\/wp\/v2\/categories?post=6332"},{"taxonomy":"post_tag","embeddable":true,"href":"https:\/\/navasjoyeros.com\/es\/blog\/wp-json\/wp\/v2\/tags?post=6332"}],"curies":[{"name":"wp","href":"https:\/\/api.w.org\/{rel}","templated":true}]}}