{"id":5750,"date":"2017-01-04T11:37:49","date_gmt":"2017-01-04T10:37:49","guid":{"rendered":"https:\/\/navasjoyeros.com\/es\/blog\/?p=5750"},"modified":"2017-01-04T11:37:49","modified_gmt":"2017-01-04T10:37:49","slug":"las-joyas-disenadores-moda","status":"publish","type":"post","link":"https:\/\/navasjoyeros.com\/es\/blog\/las-joyas-disenadores-moda\/","title":{"rendered":"Las joyas de nuestros dise\u00f1adores de moda"},"content":{"rendered":"<p>La idea de que <strong>las joyas<\/strong> son parte de la MODA con may\u00fasculas y de que esta forma parte de <strong>la alta joyer\u00eda<\/strong> y su dise\u00f1o, es sin duda uno de los pilares de la filosof\u00eda creativa y comercial de nuestra <strong>firma Navas Joyeros.<\/strong><\/p>\n<p>En las m\u00e1s de dos d\u00e9cadas de la firma, dedicados a la fabricaci\u00f3n y comercializaci\u00f3n de la m\u00e1s bella <strong>joyer\u00eda de alta calidad<\/strong>, el dise\u00f1o es una marca de identidad en nuestras colecciones.<\/p>\n<p>Contamos en nuestra f\u00e1brica de la ciudad italiana de Valenza, con un staff de los m\u00e1s aventajados <strong>dise\u00f1adores de joyer\u00eda<\/strong>, que ponen en pr\u00e1ctica las \u00faltimas tendencias y todo su esp\u00edritu creativo.<\/p>\n<p>Pero, desde hace una d\u00e9cada, nuestra firma ha apostado por ir un paso adelante y acudir a las figuras creativas m\u00e1s relevantes y prestigiosas de nuestro pa\u00eds. Y sin duda, estas figuras son nuestros <strong>dise\u00f1adores de moda de Moda Espa\u00f1a<\/strong>, los verdaderos representantes del dise\u00f1o y la tendencia actual.<\/p>\n<h2>Los dise\u00f1adores espa\u00f1oles y Navas Joyeros<\/h2>\n<div id=\"attachment_5752\" style=\"width: 235px\" class=\"wp-caption aligncenter\"><a href=\"https:\/\/navasjoyeros.com\/colecciones\/firmas.html\"><img loading=\"lazy\" decoding=\"async\" aria-describedby=\"caption-attachment-5752\" class=\"size-medium wp-image-5752\" src=\"https:\/\/navasjoyeros.com\/es\/blog\/wp-content\/uploads\/2017\/01\/bloque-dise\u00f1adores-225x300.jpg\" alt=\"Dise\u00f1adores de Navas Joyeros\" width=\"225\" height=\"300\" srcset=\"https:\/\/navasjoyeros.com\/es\/blog\/wp-content\/uploads\/2017\/01\/bloque-dise\u00f1adores-225x300.jpg 225w, https:\/\/navasjoyeros.com\/es\/blog\/wp-content\/uploads\/2017\/01\/bloque-dise\u00f1adores.jpg 240w\" sizes=\"auto, (max-width: 225px) 100vw, 225px\" \/><\/a><p id=\"caption-attachment-5752\" class=\"wp-caption-text\">Dise\u00f1adores de Navas Joyeros<\/p><\/div>\n<p>En Navas Joyeros, hemos tenido la fortuna de colaborar con los m\u00e1s prestigiosos <strong>dise\u00f1adores de moda<\/strong> de nuestro pa\u00eds,\u00a0 incluso en la actualidad mantenemos una magn\u00edfica relaci\u00f3n comercial y, progresivamente, vamos renovando esta secci\u00f3n con nuevas figuras creativas que emergen en <strong>el mundo de la moda.<\/strong><\/p>\n<p>De esta manera, fue como iniciamos nuestra andadura junto a tres grandes firmas como son: Devota &amp; Lomba, Roberto Torreta y Angel Scheslesser.<\/p>\n<h3>Devota &amp; Lomba<\/h3>\n<p>El titular de la primera firma, el dise\u00f1ador <strong>Modesto Lomba<\/strong>, es el actual presidente de la asociaci\u00f3n de <strong>dise\u00f1adores Moda Espa\u00f1a<\/strong> y sus colecciones siguen vigentes en nuestras tiendas online, <a href=\"http:\/\/www.navasjoyeros.com\">www.navasjoyeros.com<\/a> y <a href=\"http:\/\/www.navasjoyerosboda.com\">www.navasjoyerosboda.com<\/a>, con piezas de dise\u00f1o vanguardista y de gran belleza.<\/p>\n<div id=\"attachment_5754\" style=\"width: 281px\" class=\"wp-caption aligncenter\"><a href=\"https:\/\/navasjoyeros.com\/devota-lomba-5-alianza-diamantes.html\"><img loading=\"lazy\" decoding=\"async\" aria-describedby=\"caption-attachment-5754\" class=\"size-medium wp-image-5754\" src=\"https:\/\/navasjoyeros.com\/es\/blog\/wp-content\/uploads\/2017\/01\/devota-lomba-5-alianza-diamantes_2-271x300.jpg\" alt=\"DEVOTA&amp;LOMBA 5, Alianza de diamantes\" width=\"271\" height=\"300\" srcset=\"https:\/\/navasjoyeros.com\/es\/blog\/wp-content\/uploads\/2017\/01\/devota-lomba-5-alianza-diamantes_2-271x300.jpg 271w, https:\/\/navasjoyeros.com\/es\/blog\/wp-content\/uploads\/2017\/01\/devota-lomba-5-alianza-diamantes_2-400x443.jpg 400w, https:\/\/navasjoyeros.com\/es\/blog\/wp-content\/uploads\/2017\/01\/devota-lomba-5-alianza-diamantes_2-300x333.jpg 300w, https:\/\/navasjoyeros.com\/es\/blog\/wp-content\/uploads\/2017\/01\/devota-lomba-5-alianza-diamantes_2.jpg 535w\" sizes=\"auto, (max-width: 271px) 100vw, 271px\" \/><\/a><p id=\"caption-attachment-5754\" class=\"wp-caption-text\">DEVOTA&amp;LOMBA 5, Alianza de diamantes<\/p><\/div>\n<h3>Roberto Torretta<\/h3>\n<p>La firma <strong>Roberto Torretta<\/strong> ha estado, hasta hace poco, muy presente en <strong>nuestras joyer\u00edas online<\/strong>, con piezas de mucho \u00e9xito entre nuestros clientes gracias al buen gusto en el dise\u00f1o y a la <strong>alta calidad de sus joyas.<\/strong><\/p>\n<div id=\"attachment_5759\" style=\"width: 281px\" class=\"wp-caption aligncenter\"><a href=\"https:\/\/navasjoyeros.com\/torretta-27-pendientes-diamantes.html\"><img loading=\"lazy\" decoding=\"async\" aria-describedby=\"caption-attachment-5759\" class=\"size-medium wp-image-5759\" src=\"https:\/\/navasjoyeros.com\/es\/blog\/wp-content\/uploads\/2017\/01\/roberto_torreta_27_ni_idea_p-007_1-271x300.jpg\" alt=\"ROBERTO TORRETTA 27, Pendientes de diamantes\" width=\"271\" height=\"300\" srcset=\"https:\/\/navasjoyeros.com\/es\/blog\/wp-content\/uploads\/2017\/01\/roberto_torreta_27_ni_idea_p-007_1-271x300.jpg 271w, https:\/\/navasjoyeros.com\/es\/blog\/wp-content\/uploads\/2017\/01\/roberto_torreta_27_ni_idea_p-007_1-400x443.jpg 400w, https:\/\/navasjoyeros.com\/es\/blog\/wp-content\/uploads\/2017\/01\/roberto_torreta_27_ni_idea_p-007_1-300x333.jpg 300w, https:\/\/navasjoyeros.com\/es\/blog\/wp-content\/uploads\/2017\/01\/roberto_torreta_27_ni_idea_p-007_1.jpg 535w\" sizes=\"auto, (max-width: 271px) 100vw, 271px\" \/><\/a><p id=\"caption-attachment-5759\" class=\"wp-caption-text\">ROBERTO TORRETTA 27, Pendientes de diamantes<\/p><\/div>\n<h3>Angel Scheslesser<\/h3>\n<p>Otro es el caso de la firma <strong>Angel Scheslesser<\/strong>, el cual realiz\u00f3 con nosotros <strong>preciosas joyas<\/strong> en dos colecciones destinadas a la venta online y a la venta directa, a trav\u00e9s de importantes plataformas como <strong>El Corte Ingl\u00e9s<\/strong>, de gran \u00e9xito de ventas.<\/p>\n<p>Seguidamente se incorporaron importantes firmas de dise\u00f1o como <strong>Ana Locking, Miriam Ocar\u00edz y Duyos<\/strong>, uno de los dise\u00f1adores estrella de nuestra firma.<\/p>\n<h3>Duyos<\/h3>\n<p>Con el dise\u00f1ador <strong>Juan Duyos<\/strong>, la colaboraci\u00f3n ha sido muy fluida y ha llevado a ir creando y renovando, las m\u00e1s bellas <strong>colecciones de joyas<\/strong> de dise\u00f1o con alta calidad y a un precio muy accesible.<\/p>\n<p>Desde preciosos anillos de compromiso, alianzas de boda y alianzas de pedida, entre otros. A lo largo del a\u00f1o ir\u00e1 incorporando piezas espec\u00edficamente nupciales, como es <strong>la tendencia bridal <\/strong>de este prestigioso dise\u00f1ador.<\/p>\n<div id=\"attachment_5755\" style=\"width: 281px\" class=\"wp-caption aligncenter\"><a href=\"https:\/\/navasjoyeros.com\/duyos-35.html\"><img loading=\"lazy\" decoding=\"async\" aria-describedby=\"caption-attachment-5755\" class=\"size-medium wp-image-5755\" src=\"https:\/\/navasjoyeros.com\/es\/blog\/wp-content\/uploads\/2017\/01\/er25944711-271x300.jpg\" alt=\"DUYOS 35, Pendientes de diamantes\" width=\"271\" height=\"300\" srcset=\"https:\/\/navasjoyeros.com\/es\/blog\/wp-content\/uploads\/2017\/01\/er25944711-271x300.jpg 271w, https:\/\/navasjoyeros.com\/es\/blog\/wp-content\/uploads\/2017\/01\/er25944711-400x443.jpg 400w, https:\/\/navasjoyeros.com\/es\/blog\/wp-content\/uploads\/2017\/01\/er25944711-300x333.jpg 300w, https:\/\/navasjoyeros.com\/es\/blog\/wp-content\/uploads\/2017\/01\/er25944711.jpg 535w\" sizes=\"auto, (max-width: 271px) 100vw, 271px\" \/><\/a><p id=\"caption-attachment-5755\" class=\"wp-caption-text\">DUYOS 35, Pendientes de diamantes<\/p><\/div>\n<h3>Sara Navarro<\/h3>\n<p>Nuestra buena amiga <strong>Sara Navarro<\/strong>, la prol\u00edfica dise\u00f1adora de zapater\u00eda y complementos, madre del zapato joya. Tambi\u00e9n tiene un puesto de honor en nuestra secci\u00f3n de firmas, y cuenta con una <strong>preciosa colecci\u00f3n de joyer\u00eda de anillos<\/strong> <strong>de diamantes<\/strong> basados en su labor creativa.<\/p>\n<div id=\"attachment_5756\" style=\"width: 281px\" class=\"wp-caption aligncenter\"><a href=\"https:\/\/navasjoyeros.com\/sara-navarro-14-alianza-diamantes.html\"><img loading=\"lazy\" decoding=\"async\" aria-describedby=\"caption-attachment-5756\" class=\"size-medium wp-image-5756\" src=\"https:\/\/navasjoyeros.com\/es\/blog\/wp-content\/uploads\/2017\/01\/navas-joyeros_solitario-diamante_sara-navarro-14-271x300.jpg\" alt=\"SARA NAVARRO 14, Alianza de diamantes\" width=\"271\" height=\"300\" srcset=\"https:\/\/navasjoyeros.com\/es\/blog\/wp-content\/uploads\/2017\/01\/navas-joyeros_solitario-diamante_sara-navarro-14-271x300.jpg 271w, https:\/\/navasjoyeros.com\/es\/blog\/wp-content\/uploads\/2017\/01\/navas-joyeros_solitario-diamante_sara-navarro-14-400x443.jpg 400w, https:\/\/navasjoyeros.com\/es\/blog\/wp-content\/uploads\/2017\/01\/navas-joyeros_solitario-diamante_sara-navarro-14-300x333.jpg 300w, https:\/\/navasjoyeros.com\/es\/blog\/wp-content\/uploads\/2017\/01\/navas-joyeros_solitario-diamante_sara-navarro-14.jpg 535w\" sizes=\"auto, (max-width: 271px) 100vw, 271px\" \/><\/a><p id=\"caption-attachment-5756\" class=\"wp-caption-text\">SARA NAVARRO 14, Alianza de diamantes<\/p><\/div>\n<h3>Joaquim Verd\u00fa<\/h3>\n<p>El m\u00edtico <strong>Joaquim Verd\u00fa<\/strong>, el dise\u00f1ador catal\u00e1n conocido por su dominio del punto, tambi\u00e9n ha llevado a cabo numerosos dise\u00f1os para la elaboraci\u00f3n de <strong>joyas de calidad<\/strong> y de bello dise\u00f1o, con un precio que las hace muy atractivas para su compra.<\/p>\n<div id=\"attachment_5757\" style=\"width: 281px\" class=\"wp-caption aligncenter\"><a href=\"https:\/\/navasjoyeros.com\/joaquim-verdu-4-solitario.html\"><img loading=\"lazy\" decoding=\"async\" aria-describedby=\"caption-attachment-5757\" class=\"size-medium wp-image-5757\" src=\"https:\/\/navasjoyeros.com\/es\/blog\/wp-content\/uploads\/2017\/01\/verdu-4-solitario-principal-271x300.jpg\" alt=\"JOAQUIM VERD\u00da 4, Solitario de diamante\" width=\"271\" height=\"300\" srcset=\"https:\/\/navasjoyeros.com\/es\/blog\/wp-content\/uploads\/2017\/01\/verdu-4-solitario-principal-271x300.jpg 271w, https:\/\/navasjoyeros.com\/es\/blog\/wp-content\/uploads\/2017\/01\/verdu-4-solitario-principal-400x443.jpg 400w, https:\/\/navasjoyeros.com\/es\/blog\/wp-content\/uploads\/2017\/01\/verdu-4-solitario-principal-300x333.jpg 300w, https:\/\/navasjoyeros.com\/es\/blog\/wp-content\/uploads\/2017\/01\/verdu-4-solitario-principal.jpg 535w\" sizes=\"auto, (max-width: 271px) 100vw, 271px\" \/><\/a><p id=\"caption-attachment-5757\" class=\"wp-caption-text\">JOAQUIM VERD\u00da 4, Solitario de diamante<\/p><\/div>\n<h3>Penhalta<\/h3>\n<p>El importante empresario de <strong>moda nupcial Penhalta<\/strong>, referente en Portugal, desde hace a\u00f1os y gracias a su<strong> colaboraci\u00f3n con El Corte Ingl\u00e9s<\/strong>, ha apostado por su expansi\u00f3n en nuestro pa\u00eds siendo cada vez m\u00e1s conocido. Siendo sin duda quien ofrece <strong>las joyas<\/strong> m\u00e1s bellas y con una amplia variedad de dise\u00f1os y estilos, que se traduce en un amplio n\u00famero de ventas.<\/p>\n<div id=\"attachment_5758\" style=\"width: 281px\" class=\"wp-caption aligncenter\"><a href=\"https:\/\/navasjoyeros.com\/penhalta-14-solitario-diamantes.html\"><img loading=\"lazy\" decoding=\"async\" aria-describedby=\"caption-attachment-5758\" class=\"size-medium wp-image-5758\" src=\"https:\/\/navasjoyeros.com\/es\/blog\/wp-content\/uploads\/2017\/01\/penhalta-14-principal-271x300.jpg\" alt=\"PENHALTA 14, Solitario de diamante\" width=\"271\" height=\"300\" srcset=\"https:\/\/navasjoyeros.com\/es\/blog\/wp-content\/uploads\/2017\/01\/penhalta-14-principal-271x300.jpg 271w, https:\/\/navasjoyeros.com\/es\/blog\/wp-content\/uploads\/2017\/01\/penhalta-14-principal-400x443.jpg 400w, https:\/\/navasjoyeros.com\/es\/blog\/wp-content\/uploads\/2017\/01\/penhalta-14-principal-300x333.jpg 300w, https:\/\/navasjoyeros.com\/es\/blog\/wp-content\/uploads\/2017\/01\/penhalta-14-principal.jpg 535w\" sizes=\"auto, (max-width: 271px) 100vw, 271px\" \/><\/a><p id=\"caption-attachment-5758\" class=\"wp-caption-text\">PENHALTA 14, Solitario de diamante<\/p><\/div>\n<h3>Nuestra \u00faltima incorporaci\u00f3n \u00a1Francis Montesinos!<\/h3>\n<p>Y la \u00faltima incorporaci\u00f3n es el dise\u00f1ador <strong>Francis Montesinos<\/strong>, una de las m\u00e1s conocidas figuras de la moda espa\u00f1ola, el cual ofrecer\u00e1 en breve sus joyas en nuestras joyer\u00edas online <a href=\"http:\/\/www.navasjoyeros.com\">www.navasjoyeros.com<\/a> y <a href=\"http:\/\/www.navasjoyerosboda.com\">www.navasjoyerosboda.com<\/a><\/p>\n<p>Pero esto no queda aqu\u00ed, este a\u00f1o 2017, incrementaremos nuestro grupo de firmas de dise\u00f1o de moda, con dise\u00f1adores de prestigio, sobre todo, en la moda dirigida a bodas.<\/p>\n<p>Por todo ello, no dejes de estar atenta a nuestras incorporaciones de dise\u00f1adores de moda, ya que sus joyas no te dejar\u00e1n indiferentes y \u00a1seguro que te animar\u00e1s a comprarlas!<\/p>\n","protected":false},"excerpt":{"rendered":"<p>La idea de que las joyas son parte de la MODA con may\u00fasculas y de que esta forma parte de la alta joyer\u00eda y su dise\u00f1o, es sin duda uno de los pilares de la filosof\u00eda creativa y comercial de nuestra firma Navas Joyeros. En las m\u00e1s de dos d\u00e9cadas de la firma, dedicados a [&hellip;]<\/p>\n","protected":false},"author":5,"featured_media":5751,"comment_status":"closed","ping_status":"closed","sticky":false,"template":"","format":"standard","meta":{"footnotes":""},"categories":[21],"tags":[],"class_list":["post-5750","post","type-post","status-publish","format-standard","has-post-thumbnail","hentry","category-noticias-de-joyeria"],"_links":{"self":[{"href":"https:\/\/navasjoyeros.com\/es\/blog\/wp-json\/wp\/v2\/posts\/5750","targetHints":{"allow":["GET"]}}],"collection":[{"href":"https:\/\/navasjoyeros.com\/es\/blog\/wp-json\/wp\/v2\/posts"}],"about":[{"href":"https:\/\/navasjoyeros.com\/es\/blog\/wp-json\/wp\/v2\/types\/post"}],"author":[{"embeddable":true,"href":"https:\/\/navasjoyeros.com\/es\/blog\/wp-json\/wp\/v2\/users\/5"}],"replies":[{"embeddable":true,"href":"https:\/\/navasjoyeros.com\/es\/blog\/wp-json\/wp\/v2\/comments?post=5750"}],"version-history":[{"count":0,"href":"https:\/\/navasjoyeros.com\/es\/blog\/wp-json\/wp\/v2\/posts\/5750\/revisions"}],"wp:featuredmedia":[{"embeddable":true,"href":"https:\/\/navasjoyeros.com\/es\/blog\/wp-json\/wp\/v2\/media\/5751"}],"wp:attachment":[{"href":"https:\/\/navasjoyeros.com\/es\/blog\/wp-json\/wp\/v2\/media?parent=5750"}],"wp:term":[{"taxonomy":"category","embeddable":true,"href":"https:\/\/navasjoyeros.com\/es\/blog\/wp-json\/wp\/v2\/categories?post=5750"},{"taxonomy":"post_tag","embeddable":true,"href":"https:\/\/navasjoyeros.com\/es\/blog\/wp-json\/wp\/v2\/tags?post=5750"}],"curies":[{"name":"wp","href":"https:\/\/api.w.org\/{rel}","templated":true}]}}