{"id":2170,"date":"2015-07-17T12:34:13","date_gmt":"2015-07-17T11:34:13","guid":{"rendered":"https:\/\/navasjoyeros.com\/es\/blog\/?p=2170"},"modified":"2015-07-17T12:34:13","modified_gmt":"2015-07-17T11:34:13","slug":"joyas-de-color-para-tu-verano","status":"publish","type":"post","link":"https:\/\/navasjoyeros.com\/es\/blog\/joyas-de-color-para-tu-verano\/","title":{"rendered":"Joyas de color para tu verano"},"content":{"rendered":"<p>En <strong>Navas Joyeros<\/strong> elevamos nuestros colores a la m\u00e1xima potencia con la ayuda de<strong> rub\u00edes<\/strong>, <strong>esmeraldas<\/strong> o<strong> zafiros<\/strong> para que este verano consigas un look impactante con las piezas m\u00e1s exquisitas de la temporada.<br \/>\nLa magia de la temporada estival se apodera de nuestro joyero, ba\u00f1ando sus piezas de colores cautivadores y de los tonos m\u00e1s seductores. Las celebrities nos han demostrado que las grandes ocasiones, esas que implican vestidos espectaculares y alfombras rojas de por medio, se visten con piezas rotundas plagadas de coloridas gemas que iluminan la piel bronceada.<br \/>\nAs\u00ed, los metales preciosos se convierten en <strong>joyas multicolores<\/strong> gracias a las <strong>piedras preciosas<\/strong> m\u00e1s potentes, como son los rub\u00edes, las esmeraldas o los zafiros.<br \/>\n\u00bfCaer\u00e1s rendida a las tonalidades de la temporada?<\/p>\n<p>El glamour de la Costa Azul, un festival de renombre, las mejores casas de<strong> Alta Joyer\u00eda<\/strong> y las nuevas estrellas del celuloide componen un c\u00f3ctel perfecto que materializar en forma de looks de alto impacto. En la \u00faltima edici\u00f3n del Festival de Cannes, fueron muchas las int\u00e9rpretes que vivieron un aut\u00e9ntico romance con las joyas m\u00e1s espectaculares y coloridas. Entre ellas, Lupita Nyong\u00b4o con <strong>pendientes de rub\u00edes y diamantes<\/strong>, cuarzo rosa y amatistas. <img loading=\"lazy\" decoding=\"async\" class=\" size-full wp-image-2171 aligncenter\" src=\"https:\/\/navasjoyeros.com\/es\/blog\/wp-content\/uploads\/2015\/07\/lupita_nyongo_1-a.jpg\" alt=\"lupita_nyongo_1-a\" width=\"550\" height=\"850\" srcset=\"https:\/\/navasjoyeros.com\/es\/blog\/wp-content\/uploads\/2015\/07\/lupita_nyongo_1-a.jpg 550w, https:\/\/navasjoyeros.com\/es\/blog\/wp-content\/uploads\/2015\/07\/lupita_nyongo_1-a-194x300.jpg 194w, https:\/\/navasjoyeros.com\/es\/blog\/wp-content\/uploads\/2015\/07\/lupita_nyongo_1-a-400x618.jpg 400w, https:\/\/navasjoyeros.com\/es\/blog\/wp-content\/uploads\/2015\/07\/lupita_nyongo_1-a-300x464.jpg 300w\" sizes=\"auto, (max-width: 550px) 100vw, 550px\" \/><br \/>\nNo menos llamativa ser\u00eda la opci\u00f3n de Sienna Miller, con unos espectaculares tassels en <strong>oro rosa y rub\u00edes<\/strong>,<a href=\"https:\/\/navasjoyeros.com\/es\/blog\/wp-content\/uploads\/2015\/07\/sienna_miller_1-a.jpg\"><img loading=\"lazy\" decoding=\"async\" class=\" size-full wp-image-2172 aligncenter\" src=\"https:\/\/navasjoyeros.com\/es\/blog\/wp-content\/uploads\/2015\/07\/sienna_miller_1-a.jpg\" alt=\"sienna_miller_1-a\" width=\"566\" height=\"850\" srcset=\"https:\/\/navasjoyeros.com\/es\/blog\/wp-content\/uploads\/2015\/07\/sienna_miller_1-a.jpg 566w, https:\/\/navasjoyeros.com\/es\/blog\/wp-content\/uploads\/2015\/07\/sienna_miller_1-a-200x300.jpg 200w, https:\/\/navasjoyeros.com\/es\/blog\/wp-content\/uploads\/2015\/07\/sienna_miller_1-a-400x601.jpg 400w, https:\/\/navasjoyeros.com\/es\/blog\/wp-content\/uploads\/2015\/07\/sienna_miller_1-a-300x451.jpg 300w\" sizes=\"auto, (max-width: 566px) 100vw, 566px\" \/><\/a> o Sonam Kapoor con unos largu\u00edsimos <strong>pendientes de oro blanco, rub\u00edes y diamantes<\/strong>.<img loading=\"lazy\" decoding=\"async\" class=\" size-full wp-image-2173 aligncenter\" src=\"https:\/\/navasjoyeros.com\/es\/blog\/wp-content\/uploads\/2015\/07\/sonam_kapoor_1-a.jpg\" alt=\"sonam_kapoor_1-a\" width=\"566\" height=\"850\" srcset=\"https:\/\/navasjoyeros.com\/es\/blog\/wp-content\/uploads\/2015\/07\/sonam_kapoor_1-a.jpg 566w, https:\/\/navasjoyeros.com\/es\/blog\/wp-content\/uploads\/2015\/07\/sonam_kapoor_1-a-200x300.jpg 200w, https:\/\/navasjoyeros.com\/es\/blog\/wp-content\/uploads\/2015\/07\/sonam_kapoor_1-a-400x601.jpg 400w, https:\/\/navasjoyeros.com\/es\/blog\/wp-content\/uploads\/2015\/07\/sonam_kapoor_1-a-300x451.jpg 300w\" sizes=\"auto, (max-width: 566px) 100vw, 566px\" \/><\/p>\n<p>Si quieres emular a las estrellas del celuloide y estar tan espectacular en tus looks m\u00e1s especiales, no te pierdas la colecci\u00f3n de <strong>pendientes de piedras preciosas<\/strong> que ha seleccionado para ti la firma<strong> Navas Joyeros<\/strong> en su <strong>joyer\u00eda online<\/strong>, las mejores <strong>piezas de piedras preciosas y diamantes<\/strong>, realizadas con materiales de primera calidad y al mejor precio, porque queremos que todas las mujeres se sientan como aut\u00e9nticas estrellas.<\/p>\n<p>\u00bfQuieres ver de lo que estamos hablando?<br \/>\nEl perfecto ejemplo, los <strong>pendientes de rub\u00edes y diamantes Islamabad<\/strong>, unos preciosos pendientes donde se combinan a la perfecci\u00f3n los mejores <strong>rub\u00edes birmanos<\/strong> y el brillo de los m\u00e1s selectos <strong>diamantes<\/strong> en una pieza de lo m\u00e1s original y elegante.<a href=\"https:\/\/navasjoyeros.com\/islamabad-pendientes-rubi.html\"><img loading=\"lazy\" decoding=\"async\" class=\" aligncenter\" src=\"https:\/\/navasjoyeros.com\/media\/catalog\/product\/cache\/1\/image\/535x\/040ec09b1e35df139433887a97daa66f\/m\/a\/massala-pendientes-rubi_islamabad.jpg\" alt=\"\" width=\"535\" height=\"593\" \/><\/a><\/p>\n<p>Pero si hay un color y una piedra preciosa que parece haber conquistado las joyas m\u00e1s extraordinarias de la temporada, esa es sin duda alguna la esmeralda. Su aspecto ex\u00f3tico y su particular verde intenso protagoniza piezas tan impactantes como los<strong> pendientes de esmeraldas y diamantes<\/strong> que luci\u00f3 la actriz Julianne Moore. <img loading=\"lazy\" decoding=\"async\" class=\" size-full wp-image-2174 aligncenter\" src=\"https:\/\/navasjoyeros.com\/es\/blog\/wp-content\/uploads\/2015\/07\/julianne_moore_1-a.jpg\" alt=\"julianne_moore_1-a\" width=\"585\" height=\"850\" srcset=\"https:\/\/navasjoyeros.com\/es\/blog\/wp-content\/uploads\/2015\/07\/julianne_moore_1-a.jpg 585w, https:\/\/navasjoyeros.com\/es\/blog\/wp-content\/uploads\/2015\/07\/julianne_moore_1-a-206x300.jpg 206w, https:\/\/navasjoyeros.com\/es\/blog\/wp-content\/uploads\/2015\/07\/julianne_moore_1-a-400x581.jpg 400w, https:\/\/navasjoyeros.com\/es\/blog\/wp-content\/uploads\/2015\/07\/julianne_moore_1-a-300x436.jpg 300w\" sizes=\"auto, (max-width: 585px) 100vw, 585px\" \/><br \/>\nEmily Blunt, quien tambi\u00e9n luci\u00f3 la preciosa<strong> pulsera de esmeraldas y diamantes<\/strong> de la imagen, <img loading=\"lazy\" decoding=\"async\" class=\" size-full wp-image-2175 aligncenter\" src=\"https:\/\/navasjoyeros.com\/es\/blog\/wp-content\/uploads\/2015\/07\/emily_blunt_2-a.jpg\" alt=\"emily_blunt_2-a\" width=\"820\" height=\"531\" srcset=\"https:\/\/navasjoyeros.com\/es\/blog\/wp-content\/uploads\/2015\/07\/emily_blunt_2-a.jpg 820w, https:\/\/navasjoyeros.com\/es\/blog\/wp-content\/uploads\/2015\/07\/emily_blunt_2-a-300x194.jpg 300w, https:\/\/navasjoyeros.com\/es\/blog\/wp-content\/uploads\/2015\/07\/emily_blunt_2-a-600x389.jpg 600w, https:\/\/navasjoyeros.com\/es\/blog\/wp-content\/uploads\/2015\/07\/emily_blunt_2-a-400x259.jpg 400w\" sizes=\"auto, (max-width: 820px) 100vw, 820px\" \/><br \/>\nse decant\u00f3 por unos imponentes <strong>pendientes de esmeraldas<\/strong> rodeados de diamantes.<img loading=\"lazy\" decoding=\"async\" class=\" size-full wp-image-2176 aligncenter\" src=\"https:\/\/navasjoyeros.com\/es\/blog\/wp-content\/uploads\/2015\/07\/emily_blunt_1-a.jpg\" alt=\"emily_blunt_1-a\" width=\"586\" height=\"850\" srcset=\"https:\/\/navasjoyeros.com\/es\/blog\/wp-content\/uploads\/2015\/07\/emily_blunt_1-a.jpg 586w, https:\/\/navasjoyeros.com\/es\/blog\/wp-content\/uploads\/2015\/07\/emily_blunt_1-a-207x300.jpg 207w, https:\/\/navasjoyeros.com\/es\/blog\/wp-content\/uploads\/2015\/07\/emily_blunt_1-a-400x580.jpg 400w, https:\/\/navasjoyeros.com\/es\/blog\/wp-content\/uploads\/2015\/07\/emily_blunt_1-a-300x435.jpg 300w\" sizes=\"auto, (max-width: 586px) 100vw, 586px\" \/><br \/>\nLa modelo Izabel Goulart luci\u00f3 un precioso <strong>collar<\/strong> en el que destacan las esmeraldas, resaltadas con el brillo intenso de los diamantes.<img loading=\"lazy\" decoding=\"async\" class=\" size-full wp-image-2177 aligncenter\" src=\"https:\/\/navasjoyeros.com\/es\/blog\/wp-content\/uploads\/2015\/07\/izabel_goulart_1-a.jpg\" alt=\"izabel_goulart_1-a\" width=\"567\" height=\"850\" srcset=\"https:\/\/navasjoyeros.com\/es\/blog\/wp-content\/uploads\/2015\/07\/izabel_goulart_1-a.jpg 567w, https:\/\/navasjoyeros.com\/es\/blog\/wp-content\/uploads\/2015\/07\/izabel_goulart_1-a-200x300.jpg 200w, https:\/\/navasjoyeros.com\/es\/blog\/wp-content\/uploads\/2015\/07\/izabel_goulart_1-a-400x600.jpg 400w, https:\/\/navasjoyeros.com\/es\/blog\/wp-content\/uploads\/2015\/07\/izabel_goulart_1-a-300x450.jpg 300w\" sizes=\"auto, (max-width: 567px) 100vw, 567px\" \/><\/p>\n<p>Si quieres lucir un collar de tal importancia como el que luce la modelo, que ser\u00e1 el centro de todas las miradas, tan s\u00f3lo tendr\u00e1s que ir a la colecci\u00f3n de<strong> collares de piedras preciosas<\/strong> de la<strong><a href=\"https:\/\/navasjoyeros.com\/\"> joyer\u00eda online de la firma<\/a><\/strong>, en donde encontrar\u00e9is piezas como el <strong>collar de esmeraldas y diamantes Reina Isabel<\/strong>, una creaci\u00f3n \u00fanica, cuyo dise\u00f1o recuerda a las <strong>joyas<\/strong> reales, en la que se combinan las m\u00e1s bellas<strong> esmeraldas con los diamantes<\/strong> de m\u00e1s alta calidad.<a href=\"https:\/\/navasjoyeros.com\/reina-isabel-collar-esmeraldas-diamantes.html\"><img loading=\"lazy\" decoding=\"async\" class=\" aligncenter\" src=\"https:\/\/navasjoyeros.com\/media\/catalog\/product\/cache\/1\/image\/535x\/040ec09b1e35df139433887a97daa66f\/n\/a\/navas-joyeros_collar-diamantes-esmeraldas_reinaisabel.jpg\" alt=\"\" width=\"535\" height=\"593\" \/><\/a><\/p>\n<p>Si en un principio focaliz\u00e1bamos la atenci\u00f3n en los rostros, ahora lo hacemos en las piezas m\u00e1s vanguardistas que coronan las manos. Como el <strong>anillo<\/strong> de la imagen que luci\u00f3 la actriz Lupita Nyong\u00b4o. <a href=\"https:\/\/navasjoyeros.com\/es\/blog\/wp-content\/uploads\/2015\/07\/lupita_nyongo_2-a.jpg\"><img loading=\"lazy\" decoding=\"async\" class=\" size-full wp-image-2178 aligncenter\" src=\"https:\/\/navasjoyeros.com\/es\/blog\/wp-content\/uploads\/2015\/07\/lupita_nyongo_2-a.jpg\" alt=\"lupita_nyongo_2-a\" width=\"608\" height=\"850\" srcset=\"https:\/\/navasjoyeros.com\/es\/blog\/wp-content\/uploads\/2015\/07\/lupita_nyongo_2-a.jpg 608w, https:\/\/navasjoyeros.com\/es\/blog\/wp-content\/uploads\/2015\/07\/lupita_nyongo_2-a-215x300.jpg 215w, https:\/\/navasjoyeros.com\/es\/blog\/wp-content\/uploads\/2015\/07\/lupita_nyongo_2-a-600x839.jpg 600w, https:\/\/navasjoyeros.com\/es\/blog\/wp-content\/uploads\/2015\/07\/lupita_nyongo_2-a-400x559.jpg 400w, https:\/\/navasjoyeros.com\/es\/blog\/wp-content\/uploads\/2015\/07\/lupita_nyongo_2-a-300x419.jpg 300w\" sizes=\"auto, (max-width: 608px) 100vw, 608px\" \/><\/a><br \/>\nEl llamativo brazalete de Olivia Palermo, un modelo en color blanco con cruz de oro <img loading=\"lazy\" decoding=\"async\" class=\" size-full wp-image-2179 aligncenter\" src=\"https:\/\/navasjoyeros.com\/es\/blog\/wp-content\/uploads\/2015\/07\/olivia_palermo_1-a.jpg\" alt=\"olivia_palermo_1-a\" width=\"546\" height=\"850\" srcset=\"https:\/\/navasjoyeros.com\/es\/blog\/wp-content\/uploads\/2015\/07\/olivia_palermo_1-a.jpg 546w, https:\/\/navasjoyeros.com\/es\/blog\/wp-content\/uploads\/2015\/07\/olivia_palermo_1-a-193x300.jpg 193w, https:\/\/navasjoyeros.com\/es\/blog\/wp-content\/uploads\/2015\/07\/olivia_palermo_1-a-400x623.jpg 400w, https:\/\/navasjoyeros.com\/es\/blog\/wp-content\/uploads\/2015\/07\/olivia_palermo_1-a-300x467.jpg 300w\" sizes=\"auto, (max-width: 546px) 100vw, 546px\" \/><br \/>\no las turquesas que aderezaron las pulseras de Aimee Song.<img loading=\"lazy\" decoding=\"async\" class=\" size-full wp-image-2180 aligncenter\" src=\"https:\/\/navasjoyeros.com\/es\/blog\/wp-content\/uploads\/2015\/07\/aimee_song_1-a.jpg\" alt=\"aimee_song_1-a\" width=\"646\" height=\"850\" srcset=\"https:\/\/navasjoyeros.com\/es\/blog\/wp-content\/uploads\/2015\/07\/aimee_song_1-a.jpg 646w, https:\/\/navasjoyeros.com\/es\/blog\/wp-content\/uploads\/2015\/07\/aimee_song_1-a-228x300.jpg 228w, https:\/\/navasjoyeros.com\/es\/blog\/wp-content\/uploads\/2015\/07\/aimee_song_1-a-600x789.jpg 600w, https:\/\/navasjoyeros.com\/es\/blog\/wp-content\/uploads\/2015\/07\/aimee_song_1-a-400x526.jpg 400w, https:\/\/navasjoyeros.com\/es\/blog\/wp-content\/uploads\/2015\/07\/aimee_song_1-a-300x395.jpg 300w\" sizes=\"auto, (max-width: 646px) 100vw, 646px\" \/><\/p>\n<p>Si como ellas buscas una pieza imponente con la que adornar tus manos, hemos pensando que qu\u00e9 mejor para ello que hacerlo con un anillo, pero no con uno cualquier, con un <strong>anillo de zafiro y diamantes<\/strong>, que resaltar\u00e1 de forma ideal en tus looks m\u00e1s refrescantes.<br \/>\nEl Modelo que hemos elegido, la <strong>sortija Fara\u00f3n<\/strong>, una incre\u00edble y preciosa <strong>sortija de oro de Primera Ley<\/strong> reservada para los amantes de las <strong>piezas de alta joyer\u00eda<\/strong>. Su exclusivo dise\u00f1o combina un sorprendente<strong> zafiro<\/strong> rodeado de peque\u00f1os <strong>diamantes<\/strong> que favorecen su brillo. Es la joya perfecta para lucir en un evento de importancia o regalar en una ocasi\u00f3n especial.<a href=\"https:\/\/navasjoyeros.com\/faraon-sortija-zafiro.html\"><img loading=\"lazy\" decoding=\"async\" class=\" aligncenter\" src=\"https:\/\/navasjoyeros.com\/media\/catalog\/product\/cache\/1\/image\/535x\/040ec09b1e35df139433887a97daa66f\/f\/a\/faraon-anillo-zafiro-detalle.jpg\" alt=\"\" width=\"535\" height=\"593\" \/><\/a>\u00bfYa tienes nuevo capricho de temporada? No lo dudes, en las<strong> joyas<\/strong> multicolores encontrar\u00e1s el complemento perfecto para hacer de un look minimalista, un estilismo de alto voltaje.<\/p>\n<p>&nbsp;<\/p>\n","protected":false},"excerpt":{"rendered":"<p>En Navas Joyeros elevamos nuestros colores a la m\u00e1xima potencia con la ayuda de rub\u00edes, esmeraldas o zafiros para que este verano consigas un look impactante con las piezas m\u00e1s exquisitas de la temporada. La magia de la temporada estival se apodera de nuestro joyero, ba\u00f1ando sus piezas de colores cautivadores y de los tonos [&hellip;]<\/p>\n","protected":false},"author":5,"featured_media":1675,"comment_status":"closed","ping_status":"closed","sticky":false,"template":"","format":"standard","meta":{"footnotes":""},"categories":[21],"tags":[],"class_list":["post-2170","post","type-post","status-publish","format-standard","has-post-thumbnail","hentry","category-noticias-de-joyeria"],"_links":{"self":[{"href":"https:\/\/navasjoyeros.com\/es\/blog\/wp-json\/wp\/v2\/posts\/2170","targetHints":{"allow":["GET"]}}],"collection":[{"href":"https:\/\/navasjoyeros.com\/es\/blog\/wp-json\/wp\/v2\/posts"}],"about":[{"href":"https:\/\/navasjoyeros.com\/es\/blog\/wp-json\/wp\/v2\/types\/post"}],"author":[{"embeddable":true,"href":"https:\/\/navasjoyeros.com\/es\/blog\/wp-json\/wp\/v2\/users\/5"}],"replies":[{"embeddable":true,"href":"https:\/\/navasjoyeros.com\/es\/blog\/wp-json\/wp\/v2\/comments?post=2170"}],"version-history":[{"count":0,"href":"https:\/\/navasjoyeros.com\/es\/blog\/wp-json\/wp\/v2\/posts\/2170\/revisions"}],"wp:featuredmedia":[{"embeddable":true,"href":"https:\/\/navasjoyeros.com\/es\/blog\/wp-json\/wp\/v2\/media\/1675"}],"wp:attachment":[{"href":"https:\/\/navasjoyeros.com\/es\/blog\/wp-json\/wp\/v2\/media?parent=2170"}],"wp:term":[{"taxonomy":"category","embeddable":true,"href":"https:\/\/navasjoyeros.com\/es\/blog\/wp-json\/wp\/v2\/categories?post=2170"},{"taxonomy":"post_tag","embeddable":true,"href":"https:\/\/navasjoyeros.com\/es\/blog\/wp-json\/wp\/v2\/tags?post=2170"}],"curies":[{"name":"wp","href":"https:\/\/api.w.org\/{rel}","templated":true}]}}