{"id":1971,"date":"2015-04-17T11:46:08","date_gmt":"2015-04-17T10:46:08","guid":{"rendered":"https:\/\/navasjoyeros.com\/es\/blog\/?p=1971"},"modified":"2015-04-17T11:46:08","modified_gmt":"2015-04-17T10:46:08","slug":"perlas-siempre-de-moda","status":"publish","type":"post","link":"https:\/\/navasjoyeros.com\/es\/blog\/perlas-siempre-de-moda\/","title":{"rendered":"Perlas, siempre de moda"},"content":{"rendered":"<p>Audrey Hepburn, Marlene Dietrich, Grace Kelly\u2026 As\u00ed se llevan hoy en d\u00eda las joyas cl\u00e1sicas que conquistaron a las grandes divas de todos los tiempos.<\/p>\n<p>Cl\u00e1sicas, atemporales y con una capacidad inaudita de reinvenci\u00f3n, las<strong> perlas<\/strong>, tambi\u00e9n llamadas de forma nost\u00e1lgica \u201cl\u00e1grimas del mar\u201d, pueden presumir de haber construido su propio discurso est\u00e9tico dentro del \u00e1mbito de la <strong>joyer\u00eda<\/strong>, siempre apoyado en la singularidad y la exclusividad de sus gemas.<br \/>\nY es que, ni el n\u00e1car que compone su carcasa, que va del blanco al oro, pasando por el gris y el p\u00farpura, ni su particular forma es id\u00e9ntica de una perla a otra. Esta primavera, tan caracter\u00edsticas piedras preciosas oscilan entre <strong>joyas cl\u00e1sicas<\/strong> y piezas modernistas, demostrando su capacidad de adaptaci\u00f3n con el paso del tiempo.<br \/>\nY es que, si algo tenemos que admitir, es que Jackie Kennedy ten\u00eda toda la raz\u00f3n cuando sentenci\u00f3: \u201cLas perlas son siempre apropiadas\u201d.<\/p>\n<p>Una alfombra roja, un vestido imponente y una joya cuyo efecto es siempre sofisticado. Las perlas, en su versi\u00f3n m\u00e1s minimalista y cl\u00e1sica, se han convertido en las piedras m\u00e1s inspiradoras y deseadas a la hora de aportar luminosidad y elegancia a un look. De hecho, no han sido pocas las celebrities que se han decantado por <strong>pendientes perlados<\/strong> en combinaci\u00f3n con <strong>diamantes<\/strong>, como fue el cao de los Harry Winston que luci\u00f3 la actriz Keira Knightley, o por gargantillas plagadas de estas esferas nacaradas al m\u00e1s puro estilo Grace Kelly.<img loading=\"lazy\" decoding=\"async\" class=\" size-full wp-image-1972 aligncenter\" src=\"https:\/\/navasjoyeros.com\/es\/blog\/wp-content\/uploads\/2015\/04\/keira_knightley_1-a.jpg\" alt=\"keira_knightley_1-a\" width=\"750\" height=\"850\" srcset=\"https:\/\/navasjoyeros.com\/es\/blog\/wp-content\/uploads\/2015\/04\/keira_knightley_1-a.jpg 750w, https:\/\/navasjoyeros.com\/es\/blog\/wp-content\/uploads\/2015\/04\/keira_knightley_1-a-265x300.jpg 265w, https:\/\/navasjoyeros.com\/es\/blog\/wp-content\/uploads\/2015\/04\/keira_knightley_1-a-600x680.jpg 600w, https:\/\/navasjoyeros.com\/es\/blog\/wp-content\/uploads\/2015\/04\/keira_knightley_1-a-400x453.jpg 400w, https:\/\/navasjoyeros.com\/es\/blog\/wp-content\/uploads\/2015\/04\/keira_knightley_1-a-300x340.jpg 300w\" sizes=\"auto, (max-width: 750px) 100vw, 750px\" \/><\/p>\n<p>Sin embargo, atemporalidad no significa rigidez en los c\u00f3digos. Y es que las perlas tambi\u00e9n han sabido renovar su est\u00e9tica e integrarse en piezas tan controvertidas como son los ear cuffs.<br \/>\nLas actrices m\u00e1s j\u00f3venes del panorama hollywoodiense nos dan una aut\u00e9ntica lecci\u00f3n a la hora de incluir las perlas en un discurso m\u00e1s juvenil.<br \/>\nComo Scarlett Johansson, por ejemplo, que aun\u00f3 un peque\u00f1o<strong> pendiente perlado<\/strong> a una combinaci\u00f3n de aros y gema en un mismo look.<img loading=\"lazy\" decoding=\"async\" class=\" size-full wp-image-1973 aligncenter\" src=\"https:\/\/navasjoyeros.com\/es\/blog\/wp-content\/uploads\/2015\/04\/scarlett_johansson_1-a.jpg\" alt=\"scarlett_johansson_1-a\" width=\"736\" height=\"850\" srcset=\"https:\/\/navasjoyeros.com\/es\/blog\/wp-content\/uploads\/2015\/04\/scarlett_johansson_1-a.jpg 736w, https:\/\/navasjoyeros.com\/es\/blog\/wp-content\/uploads\/2015\/04\/scarlett_johansson_1-a-260x300.jpg 260w, https:\/\/navasjoyeros.com\/es\/blog\/wp-content\/uploads\/2015\/04\/scarlett_johansson_1-a-600x693.jpg 600w, https:\/\/navasjoyeros.com\/es\/blog\/wp-content\/uploads\/2015\/04\/scarlett_johansson_1-a-400x462.jpg 400w, https:\/\/navasjoyeros.com\/es\/blog\/wp-content\/uploads\/2015\/04\/scarlett_johansson_1-a-300x346.jpg 300w\" sizes=\"auto, (max-width: 736px) 100vw, 736px\" \/><\/p>\n<p>Adem\u00e1s, hoy las vemos en bolsos, imponentes pendientes sinuosos, gafas con perlas incrustadas\u2026 la piedra estrella de todos los tiempos se moderniza para conquistar a las trendsetters del momento, erigi\u00e9ndose como la tendencia it de esta primavera-verano.<img loading=\"lazy\" decoding=\"async\" class=\" size-full wp-image-1974 aligncenter\" src=\"https:\/\/navasjoyeros.com\/es\/blog\/wp-content\/uploads\/2015\/04\/adelya_bakhtiyarova_1-a.jpg\" alt=\"adelya_bakhtiyarova_1-a\" width=\"568\" height=\"850\" srcset=\"https:\/\/navasjoyeros.com\/es\/blog\/wp-content\/uploads\/2015\/04\/adelya_bakhtiyarova_1-a.jpg 568w, https:\/\/navasjoyeros.com\/es\/blog\/wp-content\/uploads\/2015\/04\/adelya_bakhtiyarova_1-a-200x300.jpg 200w, https:\/\/navasjoyeros.com\/es\/blog\/wp-content\/uploads\/2015\/04\/adelya_bakhtiyarova_1-a-400x599.jpg 400w, https:\/\/navasjoyeros.com\/es\/blog\/wp-content\/uploads\/2015\/04\/adelya_bakhtiyarova_1-a-300x449.jpg 300w\" sizes=\"auto, (max-width: 568px) 100vw, 568px\" \/><\/p>\n<p>Y es que ya lo dijo Coco Chanel, \u201cla joyer\u00eda no se hace para darles a las mujeres un aura de riqueza, sino para hacerlas m\u00e1s hermosas\u201d. Tal vez en busca de esa belleza primigenia que defend\u00eda su fundadora, Karl Lagerfeld volv\u00eda la vista en su propuesta primaveral hacia los cl\u00e1sicos collares de varias vueltas tan caracter\u00edsticos de la maison.<br \/>\nDel mismo modo, firmas como Lanvin se adentrar\u00edan en su versi\u00f3n m\u00e1s minimalista y estructurada, con perlas XXL insertas en chokers y gargantillas r\u00edgidas.<\/p>\n<p>Pero no han sido los \u00fanicos. Las propuestas m\u00e1s barroquistas y ornamentadas llegar\u00edan de la mano de Elie Saab o Dolce &amp; Gabbana quienes, m\u00e1s all\u00e1 de engarzar las perlas en sus piezas de joyer\u00eda, tambi\u00e9n har\u00edan de ellas el aderezo perfecto para sus clutches.<br \/>\nJunto a ambas firmas, estas piedras de origen marino se entremezclar\u00e1n con elementos florales y s\u00edmbolos m\u00edsticos que nos permitir\u00e1n verlas renacer en otra dimensi\u00f3n.<img loading=\"lazy\" decoding=\"async\" class=\" size-full wp-image-1975 aligncenter\" src=\"https:\/\/navasjoyeros.com\/es\/blog\/wp-content\/uploads\/2015\/04\/chanel_2-a.jpg\" alt=\"chanel_2-a\" width=\"566\" height=\"850\" srcset=\"https:\/\/navasjoyeros.com\/es\/blog\/wp-content\/uploads\/2015\/04\/chanel_2-a.jpg 566w, https:\/\/navasjoyeros.com\/es\/blog\/wp-content\/uploads\/2015\/04\/chanel_2-a-200x300.jpg 200w, https:\/\/navasjoyeros.com\/es\/blog\/wp-content\/uploads\/2015\/04\/chanel_2-a-400x601.jpg 400w, https:\/\/navasjoyeros.com\/es\/blog\/wp-content\/uploads\/2015\/04\/chanel_2-a-300x451.jpg 300w\" sizes=\"auto, (max-width: 566px) 100vw, 566px\" \/><\/p>\n<p>Sin duda, entre tanta variedad de propuestas, es imposible rechazar la entrada de las perlas en nuestros joyeros y vestidores.<br \/>\nPara que esta gema entre en vuestros armarios os lo dejamos a vosotros, sin embargo, en<strong> Navas Joyeros<\/strong> os podemos ayudar a que entren en vuestros joyeros, y adem\u00e1s, que pod\u00e1is tener las <strong>joyas de perlas<\/strong> de dise\u00f1o exclusivo con las mejores <strong>perlas cultivadas<\/strong> y el precio m\u00e1s bajo del mercado.<\/p>\n<p>\u00bfC\u00f3mo? Tan s\u00f3lo tienes que echar un vistazo a la<a href=\"https:\/\/navasjoyeros.com\/catalogsearch\/result\/?q=perlas\"> colecci\u00f3n de la<strong> joyer\u00eda online<\/strong> de la firma<\/a> para comprobarlo.<\/p>\n<p>Nuestra elecci\u00f3n para esta primavera:<\/p>\n<p>Los<strong> pendientes de perlas y diamantes Rocio<\/strong>, unos elegantes y sencillos <strong>pendientes de diamantes y perlas<\/strong>, de tipo largo, y fabricados en oro de Primera Ley.<br \/>\nEs una<strong> joya<\/strong> perfecta para combinar con nuestros looks m\u00e1s especiales y, por qu\u00e9 no, muy recomendada como <strong>pendientes de novia<\/strong>, ya que adem\u00e1s de su bello dise\u00f1o son muy c\u00f3modos de llevar, y su precioso dise\u00f1o evoca los <strong>pendientes tradicionales nupciales de perlas<\/strong>, incluyendo adem\u00e1s, un toque de modernidad.<a href=\"https:\/\/navasjoyeros.com\/rocio-pendientes-perlas.html\"><img loading=\"lazy\" decoding=\"async\" class=\" aligncenter\" src=\"https:\/\/navasjoyeros.com\/media\/catalog\/product\/cache\/1\/image\/535x\/040ec09b1e35df139433887a97daa66f\/r\/o\/rocio-pendientes-perla-principal_5.jpg\" alt=\"\" width=\"535\" height=\"593\" \/><\/a><\/p>\n<p>Los <strong>pendientes Rocio<\/strong> son unos<strong> pendientes largos de perlas<\/strong> cultivadas de alta calidad, procedentes de los Mares del Sur, las m\u00e1s apreciadas del mundo.<br \/>\nLos <strong>pendientes largos Roc\u00edo<\/strong> est\u00e1n compuestos por un motivo delicadamente ornamentado de <strong>diamantes<\/strong> talla brillante y engastados en garras. El dise\u00f1o finaliza en unas hermosas perlas de 9 mm., que se pueden montar tanto en redondo como en l\u00e1grima.<br \/>\nEl cierre de estos<strong> pendientes con perlas y diamantes<\/strong> es a trav\u00e9s de presiones, lo que hace que, el motivo de inicio del pendiente engastado con <strong>diamantes<\/strong> quede perfectamente adaptado a la oreja, discretamente situado, y con plenas garant\u00edas de sujeci\u00f3n.<br \/>\nEn estos <strong>pendientes<\/strong> se puede apreciar el movimiento en cada una de sus partes, evitando la antiest\u00e9tica rigidez, y adapt\u00e1ndose perfectamente a cualquier tipo de rostro.<img loading=\"lazy\" decoding=\"async\" class=\" aligncenter\" src=\"https:\/\/navasjoyeros.com\/media\/catalog\/product\/cache\/1\/image\/535x\/040ec09b1e35df139433887a97daa66f\/r\/o\/rocio-pendientes-perla-modelo.jpg\" alt=\"\" width=\"535\" height=\"483\" \/>Los <strong>pendientes con perlas Rocio<\/strong> son unos <strong>pendientes largos<\/strong> perfectos, de dise\u00f1o sutil y vanguardista, que hace que sean unos <strong>pendientes<\/strong> que puedan ser lucidos en cualquier ocasi\u00f3n, sobre todo en la \u00e9poca de grandes citas que nos espera con la llegada de las buenas temperaturas.<\/p>\n<p>&nbsp;<\/p>\n","protected":false},"excerpt":{"rendered":"<p>Audrey Hepburn, Marlene Dietrich, Grace Kelly\u2026 As\u00ed se llevan hoy en d\u00eda las joyas cl\u00e1sicas que conquistaron a las grandes divas de todos los tiempos. Cl\u00e1sicas, atemporales y con una capacidad inaudita de reinvenci\u00f3n, las perlas, tambi\u00e9n llamadas de forma nost\u00e1lgica \u201cl\u00e1grimas del mar\u201d, pueden presumir de haber construido su propio discurso est\u00e9tico dentro del [&hellip;]<\/p>\n","protected":false},"author":5,"featured_media":1976,"comment_status":"closed","ping_status":"closed","sticky":false,"template":"","format":"standard","meta":{"footnotes":""},"categories":[21],"tags":[],"class_list":["post-1971","post","type-post","status-publish","format-standard","has-post-thumbnail","hentry","category-noticias-de-joyeria"],"_links":{"self":[{"href":"https:\/\/navasjoyeros.com\/es\/blog\/wp-json\/wp\/v2\/posts\/1971","targetHints":{"allow":["GET"]}}],"collection":[{"href":"https:\/\/navasjoyeros.com\/es\/blog\/wp-json\/wp\/v2\/posts"}],"about":[{"href":"https:\/\/navasjoyeros.com\/es\/blog\/wp-json\/wp\/v2\/types\/post"}],"author":[{"embeddable":true,"href":"https:\/\/navasjoyeros.com\/es\/blog\/wp-json\/wp\/v2\/users\/5"}],"replies":[{"embeddable":true,"href":"https:\/\/navasjoyeros.com\/es\/blog\/wp-json\/wp\/v2\/comments?post=1971"}],"version-history":[{"count":0,"href":"https:\/\/navasjoyeros.com\/es\/blog\/wp-json\/wp\/v2\/posts\/1971\/revisions"}],"wp:featuredmedia":[{"embeddable":true,"href":"https:\/\/navasjoyeros.com\/es\/blog\/wp-json\/wp\/v2\/media\/1976"}],"wp:attachment":[{"href":"https:\/\/navasjoyeros.com\/es\/blog\/wp-json\/wp\/v2\/media?parent=1971"}],"wp:term":[{"taxonomy":"category","embeddable":true,"href":"https:\/\/navasjoyeros.com\/es\/blog\/wp-json\/wp\/v2\/categories?post=1971"},{"taxonomy":"post_tag","embeddable":true,"href":"https:\/\/navasjoyeros.com\/es\/blog\/wp-json\/wp\/v2\/tags?post=1971"}],"curies":[{"name":"wp","href":"https:\/\/api.w.org\/{rel}","templated":true}]}}