{"id":19025,"date":"2017-07-07T10:45:11","date_gmt":"2017-07-07T08:45:11","guid":{"rendered":"https:\/\/navasjoyeros.com\/es\/blog\/?p=6197"},"modified":"2024-10-24T11:30:26","modified_gmt":"2024-10-24T09:30:26","slug":"desvelado-chiara-ferragni-fecha-boda","status":"publish","type":"post","link":"https:\/\/navasjoyeros.com\/es\/blog\/desvelado-chiara-ferragni-fecha-boda\/","title":{"rendered":"\u00bfHa desvelado Chiara Ferragni la fecha de su boda?"},"content":{"rendered":"<p style=\"text-align: justify\">Instagram ha sido el escenario de especulaci\u00f3n desde que <strong>Chiara Ferragni<\/strong> anunci\u00f3 su boda con el cantante Fedez. El italiano le propuso matrimonio a \u201cThe Blonde Salad\u201d el pasado mayo durante uno de los conciertos de su gira en Verona. All\u00ed, mientras sonaba<em> Forever Young<\/em> y en medio de un espect\u00e1culo de pirotecnia, Fedez hinc\u00f3 rodilla en tierra y le pidi\u00f3 la mano a la mujer de su vida delante de miles de personas, haciendo coincidir la propuesta con el 30 cumplea\u00f1os de la rubia. Todo un cuento de hadas.<\/p>\n<p style=\"text-align: justify\"><img loading=\"lazy\" decoding=\"async\" class=\"aligncenter wp-image-6199 size-medium\" title=\"Chiara Ferragni\" src=\"https:\/\/navasjoyeros.com\/es\/blog\/wp-content\/uploads\/2017\/07\/cuando-ela-dijo-si-quiero-sobre-el-escenario_c08e2e61-300x242.jpg\" alt=\"Chiara Ferragni\" width=\"300\" height=\"242\" \/><\/p>\n<p style=\"text-align: justify\">Tras la espectacular <strong>pedida de mano<\/strong>, todos los dise\u00f1adores del mundo se pusieron en alerta para la que ser\u00e1 la boda del a\u00f1o. \u00bfD\u00f3nde se casar\u00e1n? \u00bfCu\u00e1ndo? \u00bfC\u00f3mo ser\u00e1 el evento? Y, sobre todo, \u00bfqu\u00e9 firma dise\u00f1ar\u00e1 su vestido de novia y cu\u00e1les ser\u00e1n las <a href=\"https:\/\/navasjoyerosboda.com\/colecciones\/anillos-de-compromiso\/alianzas-de-boda.html\"><strong>alianzas de boda<\/strong><\/a>\u00a0elegidas por <strong>Chiara Ferragni<\/strong>? Parece ser que los detalles se van descubriendo con cuentagotas y ya tendr\u00edamos la informaci\u00f3n sobre qui\u00e9n firmar\u00e1 el vestido de novia, d\u00f3nde ir\u00e1n en su luna de miel y\u2026 \u00bfla fecha?<\/p>\n<p style=\"text-align: justify\">Hace unos d\u00edas la influencer public\u00f3 en Instagram una publicaci\u00f3n con el t\u00edtulo \u201cNo puedo esperar a verte y casarme contigo\u201d. Recordemos que la pareja est\u00e1 continuamente separada por motivos de agenda, \u00bfpodr\u00eda ser la fecha de su boda el pr\u00f3ximo d\u00eda que se vean? Han saltado las alarmas, ya que Chiara ha promocionado hace poco a la firma espa\u00f1ola Pronovias, de la que es embajadora junto a su hermana Valentina, en un post. \u00bfSer\u00e1 la marca bridal la elegida para confeccionar su vestido? El \u00faltimo detalle que nos ha llamado la atenci\u00f3n ha sido uno de los \u00faltimos posts de Ferragni, en el que pide consejo a sus seguidoras sobre qu\u00e9 hacer en Espa\u00f1a, Grecia, sur de Italia y Polinesia, donde va a estar de vacaciones. \u00bfPodr\u00eda la <em>rubia salada<\/em> estar planeando ya su luna de miel?<\/p>\n<p style=\"text-align: justify\">No podemos saberlo seguro, por lo que mientras tanto en <a href=\"https:\/\/navasjoyerosboda.com\/\"><strong>Navas Joyeros Boda<\/strong><\/a> nos contentamos imaginando c\u00f3mo ser\u00e1n las<strong> joyas nupciales<\/strong> que lucir\u00e1n los novios el d\u00eda B, empezando por las\u00a0<a href=\"https:\/\/navasjoyerosboda.com\/colecciones\/anillos-de-compromiso\/alianzas-de-boda.html\"><strong>alianzas de boda<\/strong><\/a>. Creemos que, debido a su personalidad, <strong>Chiara Ferragni<\/strong> y Fedez optar\u00e1n por modelos similares, pero no completamente id\u00e9nticos, muy parecidos a los que te mostramos a continuaci\u00f3n. \u00bfAcertaremos?<\/p>\n<h3 style=\"text-align: justify\">Las posibles alianzas de boda de Chiara Ferragni y Fedez<\/h3>\n<p style=\"text-align: justify\">No recordamos prenda o tendencia con la que Chiara no se haya atrevido. A la rubia le encanta hacer un mix de tendencias y suele ser muy original en sus elecciones. Puede combinar un mini vestido de Valentino con la chaqueta de cuero m\u00e1s vieja que encuentre y causar furor. Por ello, nos imaginamos que<strong> Chiara Ferragni<\/strong> querr\u00e1 una <strong>alianza de boda<\/strong> diferente, que tenga un toque \u00fanico que la haga especial, como la <strong><a href=\"https:\/\/navasjoyerosboda.com\/penhalta-25-alianza-boda-mujer.html\">alianza de boda para mujer modelo PENHALTA 25<\/a>.<\/strong> Esta extraordinaria y bella alianza de 3mm est\u00e1 fabricada en<strong> Oro de Primera Ley<\/strong> y su atractivo principal reside en el diamante de 0,04qt que le aporta la nota caracter\u00edstica de distinci\u00f3n. Es un dise\u00f1o discreto y elegante, pensado para lucir todos los d\u00edas y poder combinarse con todos los looks, obviamente un detalle indispensable para la Blogger italiana.<\/p>\n<p style=\"text-align: justify\"><a href=\"https:\/\/navasjoyerosboda.com\/penhalta-25-alianza-boda-mujer.html\"><img loading=\"lazy\" decoding=\"async\" class=\"aligncenter\" title=\"Chiara Ferragni\" src=\"https:\/\/navasjoyeros.com\/media\/catalog\/product\/p\/e\/penhalta-25-alianza-mujer-principal.jpg\" alt=\"Alianza de boda para mujer modelo PENHALTA 25\" width=\"296\" height=\"328\" \/><\/a><\/p>\n<p style=\"text-align: justify\">Por su parte, Fedez tiene un estilo muy urbano, en el que destacan much\u00edsimo los tatuajes y las joyas ostentosas. Al rapero le encanta demostrar que es el m\u00e1s duro del lugar con looks de colores oscuros, <em>bikers<\/em> y gafas de sol. Sin embargo, Fedez est\u00e1 muy pero que muy enamorado de Chiara, e imaginamos que querr\u00e1n lucir unas <strong>alianzas de boda<\/strong> bastante similares para simbolizar su amor, pero el italiano no querr\u00e1 renunciar a una joya m\u00e1s masculina, como la <a href=\"https:\/\/navasjoyerosboda.com\/penhalta-25-alianza-boda-hombre.html\"><strong>alianza de boda para hombre modelo PENHALTA 25<\/strong><\/a>. Al igual que la anterior, tambi\u00e9n est\u00e1 fabricada en <strong>Oro de Primera Ley<\/strong>, pero tiene un estilo m\u00e1s as\u00e9ptico y varonil. Sigue un dise\u00f1o sencillo y elegante, en el que prima la comodidad y la calidad de los materiales, caracter\u00edsticas que lo convierten en el anillo perfecto para un cantante que lo d\u00e9 todo en sus conciertos.<\/p>\n<p style=\"text-align: justify\"><a href=\"https:\/\/navasjoyerosboda.com\/penhalta-25-alianza-boda-hombre.html\"><img loading=\"lazy\" decoding=\"async\" class=\"aligncenter\" title=\"Chiara Ferragni\" src=\"https:\/\/navasjoyeros.com\/media\/catalog\/product\/p\/e\/penhalta-25-alianza-hombre-principal.jpg\" alt=\"Alianza de boda para hombre modelo PENHALTA 25\" width=\"298\" height=\"330\" \/><\/a><\/p>\n<p style=\"text-align: justify\">Ya nos estamos mordiendo las u\u00f1as de impaciencia por la inminente boda de los dos italianos m\u00e1s <em>cool<\/em> del momento. Pero hasta que ese d\u00eda\u00a0llegue\u2026 \u00bfpor qu\u00e9 no te pasas por nuestra <a href=\"https:\/\/navasjoyerosboda.com\/\"><strong>joyer\u00eda online Navas Joyeros Boda<\/strong><\/a> y le echas un vistazo a nuestra colecci\u00f3n de<strong> joyas nupciales<\/strong>? \u00a1Seguro que encontrar\u00e1s alguna de lo m\u00e1s <em>it<\/em> que llame tu atenci\u00f3n!<\/p>\n<p style=\"text-align: justify\"><img loading=\"lazy\" decoding=\"async\" class=\"aligncenter wp-image-6200\" title=\"Chiara Ferragni\" src=\"https:\/\/navasjoyeros.com\/es\/blog\/wp-content\/uploads\/2017\/07\/Chiara-Ferragni2getty-t-300x180.jpg\" alt=\"Chiara Ferragni\" width=\"325\" height=\"195\" \/><\/p>\n","protected":false},"excerpt":{"rendered":"<p>Instagram ha sido el escenario de especulaci\u00f3n desde que Chiara Ferragni anunci\u00f3 su boda con el cantante Fedez. El italiano le propuso matrimonio a \u201cThe Blonde Salad\u201d el pasado mayo durante uno de los conciertos de su gira en Verona. All\u00ed, mientras sonaba Forever Young y en medio de un espect\u00e1culo de pirotecnia, Fedez hinc\u00f3 [&hellip;]<\/p>\n","protected":false},"author":5,"featured_media":6198,"comment_status":"closed","ping_status":"closed","sticky":false,"template":"","format":"standard","meta":{"footnotes":""},"categories":[21],"tags":[],"class_list":["post-19025","post","type-post","status-publish","format-standard","has-post-thumbnail","hentry","category-noticias-de-joyeria"],"_links":{"self":[{"href":"https:\/\/navasjoyeros.com\/es\/blog\/wp-json\/wp\/v2\/posts\/19025","targetHints":{"allow":["GET"]}}],"collection":[{"href":"https:\/\/navasjoyeros.com\/es\/blog\/wp-json\/wp\/v2\/posts"}],"about":[{"href":"https:\/\/navasjoyeros.com\/es\/blog\/wp-json\/wp\/v2\/types\/post"}],"author":[{"embeddable":true,"href":"https:\/\/navasjoyeros.com\/es\/blog\/wp-json\/wp\/v2\/users\/5"}],"replies":[{"embeddable":true,"href":"https:\/\/navasjoyeros.com\/es\/blog\/wp-json\/wp\/v2\/comments?post=19025"}],"version-history":[{"count":1,"href":"https:\/\/navasjoyeros.com\/es\/blog\/wp-json\/wp\/v2\/posts\/19025\/revisions"}],"predecessor-version":[{"id":21962,"href":"https:\/\/navasjoyeros.com\/es\/blog\/wp-json\/wp\/v2\/posts\/19025\/revisions\/21962"}],"wp:featuredmedia":[{"embeddable":true,"href":"https:\/\/navasjoyeros.com\/es\/blog\/wp-json\/wp\/v2\/media\/6198"}],"wp:attachment":[{"href":"https:\/\/navasjoyeros.com\/es\/blog\/wp-json\/wp\/v2\/media?parent=19025"}],"wp:term":[{"taxonomy":"category","embeddable":true,"href":"https:\/\/navasjoyeros.com\/es\/blog\/wp-json\/wp\/v2\/categories?post=19025"},{"taxonomy":"post_tag","embeddable":true,"href":"https:\/\/navasjoyeros.com\/es\/blog\/wp-json\/wp\/v2\/tags?post=19025"}],"curies":[{"name":"wp","href":"https:\/\/api.w.org\/{rel}","templated":true}]}}