{"id":1889,"date":"2015-03-13T13:47:43","date_gmt":"2015-03-13T12:47:43","guid":{"rendered":"https:\/\/navasjoyeros.com\/es\/blog\/?p=1889"},"modified":"2015-08-04T16:16:20","modified_gmt":"2015-08-04T15:16:20","slug":"joyas-de-color-para-novia","status":"publish","type":"post","link":"https:\/\/navasjoyeros.com\/es\/blog\/joyas-de-color-para-novia\/","title":{"rendered":"Joyas de color para novia"},"content":{"rendered":"<p>\u00bfQui\u00e9n dice que las novias no pueden poner un toque de color a su boda?<br \/>\nCuando empieza a estar cada vez m\u00e1s de moda incluir un toque de color en su atuendo y su look nupcial, son muchas las novias que se animan a lucir <strong>joyas de colores<\/strong>.<\/p>\n<p>El marsala es el color del a\u00f1o, lo sabemos, el rojo vivo, el de las novias de San Valent\u00edn, y el verde y el soft blue parecen ser los tonos de la primavera. Por ello, y analizando las tendencias en color que se avecinan, las primeras bodas de la temporada estar\u00e1n plagadas de colores pastel, nudes y vainillas, lavandas y sobre todo celestes y aguamarinas, dando la bienvenida al calor en estos primeros meses de temporada nupcial.<br \/>\nDesde la decoraci\u00f3n hasta el vestido de la novia, pasando por los vestidos de fiesta de ma\u00f1ana y de tarde de las invitadas, las flores, la manteler\u00eda o el look de las damas de honor.<\/p>\n<p>\u00bfQuieres ver como pintaremos las bodas que vienen?<br \/>\nSigue leyendo y ent\u00e9rate de todo lo que viene.<\/p>\n<ul>\n<li>Gris, \u201csoft pink\u201d, maquillaje y verde agua.<br \/>\nEl nail-art de pasarela en color verdeagua, visto en el backstage de Bruberry Prorsum, pimavera-verano 2015. El ramo de novia de Nancy Shevell en su boda con Paul McCartney, incluye flores de color rosa, vainilla y morado, sin hojas y con l\u00edneas muy simples y de peque\u00f1o tama\u00f1o.<br \/>\nLos vestidos de las damas de honor en nude y color piedra\u2026<img loading=\"lazy\" decoding=\"async\" class=\" size-full wp-image-1890 aligncenter\" src=\"https:\/\/navasjoyeros.com\/es\/blog\/wp-content\/uploads\/2015\/03\/1.jpg\" alt=\"1\" width=\"600\" height=\"600\" srcset=\"https:\/\/navasjoyeros.com\/es\/blog\/wp-content\/uploads\/2015\/03\/1.jpg 600w, https:\/\/navasjoyeros.com\/es\/blog\/wp-content\/uploads\/2015\/03\/1-150x150.jpg 150w, https:\/\/navasjoyeros.com\/es\/blog\/wp-content\/uploads\/2015\/03\/1-300x300.jpg 300w, https:\/\/navasjoyeros.com\/es\/blog\/wp-content\/uploads\/2015\/03\/1-400x400.jpg 400w\" sizes=\"auto, (max-width: 600px) 100vw, 600px\" \/><\/p>\n<p>\u00bfY las<strong> joyas de la novia<\/strong>?<br \/>\nDefinitivamente, en<strong> topacio<\/strong>, una <strong>preciosa piedra de color<\/strong> con un caracter\u00edstico color verde agua.<br \/>\nLa pieza de joyer\u00eda: una <strong>sortija<\/strong>.<br \/>\nLa elegida: la <strong>sortija de topacio y diamantes Celeste<\/strong>.<br \/>\nUn precioso <strong>anillo de topacio azul<\/strong> al que acompa\u00f1a un delicado pav\u00e9e de<strong> diamantes<\/strong>. Es un dise\u00f1o cuidado y muy elegante, con una calidad a la altura de una pieza propia de <strong>alta joyer\u00eda<\/strong>.<br \/>\nLa <strong>sortija Celeste<\/strong> tiene como principal protagonista un<strong> topacio central<\/strong> de intenso color azul, tallado en forma oval, y seleccionado por su brillo y calidad. Los <strong>diamantes<\/strong> de talla brillante que adornan los brazos del <strong>anillo Modelo Celeste<\/strong>, han sido previamente seleccionados por los expertos gem\u00f3logos de la firma <strong>Navas Joyeros<\/strong>, buscando que fueran similares en color, talla y pureza, para crear un tapiz de brillo homog\u00e9neo.<a href=\"https:\/\/navasjoyeros.com\/celeste-sortija-zafiro.html\"><img loading=\"lazy\" decoding=\"async\" class=\" aligncenter\" src=\"https:\/\/navasjoyeros.com\/media\/catalog\/product\/cache\/1\/image\/535x\/040ec09b1e35df139433887a97daa66f\/n\/a\/navas-joyeros_anillo-diamantes-topacio_celeste_1_1.jpg\" alt=\"\" width=\"535\" height=\"593\" \/><\/a><\/li>\n<\/ul>\n<p>\u00bfQu\u00e9 os parece este <strong>anillo<\/strong> para una novia dulce?<\/p>\n<p>&nbsp;<\/p>\n<ul>\n<li>\u201cBlush\u201d verde pino, blanco y oro.<br \/>\nM\u00e1xima de Holanda, una de las invitadas m\u00e1s chic a la Boda Real de M\u00f3naco, con vestido de fiesta de ma\u00f1ana con falda a la rodilla y escote asim\u00e9trico con flor en el hombro, guantes y sandalias en color caramelo y maxipamela inclinada tostada.<br \/>\nBlake Lively, con un vestido de novia vintage estilo a\u00f1os 40, en encaje de color nude y velo de novia con tiara de flores, durante el rodaje de la pel\u00edcula \u201cThe Age of Adaline\u201d, en Vancouver. Un ramo de novia con flores blancas y hoja verde peque\u00f1a y una joya de esmeraldas.<br \/>\nInspirador, no os parece.<img loading=\"lazy\" decoding=\"async\" class=\" size-full wp-image-1891 aligncenter\" src=\"https:\/\/navasjoyeros.com\/es\/blog\/wp-content\/uploads\/2015\/03\/2.jpg\" alt=\"2\" width=\"600\" height=\"600\" srcset=\"https:\/\/navasjoyeros.com\/es\/blog\/wp-content\/uploads\/2015\/03\/2.jpg 600w, https:\/\/navasjoyeros.com\/es\/blog\/wp-content\/uploads\/2015\/03\/2-150x150.jpg 150w, https:\/\/navasjoyeros.com\/es\/blog\/wp-content\/uploads\/2015\/03\/2-300x300.jpg 300w, https:\/\/navasjoyeros.com\/es\/blog\/wp-content\/uploads\/2015\/03\/2-400x400.jpg 400w\" sizes=\"auto, (max-width: 600px) 100vw, 600px\" \/><br \/>\nY <strong>joya con esmeralda<\/strong>\u2026 \u00bfCu\u00e1l?<br \/>\nLos<strong> pendientes Esperanza<\/strong>, unos <strong>pendientes de esmeralda y diamantes<\/strong>, con un dise\u00f1o cuidado, sencillo y de gran belleza, realizado en oro de Primera Ley y <strong>piedras preciosas<\/strong> seleccionadas.<br \/>\nGracias a todo ello, obtenemos una pieza de alta joyer\u00eda a un precio sin competencia, ideal para lucirla en el d\u00eda a d\u00eda, ya que es una joya c\u00f3moda y muy combinable tanto para look nupcial como para lucir en m\u00e1s ocasiones.<br \/>\nLos <strong>pendientes Esperanza<\/strong> se componen de las mejores <strong>esmeraldas<\/strong> naturales del mundo, junto a un bello cuajado de<strong> diamantes<\/strong>, y una montura de oro de Primera Ley.<a href=\"https:\/\/navasjoyeros.com\/esperanza-pendientes-esmeralda.html\"><\/a><\/p>\n<p>Su motivo central, formado por <strong>diamantes<\/strong>, est\u00e1 realizado, de forma cuidada y minuciosa, por parte del equipo de engastadores de <strong>Navas Joyeros<\/strong>, los cuales sit\u00faan estrat\u00e9gicamente los diamantes mediante un microscopio, creando una sensaci\u00f3n de brillo homog\u00e9neo.<br \/>\n<span style=\"line-height: 1.5\">Este <strong>dise\u00f1o de joyer\u00eda<\/strong> se completa con una<strong> orla de esmeraldas<\/strong> de talla redonda, engastadas en un sutil carril, que enmarcan el pendiente y le dan colorido.<br \/>\n<\/span>\u00bf<strong>Esmeraldas<\/strong> para novias? Definitivamente, s\u00ed!<\/li>\n<\/ul>\n<p>&nbsp;<\/p>\n<ul>\n<li>Rosa p\u00e9talo, verde oscuro, lavanda y azul.<br \/>\nEugenia Silva, con el perfecto look de invitada a una boda de ma\u00f1ana, en el enlace de Mafalda Mu\u00f1oz y Gonzalo Machado, con vestido cortado ligeramente por encima de la rodilla, con estampado de flores multicolor sobre rosa, y dise\u00f1o que deja la espalda al aire.<br \/>\nLos detalles: el broche en forma de flor al cuello, los complementos y joyas golden y los zapatos en verde oscuro.<br \/>\nUna invitada as\u00ed estar\u00eda perfecta en una boda de este estilo, donde la novia luciera un rom\u00e1ntico vestido y<strong> joyas<\/strong>, como no, de <strong>zafiros<\/strong>, en un bello e intenso azul.<img loading=\"lazy\" decoding=\"async\" class=\" size-full wp-image-1892 aligncenter\" src=\"https:\/\/navasjoyeros.com\/es\/blog\/wp-content\/uploads\/2015\/03\/eugenia-silva-the-2nd-skin-co-invitada-boda_full.jpg\" alt=\"eugenia-silva-the-2nd-skin-co-invitada-boda_full\" width=\"620\" height=\"801\" srcset=\"https:\/\/navasjoyeros.com\/es\/blog\/wp-content\/uploads\/2015\/03\/eugenia-silva-the-2nd-skin-co-invitada-boda_full.jpg 620w, https:\/\/navasjoyeros.com\/es\/blog\/wp-content\/uploads\/2015\/03\/eugenia-silva-the-2nd-skin-co-invitada-boda_full-232x300.jpg 232w, https:\/\/navasjoyeros.com\/es\/blog\/wp-content\/uploads\/2015\/03\/eugenia-silva-the-2nd-skin-co-invitada-boda_full-600x775.jpg 600w, https:\/\/navasjoyeros.com\/es\/blog\/wp-content\/uploads\/2015\/03\/eugenia-silva-the-2nd-skin-co-invitada-boda_full-400x517.jpg 400w, https:\/\/navasjoyeros.com\/es\/blog\/wp-content\/uploads\/2015\/03\/eugenia-silva-the-2nd-skin-co-invitada-boda_full-300x388.jpg 300w\" sizes=\"auto, (max-width: 620px) 100vw, 620px\" \/><br \/>\nY la novia, que luzca su <strong>anillo de compromiso<\/strong> en el d\u00eda de la boda, esa joya eterna y so\u00f1ada, que le recordar\u00e1 ese momento con el que todas las chicas sue\u00f1an, el <strong>anillo<\/strong>, en azul, su color favorito, la piedra, el<strong> zafiro<\/strong>, el modelo, la <strong>sortija Fara\u00f3n<\/strong>.<br \/>\nEl<strong> anillo de diamantes y zafiro Fara\u00f3n<\/strong> es una incre\u00edble y preciosa <strong>sortija de oro de Primera Ley<\/strong> reservada para los amantes de las <strong>piezas de alta joyer\u00eda<\/strong>.<br \/>\nSu exclusivo dise\u00f1o combina un sorprendente <strong>zafiro<\/strong> rodeado de peque\u00f1os <strong>diamantes<\/strong> que favorecen su brillo.<br \/>\nEl <strong>anillo Fara\u00f3n<\/strong> es una <strong>sortija de oro de 18 quilates<\/strong>, con un <strong>zafiro de origen Ceylan<\/strong>, en talla coj\u00edn, cuadrada, de un precioso azul intenso y engastado de manera tradicional a trav\u00e9s de garra, consiguiendo de esta manera potenciar su belleza.<br \/>\nLa<strong> joya<\/strong> se completa con un cuajado de <strong>diamantes<\/strong> talla brillante de m\u00e1xima calidad, creando un manto de brillo que potencia aun m\u00e1s si cabe el contraste entre el azul del<strong> zafiro<\/strong> y el blanco de los diamantes.<a href=\"https:\/\/navasjoyeros.com\/faraon-sortija-zafiro.html\"><img loading=\"lazy\" decoding=\"async\" class=\" aligncenter\" src=\"https:\/\/navasjoyeros.com\/media\/catalog\/product\/cache\/1\/image\/535x\/040ec09b1e35df139433887a97daa66f\/f\/a\/faraon-anillo-zafiro-principal.jpg\" alt=\"\" width=\"535\" height=\"593\" \/><\/a><\/li>\n<\/ul>\n<p>\u00bfQu\u00e9 os parecen nuestras bodas a todo color?<\/p>\n<p>&nbsp;<\/p>\n","protected":false},"excerpt":{"rendered":"<p>\u00bfQui\u00e9n dice que las novias no pueden poner un toque de color a su boda? Cuando empieza a estar cada vez m\u00e1s de moda incluir un toque de color en su atuendo y su look nupcial, son muchas las novias que se animan a lucir joyas de colores. El marsala es el color del a\u00f1o, [&hellip;]<\/p>\n","protected":false},"author":5,"featured_media":1893,"comment_status":"closed","ping_status":"closed","sticky":false,"template":"","format":"standard","meta":{"footnotes":""},"categories":[21],"tags":[],"class_list":["post-1889","post","type-post","status-publish","format-standard","has-post-thumbnail","hentry","category-noticias-de-joyeria"],"_links":{"self":[{"href":"https:\/\/navasjoyeros.com\/es\/blog\/wp-json\/wp\/v2\/posts\/1889","targetHints":{"allow":["GET"]}}],"collection":[{"href":"https:\/\/navasjoyeros.com\/es\/blog\/wp-json\/wp\/v2\/posts"}],"about":[{"href":"https:\/\/navasjoyeros.com\/es\/blog\/wp-json\/wp\/v2\/types\/post"}],"author":[{"embeddable":true,"href":"https:\/\/navasjoyeros.com\/es\/blog\/wp-json\/wp\/v2\/users\/5"}],"replies":[{"embeddable":true,"href":"https:\/\/navasjoyeros.com\/es\/blog\/wp-json\/wp\/v2\/comments?post=1889"}],"version-history":[{"count":0,"href":"https:\/\/navasjoyeros.com\/es\/blog\/wp-json\/wp\/v2\/posts\/1889\/revisions"}],"wp:featuredmedia":[{"embeddable":true,"href":"https:\/\/navasjoyeros.com\/es\/blog\/wp-json\/wp\/v2\/media\/1893"}],"wp:attachment":[{"href":"https:\/\/navasjoyeros.com\/es\/blog\/wp-json\/wp\/v2\/media?parent=1889"}],"wp:term":[{"taxonomy":"category","embeddable":true,"href":"https:\/\/navasjoyeros.com\/es\/blog\/wp-json\/wp\/v2\/categories?post=1889"},{"taxonomy":"post_tag","embeddable":true,"href":"https:\/\/navasjoyeros.com\/es\/blog\/wp-json\/wp\/v2\/tags?post=1889"}],"curies":[{"name":"wp","href":"https:\/\/api.w.org\/{rel}","templated":true}]}}