{"id":18577,"date":"2014-10-07T11:58:33","date_gmt":"2014-10-07T10:58:33","guid":{"rendered":"https:\/\/navasjoyeros.com\/es\/blog\/?p=1096"},"modified":"2024-10-24T11:29:23","modified_gmt":"2024-10-24T09:29:23","slug":"una-exclusiva-boda","status":"publish","type":"post","link":"https:\/\/navasjoyeros.com\/es\/blog\/una-exclusiva-boda\/","title":{"rendered":"Una exclusiva boda"},"content":{"rendered":"<p>Este fin de semana se ha celebrado una de esas bodas que tanto gustan al equipo de <strong>Navas Joyeros Boda<\/strong>, una de esas bodas por todo lo alto en las que los novios derrochan no s\u00f3lo amor, tambi\u00e9n estilo, y una lista de invitados plagada de personalidades.<\/p>\n<p>Esta boda fue la de<strong> Olivia de Borb\u00f3n<\/strong> y <strong>Juli\u00e1n Porras<\/strong>, que se han dado el \u201cs\u00ed, quiero\u201d este s\u00e1bado en Marbella, ciudad muy especial para la pareja por ser donde se conocieron.<img loading=\"lazy\" decoding=\"async\" class=\"aligncenter wp-image-1099 size-medium\" src=\"https:\/\/navasjoyeros.com\/es\/blog\/wp-content\/blogs.dir\/2\/files\/2014\/10\/1412413371_10-233x300.jpg\" alt=\"Boda Olivia de Borb\u00f3n\" width=\"233\" height=\"300\" \/><\/p>\n<p>El enlace se celebr\u00f3 en uno de los hoteles m\u00e1s exclusivos de la Costa del Sol, el Palacio de Villa Padierna, hasta donde llegaron numerosos invitados, entre ellos la belleza Eugenia Silva o Cari Lapique, y de las que a pesar de no tener im\u00e1genes de sus estilismos, estamos seguros que derrocharon clase y elegancia.<\/p>\n<p>De lo que tampoco disponemos im\u00e1genes es del vestido de novia, pero s\u00ed conocemos que fue un vestidos espectacular confeccionado y dise\u00f1ado especialmente para ella en el taller de<strong> Pronovias<\/strong> de Barcelona.<\/p>\n<p>Adem\u00e1s, sabiendo el estilo de la novia, podemos imaginarnos como han sido las<strong> alianzas de boda<\/strong>, elemento imprescindible en todas las bodas.<img loading=\"lazy\" decoding=\"async\" class=\"aligncenter size-full wp-image-1098\" src=\"https:\/\/navasjoyeros.com\/es\/blog\/wp-content\/blogs.dir\/2\/files\/2014\/10\/1412413371_11.jpg\" alt=\"alianzas de boda\" width=\"640\" height=\"640\" \/><\/p>\n<p>Los novios tienen un estilo m\u00e1s bien cl\u00e1sico, y para nada recargado, por lo que nos los imaginamos con una <strong>alianza de boda cl\u00e1sicas<\/strong>, de <strong>oro amarillo<\/strong>, el metal m\u00e1s utilizado en este tipo de alianzas, como las <strong>alianzas de media ca\u00f1a<\/strong>, pertenecientes a la<a href=\"https:\/\/navasjoyerosboda.com\/alianza4mm-media-cana-alianza-boda-amarillo.html\"> colecci\u00f3n exclusiva de Navas Joyeros Boda<\/a>.<\/p>\n<p>Otro dato que tambi\u00e9n conocemos gracias a la novia es como ha sido la <strong>pedida de mano<\/strong>, el pasado mes de marzo cuando el novio sorprendi\u00f3 a Olivia con un viaje de ensue\u00f1o a la India, y a los pies del impresionante Taj Mahal se arrodill\u00f3 ante ella para entregarle el <strong>anillo de compromiso<\/strong>.<img loading=\"lazy\" decoding=\"async\" class=\"aligncenter size-full wp-image-1097\" src=\"https:\/\/navasjoyeros.com\/es\/blog\/wp-content\/blogs.dir\/2\/files\/2014\/10\/anillo-de-compromiso-de-diamantes.jpg\" alt=\"anillo de compromiso de diamantes\" width=\"800\" height=\"400\" \/><\/p>\n<p>Esta<strong> pedida de mano<\/strong> de cuento de hadas se merece y sabemos que no ha sido menos, un <strong>anillo de compromiso<\/strong> a la altura, un anillo de ensue\u00f1o, y nos imaginamos a la novia recibiendo un <strong>solitario de diamantes<\/strong>, como el <em><strong>Modelo Marta<\/strong><\/em>, perteneciente a la <a href=\"https:\/\/navasjoyerosboda.com\/colecciones\/anillos-de-compromiso\/solitarios-de-compromiso.html\">colecci\u00f3n exclusiva de la fina Navas Joyeros Boda<\/a>, realizado en oro blanco de Primera Ley y diamantes. Un<strong> anillo de compromiso<\/strong> \u00fanico para la perfecta<strong> pedida de mano<\/strong>.<\/p>\n","protected":false},"excerpt":{"rendered":"<p>Este fin de semana se ha celebrado una de esas bodas que tanto gustan al equipo de Navas Joyeros Boda, una de esas bodas por todo lo alto en las que los novios derrochan no s\u00f3lo amor, tambi\u00e9n estilo, y una lista de invitados plagada de personalidades. Esta boda fue la de Olivia de Borb\u00f3n [&hellip;]<\/p>\n","protected":false},"author":5,"featured_media":19294,"comment_status":"closed","ping_status":"closed","sticky":false,"template":"","format":"standard","meta":{"footnotes":""},"categories":[21],"tags":[],"class_list":["post-18577","post","type-post","status-publish","format-standard","has-post-thumbnail","hentry","category-noticias-de-joyeria"],"_links":{"self":[{"href":"https:\/\/navasjoyeros.com\/es\/blog\/wp-json\/wp\/v2\/posts\/18577","targetHints":{"allow":["GET"]}}],"collection":[{"href":"https:\/\/navasjoyeros.com\/es\/blog\/wp-json\/wp\/v2\/posts"}],"about":[{"href":"https:\/\/navasjoyeros.com\/es\/blog\/wp-json\/wp\/v2\/types\/post"}],"author":[{"embeddable":true,"href":"https:\/\/navasjoyeros.com\/es\/blog\/wp-json\/wp\/v2\/users\/5"}],"replies":[{"embeddable":true,"href":"https:\/\/navasjoyeros.com\/es\/blog\/wp-json\/wp\/v2\/comments?post=18577"}],"version-history":[{"count":1,"href":"https:\/\/navasjoyeros.com\/es\/blog\/wp-json\/wp\/v2\/posts\/18577\/revisions"}],"predecessor-version":[{"id":21233,"href":"https:\/\/navasjoyeros.com\/es\/blog\/wp-json\/wp\/v2\/posts\/18577\/revisions\/21233"}],"wp:featuredmedia":[{"embeddable":true,"href":"https:\/\/navasjoyeros.com\/es\/blog\/wp-json\/wp\/v2\/media\/19294"}],"wp:attachment":[{"href":"https:\/\/navasjoyeros.com\/es\/blog\/wp-json\/wp\/v2\/media?parent=18577"}],"wp:term":[{"taxonomy":"category","embeddable":true,"href":"https:\/\/navasjoyeros.com\/es\/blog\/wp-json\/wp\/v2\/categories?post=18577"},{"taxonomy":"post_tag","embeddable":true,"href":"https:\/\/navasjoyeros.com\/es\/blog\/wp-json\/wp\/v2\/tags?post=18577"}],"curies":[{"name":"wp","href":"https:\/\/api.w.org\/{rel}","templated":true}]}}