{"id":18571,"date":"2014-09-26T17:39:39","date_gmt":"2014-09-26T16:39:39","guid":{"rendered":"https:\/\/navasjoyeros.com\/es\/blog\/?p=1048"},"modified":"2024-10-24T11:29:22","modified_gmt":"2024-10-24T09:29:22","slug":"tendencias-para-invitadas","status":"publish","type":"post","link":"https:\/\/navasjoyeros.com\/es\/blog\/tendencias-para-invitadas\/","title":{"rendered":"Tendencias para invitadas"},"content":{"rendered":"<p>Inmersos en el mes de las <strong>Fashion Week<\/strong> y viviendo la \u00faltima, la que se est\u00e1 celebrando en Par\u00eds, en <strong>Navas Joyeros Boda<\/strong>, ya que las seguimos con detenimiento y tuvimos la suerte de vivir la madrile\u00f1a, vamos a hacer un breve resumen de esta \u00faltima, la <strong>Mercedes Benz Fashion Week Madrid<\/strong>, en cuanto a tendencias para la Primavera \u2013 Verano 2015 perfectas para las invitadas perfectas que asistir\u00e1n a las bodas del pr\u00f3ximo a\u00f1o.<\/p>\n<p>Comenzamos con el precioso y sorprendente desfile de <strong>Duyos<\/strong>, dise\u00f1ador colaborador de<strong> Navas Joyeros Boda<\/strong> en el dise\u00f1o exclusivo de <strong>joyas de diamantes<\/strong> como exquisitos <strong>anillos de compromiso<\/strong> o <strong>alianzas de diamantes<\/strong> que encontrar\u00e9is en la <a href=\"https:\/\/navasjoyerosboda.com\/colecciones\/dise-adores\/duyos.html\">selecci\u00f3n exclusiva de la tienda online <\/a>de la firma joyera.<\/p>\n<p>En este desfile, en el que el equipo de Navas tuvo el honor de asistir, el dise\u00f1ador quiso hacer algo diferente, y gracias al Ballet Nacional de Danza y a sus bailarinas que hicieron danzar sobre la pasarela las exquisitas creaciones. Vestidos de seda con mucho movimiento y un bonito colorido que nos parecen ideales para asistir a una boda y brillar como la invitada perfecta.<img loading=\"lazy\" decoding=\"async\" class=\"aligncenter size-full wp-image-1049\" src=\"https:\/\/navasjoyeros.com\/es\/blog\/wp-content\/blogs.dir\/2\/files\/2014\/09\/DesfileDuyos.jpg\" alt=\"Desfile Duyos\" width=\"578\" height=\"867\" \/><\/p>\n<p>Otro de los desfiles que nos gust\u00f3 fue el de <strong>Juanjo Oliva<\/strong>, que combin\u00f3 estampados geom\u00e9tricos con bloques de colores lisos en vestidos largos imponentes.<\/p>\n<p>El dise\u00f1ador demostr\u00f3 que toda su creatividad busca vestir a una mujer muy femenina y segura de s\u00ed misma.<img loading=\"lazy\" decoding=\"async\" class=\"aligncenter size-full wp-image-1050\" src=\"https:\/\/navasjoyeros.com\/es\/blog\/wp-content\/blogs.dir\/2\/files\/2014\/09\/Desfile-Juanjo-Oliva.jpg\" alt=\"Desfile Juanjo Oliva\" width=\"578\" height=\"596\" \/><\/p>\n<p>Por \u00faltimo, nos quedamos con uno de los dise\u00f1adores que tienen m\u00e1s trayectoria sobre una pasarela como la madrile\u00f1a, y es <strong>Roberto Torretta<\/strong>, colaborador con la marca<strong> Navas Joyeros Boda<\/strong> en el dise\u00f1o de una amplia y <a href=\"https:\/\/navasjoyerosboda.com\/colecciones\/dise-adores\/roberto-torretta.html\">exclusiva colecci\u00f3n<\/a> de<strong> joyas de diamantes<\/strong>, fabricadas por la marca joyera con los mejores materiales y diamantes seleccionados minuciosamente, entre las que se encuentran <strong>anillos de compromiso<\/strong> o <strong>pendientes de boda<\/strong> entre muchos otros.<\/p>\n<p>La <strong>colecci\u00f3n Primavera \u2013 Verano 2015 de Roberto Torretta<\/strong> fue exquisita, como pudo comprobar en primera persona el equipo de<strong> Navas Joyeros<\/strong>, en la que se pudieron observar propuestas en estampados lisos en el que se dejaba todo el protagonismo a los tejidos y a los colores en solitario como los azules en sus m\u00faltiples variantes. El dise\u00f1ador apost\u00f3 fuerte por las l\u00edneas fluidas y vestidos que envuelven con delicadeza el cuerpo de la mujer.<img loading=\"lazy\" decoding=\"async\" class=\"aligncenter size-full wp-image-1051\" src=\"https:\/\/navasjoyeros.com\/es\/blog\/wp-content\/blogs.dir\/2\/files\/2014\/09\/Roberto-Torretta.jpg\" alt=\"Roberto-Torretta\" width=\"578\" height=\"865\" \/><\/p>\n<p>Esperamos que estas propuestas os sirvan de inspiraci\u00f3n cuando en las bodas de la pr\u00f3xima temporada, busqu\u00e9is lucir el perfecto look de invitada.<\/p>\n","protected":false},"excerpt":{"rendered":"<p>Inmersos en el mes de las Fashion Week y viviendo la \u00faltima, la que se est\u00e1 celebrando en Par\u00eds, en Navas Joyeros Boda, ya que las seguimos con detenimiento y tuvimos la suerte de vivir la madrile\u00f1a, vamos a hacer un breve resumen de esta \u00faltima, la Mercedes Benz Fashion Week Madrid, en cuanto a [&hellip;]<\/p>\n","protected":false},"author":5,"featured_media":19271,"comment_status":"closed","ping_status":"closed","sticky":false,"template":"","format":"standard","meta":{"footnotes":""},"categories":[21],"tags":[],"class_list":["post-18571","post","type-post","status-publish","format-standard","has-post-thumbnail","hentry","category-noticias-de-joyeria"],"_links":{"self":[{"href":"https:\/\/navasjoyeros.com\/es\/blog\/wp-json\/wp\/v2\/posts\/18571","targetHints":{"allow":["GET"]}}],"collection":[{"href":"https:\/\/navasjoyeros.com\/es\/blog\/wp-json\/wp\/v2\/posts"}],"about":[{"href":"https:\/\/navasjoyeros.com\/es\/blog\/wp-json\/wp\/v2\/types\/post"}],"author":[{"embeddable":true,"href":"https:\/\/navasjoyeros.com\/es\/blog\/wp-json\/wp\/v2\/users\/5"}],"replies":[{"embeddable":true,"href":"https:\/\/navasjoyeros.com\/es\/blog\/wp-json\/wp\/v2\/comments?post=18571"}],"version-history":[{"count":1,"href":"https:\/\/navasjoyeros.com\/es\/blog\/wp-json\/wp\/v2\/posts\/18571\/revisions"}],"predecessor-version":[{"id":21226,"href":"https:\/\/navasjoyeros.com\/es\/blog\/wp-json\/wp\/v2\/posts\/18571\/revisions\/21226"}],"wp:featuredmedia":[{"embeddable":true,"href":"https:\/\/navasjoyeros.com\/es\/blog\/wp-json\/wp\/v2\/media\/19271"}],"wp:attachment":[{"href":"https:\/\/navasjoyeros.com\/es\/blog\/wp-json\/wp\/v2\/media?parent=18571"}],"wp:term":[{"taxonomy":"category","embeddable":true,"href":"https:\/\/navasjoyeros.com\/es\/blog\/wp-json\/wp\/v2\/categories?post=18571"},{"taxonomy":"post_tag","embeddable":true,"href":"https:\/\/navasjoyeros.com\/es\/blog\/wp-json\/wp\/v2\/tags?post=18571"}],"curies":[{"name":"wp","href":"https:\/\/api.w.org\/{rel}","templated":true}]}}