{"id":1851,"date":"2015-03-02T16:13:38","date_gmt":"2015-03-02T15:13:38","guid":{"rendered":"https:\/\/navasjoyeros.com\/es\/blog\/?p=1851"},"modified":"2015-03-02T16:13:38","modified_gmt":"2015-03-02T15:13:38","slug":"joyas-para-el-dia-del-padre","status":"publish","type":"post","link":"https:\/\/navasjoyeros.com\/es\/blog\/joyas-para-el-dia-del-padre\/","title":{"rendered":"Joyas para el D\u00eda del Padre"},"content":{"rendered":"<p>El <strong>D\u00eda del Padre<\/strong> se celebra en muchos pa\u00edses y es celebrado en todo el mundo, eso s\u00ed, en fechas muy distintas.<\/p>\n<p>En Espa\u00f1a, como en casi la mayor\u00eda de los pa\u00edses, el D\u00eda del Padre es el 19 de marzo, en raz\u00f3n de la festividad de San Jos\u00e9, padre de Jes\u00fas.<br \/>\nEn Estados Unidos, as\u00ed como en muchos pa\u00edses del continente americano, la <strong>celebraci\u00f3n del D\u00eda del Padre<\/strong>, se realiza en el tercer domingo de junio.<\/p>\n<p>La idea de celebrar el D\u00eda del Padre surgi\u00f3 en el a\u00f1o 1909, y no tiene un origen comercial como muchos piensan.<br \/>\nEl origen viene de Estados Unidos, cuando Sonora Smart Dodd, quiso hacer un homenaje a su padre, Henry Jackson Smart, un veterano de la guerra civil que se qued\u00f3 viudo cuando su esposa y madre de Sonora muri\u00f3 en el parto de su sexto hijo.<\/p>\n<p>Henry Jackson antes esta situaci\u00f3n no se amedrent\u00f3 ni mucho menos, y en su granja del estado de Washington se hizo cargo de la educaci\u00f3n de sus seis hijos, todos ellos de corta edad.<br \/>\nSonora siempre vio en su padre un ejemplo a seguir de lo que es un padre ejemplar, por lo que propuso la fecha de nacimiento de su padre, el 19 de junio, como d\u00eda para celebrar el D\u00eda del Padre.<\/p>\n<p>Esta idea de celebrar un D\u00eda del Padre fue muy bien acogida con entusiasmo por muchas personas en diversos condados y ciudades del pa\u00eds, pero no fue hasta 1924 cuando el presidente de la \u00e9poca, Calvin Coolidge, apoy\u00f3 la idea y as\u00ed estableci\u00f3 un d\u00eda nacional del padre.<\/p>\n<p>En 1966 finalmente el presidente Lyndon Johnson firm\u00f3, esta vez ya de forma oficial para todo el pa\u00eds, una proclamaci\u00f3n que declaraba el tercer domingo de junio como d\u00eda del Padre en Estados Unidos.<\/p>\n<p>Esta fecha nos encanta ya que es el d\u00eda que celebramos de forma mundial el amor y el agradecimiento que todos sentimos por nuestros padres por realizar todos y cada uno de los d\u00edas de nuestra vida una labor tan bonita y \u201cdura\u201d.<\/p>\n<p>Y como ellos se lo merecen todo, en <strong>Navas Joyeros<\/strong> hemos realizado una selecci\u00f3n exclusiva muy especial, entre las que encontrar\u00e9is <strong>joyas de hombre<\/strong> perfectas como regalo muy especial.<br \/>\nAdem\u00e1s, para que todos los padres puedan tener su <strong>joya de diamantes<\/strong> perfecta, su regalo ideal, te ofrecemos un <strong>20% de descuento<\/strong> en toda la <strong>colecci\u00f3n de joyer\u00eda de hombre<\/strong> de la web de la firma, excepto en Dupont.<\/p>\n<p>\u00bfQu\u00e9 os parecen los <strong>gemelos Richard Gere<\/strong> para que vuestro padre luzca elegante todos los d\u00edas?<a href=\"https:\/\/navasjoyeros.com\/richard-gere-gemelos.html\"><img loading=\"lazy\" decoding=\"async\" class=\"aligncenter\" src=\"https:\/\/navasjoyeros.com\/media\/catalog\/product\/cache\/1\/image\/535x\/040ec09b1e35df139433887a97daa66f\/r\/i\/richard-gere-principal.jpg\" alt=\"\" width=\"535\" height=\"593\" \/><\/a><\/p>\n<p>Los <strong>gemelos Richard Gere<\/strong> son un perfecto modelo de <strong>gemelos de oro de Primera Ley<\/strong>, realizados con <strong>gemas preciosas naturales<\/strong> y la m\u00e1s alta calidad en<strong> joyer\u00eda<\/strong>.<br \/>\nEsta<strong> joya masculina<\/strong> es ideal para ser lucida por novios en el d\u00eda de su boda, as\u00ed como para el d\u00eda a d\u00eda de hombres amantes de la elegancia y exclusividad.<\/p>\n<p>Los<strong> gemelos Richard Gere<\/strong> est\u00e1n basados en un dise\u00f1o de <strong>gemelos tradicionales<\/strong> de lapisl\u00e1zuli, muy utilizados en la cl\u00e1sica <strong>joyer\u00eda masculina<\/strong>, con un modelaje totalmente actualizado, ya que se realiza con las m\u00e1s vanguardistas tecnolog\u00edas aplicadas a la fabricaci\u00f3n de <strong>joyas<\/strong>.<br \/>\nEs una pieza perfecta para usarse a diario, por lo que ser\u00e1 el perfecto regalo en el D\u00eda del Padre.<\/p>\n<p>Los<strong> gemelos de oro Richard Gere<\/strong> est\u00e1n realizados en oro blanco de 18 quilates y compuestos por peque\u00f1os <strong>diamantes<\/strong> talla brillante de alta calidad, y un lapisl\u00e1zuli natural de intenso color azul.<br \/>\nEstos gemelos est\u00e1n asegurados mediante un cierre denominado torpedo. Este sistema es el m\u00e1s efectivo y seguro para este tipo de piezas de joyer\u00eda y hace que sean unos gemelos c\u00f3modos de poner sin estropear el ojal de la camisa.<\/p>\n<p>Los<strong> gemelos con diamantes Richard Gere<\/strong>\u00a0son una<strong> joya masculina<\/strong> y vers\u00e1til, que combina perfectamente con todo tipo de trajes.<br \/>\nAdem\u00e1s, se trata de una joya de gran calidad a un precio sin competencia, realizada con gemas seleccionadas y metales preciosos, lo que hace que sean unos gemelos elegantes y exclusivos, destinados a lucirse a lo largo de toda la vida.<\/p>\n<p>As\u00ed que ya lo sabes, demuestra a tu padre cuanto lo quieres con un regalo para toda la vida que no podr\u00e1 olvidar, con un buen par de gemelos, un <strong>solitario de diamantes<\/strong> exclusivo o una <strong>alianza<\/strong> perfecta para llevar en su d\u00eda a d\u00eda.<\/p>\n<p>No te pierdas la <a href=\"https:\/\/navasjoyeros.com\/dia-del-padre.html\">colecci\u00f3n de joyer\u00eda que hemos seleccionado para todos los padres<\/a>, sea cual sea su estilo, y regala una joya de hombre realizada con los mejores materiales, las mejores calidades, y el mejor precio del mercado.<\/p>\n","protected":false},"excerpt":{"rendered":"<p>El D\u00eda del Padre se celebra en muchos pa\u00edses y es celebrado en todo el mundo, eso s\u00ed, en fechas muy distintas. En Espa\u00f1a, como en casi la mayor\u00eda de los pa\u00edses, el D\u00eda del Padre es el 19 de marzo, en raz\u00f3n de la festividad de San Jos\u00e9, padre de Jes\u00fas. En Estados Unidos, [&hellip;]<\/p>\n","protected":false},"author":5,"featured_media":1852,"comment_status":"closed","ping_status":"closed","sticky":false,"template":"","format":"standard","meta":{"footnotes":""},"categories":[21],"tags":[],"class_list":["post-1851","post","type-post","status-publish","format-standard","has-post-thumbnail","hentry","category-noticias-de-joyeria"],"_links":{"self":[{"href":"https:\/\/navasjoyeros.com\/es\/blog\/wp-json\/wp\/v2\/posts\/1851","targetHints":{"allow":["GET"]}}],"collection":[{"href":"https:\/\/navasjoyeros.com\/es\/blog\/wp-json\/wp\/v2\/posts"}],"about":[{"href":"https:\/\/navasjoyeros.com\/es\/blog\/wp-json\/wp\/v2\/types\/post"}],"author":[{"embeddable":true,"href":"https:\/\/navasjoyeros.com\/es\/blog\/wp-json\/wp\/v2\/users\/5"}],"replies":[{"embeddable":true,"href":"https:\/\/navasjoyeros.com\/es\/blog\/wp-json\/wp\/v2\/comments?post=1851"}],"version-history":[{"count":0,"href":"https:\/\/navasjoyeros.com\/es\/blog\/wp-json\/wp\/v2\/posts\/1851\/revisions"}],"wp:featuredmedia":[{"embeddable":true,"href":"https:\/\/navasjoyeros.com\/es\/blog\/wp-json\/wp\/v2\/media\/1852"}],"wp:attachment":[{"href":"https:\/\/navasjoyeros.com\/es\/blog\/wp-json\/wp\/v2\/media?parent=1851"}],"wp:term":[{"taxonomy":"category","embeddable":true,"href":"https:\/\/navasjoyeros.com\/es\/blog\/wp-json\/wp\/v2\/categories?post=1851"},{"taxonomy":"post_tag","embeddable":true,"href":"https:\/\/navasjoyeros.com\/es\/blog\/wp-json\/wp\/v2\/tags?post=1851"}],"curies":[{"name":"wp","href":"https:\/\/api.w.org\/{rel}","templated":true}]}}