{"id":14245,"date":"2021-06-29T11:19:10","date_gmt":"2021-06-29T09:19:10","guid":{"rendered":"https:\/\/navasjoyeros.com\/es\/blog\/?p=14245"},"modified":"2021-06-29T11:19:10","modified_gmt":"2021-06-29T09:19:10","slug":"no-cerramos-en-verano","status":"publish","type":"post","link":"https:\/\/navasjoyeros.com\/es\/blog\/no-cerramos-en-verano\/","title":{"rendered":"\u00a1No cerramos en verano!"},"content":{"rendered":"<p>Este verano, como desde hace m\u00e1s de dos d\u00e9cadas, tambi\u00e9n estaremos a tu disposici\u00f3n permaneciendo <strong>abiertos en verano<\/strong><\/p>\n<p>para que puedas adquirir las joyas que tanto deseas.<\/p>\n<p>Como ya sab\u00e9is por otros a\u00f1os, no cerramos en verano,<\/p>\n<p>todos nuestros servicios y dise\u00f1os estar\u00e1n disponibles para ti con algunas matizaciones derivadas de la \u00e9poca estiva.<\/p>\n<h4>\u00bfQue cosas debes tener en cuenta al momento de comprar este verano?<\/h4>\n<p>Te vamos a contar cu\u00e1les son las limitaciones en verano para nuestros servicios,<\/p>\n<p>para que lo tengas en cuenta al momento de realizar tus pedidos:<\/p>\n<p>Durante gran parte del mes de agosto, principalmente la segunda y tercera semana,<\/p>\n<p>nuestra f\u00e1brica de Italia permanecer\u00e1 cerrada, y nuestro taller de Madrid estar\u00e1 bajo m\u00ednimos, por lo que:<\/p>\n<ol>\n<li>\u00a0Los pedidos que se realicen durante este periodo <strong>no se someter\u00e1n a los plazos de entrega habituales<\/strong>, pudiendo sufrir algunos retrasos.<\/li>\n<li>\u00a0Los pedidos,\u00a0<strong>salvo que los tengamos disponibles en stock<\/strong>, se entregar\u00e1n a finales de agosto y principios de septiembre.<\/li>\n<li>\u00a0Durante el mes de agosto, nuestro servicio<strong> dise\u00f1a tu joya<\/strong> estar\u00e1 disponible para organizar y preparar la joya personalizada a realizar, pero esta no se pondr\u00e1 en fabricaci\u00f3n hasta primeros de septiembre.<\/li>\n<li>\u00a0En agosto, tambi\u00e9n los <strong>plazos para grabaci\u00f3n<\/strong> pueden verse retrasados, incluso demorarnos a finales de agosto o principios de septiembre.<\/li>\n<li>\u00a0Durante agosto los plazos para <strong>puesta a medida o arreglos<\/strong>, pueden verse retrasados, incluso demorarnos a finales de agosto o principios de septiembre. En cualquiera de estos supuestos, una vez recibido el pedido procederemos a informar al cliente sobre cu\u00e1ndo recibir\u00e1 su pedido y si podremos llevar a cabo la grabaci\u00f3n de la joya.<\/li>\n<li>Todas <strong>las joyas que se soliciten en oro amarillo o rosa y platino<\/strong>, que se lleven a cabo en agosto, se entregar\u00e1n a principios de septiembre.<\/li>\n<\/ol>\n<h4>Nuestro horario de atenci\u00f3n al cliente:<\/h4>\n<p>Nuestro horario de atenci\u00f3n al cliente estar\u00e1 limitado a una franja horaria concreta durante el mes de agosto, que ser\u00e1 de <strong>15:00 a 19:00 hrs<\/strong>.<\/p>\n<p>As\u00ed como las visitas a<strong> nuestro showroom de Madrid<\/strong>, abierto durante el verano.<\/p>\n<p>Puedes contactarnos a lo largo del d\u00eda a trav\u00e9s de email <em>clientes@navasjoyeros.com<\/em> durante el verano,<\/p>\n<p>y podr\u00e1s disfrutar de un descuento adicional en los precios habituales de nuestras joyas,<\/p>\n<p>disfrutando de nuestras rebajas estivales en una amplia selecci\u00f3n de nuestros dise\u00f1os.<\/p>\n<p>Anticipa tus compras y realiza tus pedidos de joyer\u00eda con el mejor precio para recibirlo a partir de septiembre.<\/p>\n<p>\u00a1Disfruta del verano con nosotros y sigue nuestras RRSS, promociones y sorteos!<\/p>\n<p>&nbsp;<\/p>\n<p>&nbsp;<\/p>\n<p>&nbsp;<\/p>\n","protected":false},"excerpt":{"rendered":"<p>Este verano, como desde hace m\u00e1s de dos d\u00e9cadas, tambi\u00e9n estaremos a tu disposici\u00f3n permaneciendo abiertos en verano para que puedas adquirir las joyas que tanto deseas. Como ya sab\u00e9is por otros a\u00f1os, no cerramos en verano, todos nuestros servicios y dise\u00f1os estar\u00e1n disponibles para ti con algunas matizaciones derivadas de la \u00e9poca estiva. \u00bfQue [&hellip;]<\/p>\n","protected":false},"author":5,"featured_media":14247,"comment_status":"closed","ping_status":"closed","sticky":false,"template":"","format":"standard","meta":{"footnotes":""},"categories":[21],"tags":[],"class_list":["post-14245","post","type-post","status-publish","format-standard","has-post-thumbnail","hentry","category-noticias-de-joyeria"],"_links":{"self":[{"href":"https:\/\/navasjoyeros.com\/es\/blog\/wp-json\/wp\/v2\/posts\/14245","targetHints":{"allow":["GET"]}}],"collection":[{"href":"https:\/\/navasjoyeros.com\/es\/blog\/wp-json\/wp\/v2\/posts"}],"about":[{"href":"https:\/\/navasjoyeros.com\/es\/blog\/wp-json\/wp\/v2\/types\/post"}],"author":[{"embeddable":true,"href":"https:\/\/navasjoyeros.com\/es\/blog\/wp-json\/wp\/v2\/users\/5"}],"replies":[{"embeddable":true,"href":"https:\/\/navasjoyeros.com\/es\/blog\/wp-json\/wp\/v2\/comments?post=14245"}],"version-history":[{"count":0,"href":"https:\/\/navasjoyeros.com\/es\/blog\/wp-json\/wp\/v2\/posts\/14245\/revisions"}],"wp:featuredmedia":[{"embeddable":true,"href":"https:\/\/navasjoyeros.com\/es\/blog\/wp-json\/wp\/v2\/media\/14247"}],"wp:attachment":[{"href":"https:\/\/navasjoyeros.com\/es\/blog\/wp-json\/wp\/v2\/media?parent=14245"}],"wp:term":[{"taxonomy":"category","embeddable":true,"href":"https:\/\/navasjoyeros.com\/es\/blog\/wp-json\/wp\/v2\/categories?post=14245"},{"taxonomy":"post_tag","embeddable":true,"href":"https:\/\/navasjoyeros.com\/es\/blog\/wp-json\/wp\/v2\/tags?post=14245"}],"curies":[{"name":"wp","href":"https:\/\/api.w.org\/{rel}","templated":true}]}}