{"id":12685,"date":"2019-07-30T08:30:17","date_gmt":"2019-07-30T06:30:17","guid":{"rendered":"https:\/\/navasjoyeros.com\/es\/blog\/?p=12685"},"modified":"2019-08-30T16:03:06","modified_gmt":"2019-08-30T14:03:06","slug":"dia-del-amigo-en-navas-joyeros","status":"publish","type":"post","link":"https:\/\/navasjoyeros.com\/es\/blog\/dia-del-amigo-en-navas-joyeros\/","title":{"rendered":"\u00a1Celebramos el d\u00eda de la amistad en navas joyeros!"},"content":{"rendered":"<div align=\"\u201djustify\u201d\">\n<p>Hoy\u00a0celebramos el d\u00eda Internacional de la amistad. \u00bf Y Sabes de donde proviene esto?, Se origino en el a\u00f1o 2011 por la asamblea general de las naciones unidas, con la idea de promover la paz entre los pa\u00edses, pueblos y culturas, para as\u00ed evitar conflictos y fomentar la lucha contra la violencia.<\/p>\n<p>Quien tiene un amigo tiene un tesoro, eso dice el refranero, as\u00ed que en el d\u00eda de la amistad que mejor que regalar una <strong>joya <\/strong>a esa amiga que tanto nos importa. Hay que recordar que las<strong> joyas<\/strong> est\u00e1n llenas de sentimiento y simbolizan nuestros sentimientos m\u00e1s importantes, como el amor, la admiraci\u00f3n y por supuesto la amistad.<\/p>\n<p>Te ofrecemos muchas posibilidades de dise\u00f1os de joyer\u00eda para que puedas tener ese detalle con tu mejor amiga, pero adem\u00e1s todas nuestras joyas te ofrecen un precio sin competencia y donde podr\u00e1s optar desde lo m\u00e1s econ\u00f3mico cerca de los 30\u20ac hasta los 30000\u20ac. El regalo de una de nuestras <strong>joyas<\/strong> es muy especial, ya que es un detalle para toda la vida como sucede con la amistad.<\/p>\n<p>Desde los m\u00e1s comunes como son los anillos y pendientes a piezas m\u00e1s especiales como pulseras, collares o colgantes, nuestras<strong> joyas<\/strong> est\u00e1n aseguradas con un certificado gemol\u00f3gicos de garant\u00eda donde se detalla el material precioso de fabricaci\u00f3n, las cualidades de los <strong>diamantes<\/strong> y piedras preciosas que forman parte de la pieza.<\/p>\n<p>Te lo enviamos de forma gratuita donde quieras dentro del pen\u00ednsula incluidos nuestros archipi\u00e9lagos, adaptando en el caso de que seas residente canario tu compra al IGIC o impuesto canario, pero adem\u00e1s en tu <strong>joya<\/strong> para regalar a tu mejor amiga contar\u00e1s adem\u00e1s de con el mejor precio, ni m\u00e1s ni menos que con las m\u00e1s exclusivas garant\u00edas de calidad y ventajas postventa, como el cambio de talla gratuito en las piezas d oro o la primera puesta a punto sin coste para cuando t\u00fa <strong>joya<\/strong> se encuentre deteriorada por el uso.<\/p>\n<p>En definitiva, una gran experiencia segura y f\u00e1cil para tener ese detalle tan especial con tu mejor amiga.<\/p>\n<p>Te damos algunas opciones perfectas para este dia tan especial:<\/p>\n<\/div>\n<h4>MIA 8, pendiente de dise\u00f1o. Unidad<\/h4>\n<p>El <strong><a href=\"https:\/\/navasjoyeros.com\/mia8-pendiente-de-diseno-unidad.html\" target=\"_blank\" rel=\"noopener\">modelo MIA 8<\/a>, <\/strong>es pendiente de dise\u00f1o moderno, arriesgado, pensado para llevar de forma \u00fanica o combinarlo con otro modelo de la colecci\u00f3n de joyer\u00eda MIA by <strong>Navas Joyeros.<\/strong><\/p>\n<p style=\"text-align: center\"><a href=\"https:\/\/navasjoyeros.com\/mia8-pendiente-de-diseno-unidad.html\" target=\"_blank\" rel=\"noopener\"><img loading=\"lazy\" decoding=\"async\" class=\"gallery-image visible aligncenter\" src=\"https:\/\/navasjoyeros.com\/media\/catalog\/product\/cache\/1\/image\/535x\/040ec09b1e35df139433887a97daa66f\/m\/i\/mia_8_plateado_fondo_blanco_1.jpg\" alt=\"MIA 8, pendiente de dise\u00f1o en oro blanco \/ plata \" width=\"300\" height=\"333\" \/><\/a><\/p>\n<p style=\"text-align: center\"><strong><a href=\"https:\/\/navasjoyeros.com\/mia8-pendiente-de-diseno-unidad.html\" target=\"_blank\" rel=\"noopener\">MIA 8, pendiente de dise\u00f1o. Unidad<\/a><\/strong><\/p>\n<p>&nbsp;<\/p>\n<h4>PENDIENTES PLATA ADONIA<\/h4>\n<p>El modelo<strong> ADONIA, <\/strong>son unas argollas de circonitas, realizados en <strong>Plata de Primera Ley. <\/strong>Su dise\u00f1o sencillo y elegante convierten estas piezas de joyer\u00eda en la opci\u00f3n perfecta para aquellas mujeres que consideran los pendientes complementos indispensables de su look diario.<\/p>\n<p>&nbsp;<\/p>\n<p><a href=\"https:\/\/navasjoyeros.com\/adonia-pendientes-plata.html\" target=\"_blank\" rel=\"noopener\"><img loading=\"lazy\" decoding=\"async\" class=\"gallery-image visible aligncenter\" src=\"https:\/\/navasjoyeros.com\/media\/catalog\/product\/cache\/1\/image\/535x\/040ec09b1e35df139433887a97daa66f\/p\/e\/pendientes-de-diamantes-adonia-navas-joyeros-creatividad_2.png\" alt=\"Pendientes de diamantes modelo ADONIA\" width=\"300\" height=\"333\" \/><\/a><\/p>\n<p style=\"text-align: center\"><a href=\"https:\/\/navasjoyeros.com\/adonia-pendientes-plata.html\" target=\"_blank\" rel=\"noopener\"><strong>PENDIENTES PLATA ADONIA<\/strong><\/a><\/p>\n<h4>MIA 10, pendientes de dise\u00f1o<\/h4>\n<p>El<strong> modelo MIA 10,\u00a0 <\/strong>son unos preciosos pendientes, con un original dise\u00f1o en trenzado que se desarrolla hacia arriba del l\u00f3bulo, con el estilo de la blogger canaria que da nombre al pendiente, Marta Ibrahim.<\/p>\n<p style=\"text-align: center\"><img loading=\"lazy\" decoding=\"async\" class=\"gallery-image visible aligncenter\" src=\"https:\/\/navasjoyeros.com\/media\/catalog\/product\/cache\/1\/image\/535x\/040ec09b1e35df139433887a97daa66f\/m\/i\/mia-10-plateado.jpg\" alt=\"MIA 10, Pendientes de dise\u00f1o Plata \" width=\"300\" height=\"333\" \/><a href=\"https:\/\/navasjoyeros.com\/mia10-pendientes-dise-o.html\" target=\"_blank\" rel=\"noopener\"><strong>MIA 10, pendientes de dise\u00f1o<\/strong><\/a><\/p>\n<p>&nbsp;<\/p>\n<h4>INICIALES PEQUE\u00d1AS, colgante de dise\u00f1o<\/h4>\n<p>El colgante <strong>INICIALES PEQUE\u00d1AS,<\/strong> es un colgante elaborado para que puedas escoger cualquier letra en un tama\u00f1o diminuto.<\/p>\n<p>&nbsp;<\/p>\n<h4 style=\"text-align: center\"><a href=\"https:\/\/navasjoyeros.com\/iniciales-peque-a-colgante.html\" target=\"_blank\" rel=\"noopener\"><img loading=\"lazy\" decoding=\"async\" class=\"gallery-image visible\" src=\"https:\/\/navasjoyeros.com\/media\/catalog\/product\/cache\/1\/image\/535x\/040ec09b1e35df139433887a97daa66f\/c\/o\/colgante-inicial-navas-joyeros-estuche.jpg\" alt=\"Inicial minimal, colgante de dise\u00f1o\" width=\"300\" height=\"333\" \/><\/a><\/h4>\n<p style=\"text-align: center\"><a href=\"https:\/\/navasjoyeros.com\/iniciales-peque-a-colgante.html\" target=\"_blank\" rel=\"noopener\"><strong>INICIALES PEQUE\u00d1AS, colgante de dise\u00f1o<\/strong><\/a><\/p>\n","protected":false},"excerpt":{"rendered":"<p>Hoy\u00a0celebramos el d\u00eda Internacional de la amistad. \u00bf Y Sabes de donde proviene esto?, Se origino en el a\u00f1o 2011 por la asamblea general de las naciones unidas, con la idea de promover la paz entre los pa\u00edses, pueblos y culturas, para as\u00ed evitar conflictos y fomentar la lucha contra la violencia. Quien tiene un [&hellip;]<\/p>\n","protected":false},"author":5,"featured_media":12688,"comment_status":"closed","ping_status":"closed","sticky":false,"template":"","format":"standard","meta":{"footnotes":""},"categories":[21],"tags":[],"class_list":["post-12685","post","type-post","status-publish","format-standard","has-post-thumbnail","hentry","category-noticias-de-joyeria"],"_links":{"self":[{"href":"https:\/\/navasjoyeros.com\/es\/blog\/wp-json\/wp\/v2\/posts\/12685","targetHints":{"allow":["GET"]}}],"collection":[{"href":"https:\/\/navasjoyeros.com\/es\/blog\/wp-json\/wp\/v2\/posts"}],"about":[{"href":"https:\/\/navasjoyeros.com\/es\/blog\/wp-json\/wp\/v2\/types\/post"}],"author":[{"embeddable":true,"href":"https:\/\/navasjoyeros.com\/es\/blog\/wp-json\/wp\/v2\/users\/5"}],"replies":[{"embeddable":true,"href":"https:\/\/navasjoyeros.com\/es\/blog\/wp-json\/wp\/v2\/comments?post=12685"}],"version-history":[{"count":0,"href":"https:\/\/navasjoyeros.com\/es\/blog\/wp-json\/wp\/v2\/posts\/12685\/revisions"}],"wp:featuredmedia":[{"embeddable":true,"href":"https:\/\/navasjoyeros.com\/es\/blog\/wp-json\/wp\/v2\/media\/12688"}],"wp:attachment":[{"href":"https:\/\/navasjoyeros.com\/es\/blog\/wp-json\/wp\/v2\/media?parent=12685"}],"wp:term":[{"taxonomy":"category","embeddable":true,"href":"https:\/\/navasjoyeros.com\/es\/blog\/wp-json\/wp\/v2\/categories?post=12685"},{"taxonomy":"post_tag","embeddable":true,"href":"https:\/\/navasjoyeros.com\/es\/blog\/wp-json\/wp\/v2\/tags?post=12685"}],"curies":[{"name":"wp","href":"https:\/\/api.w.org\/{rel}","templated":true}]}}