{"id":12436,"date":"2019-06-29T08:30:08","date_gmt":"2019-06-29T06:30:08","guid":{"rendered":"https:\/\/navasjoyeros.com\/es\/blog\/?p=12436"},"modified":"2019-06-28T18:59:48","modified_gmt":"2019-06-28T16:59:48","slug":"desayuno-con-diamantes-by-navas-joyeros-y-bodas-de-tatin","status":"publish","type":"post","link":"https:\/\/navasjoyeros.com\/es\/blog\/desayuno-con-diamantes-by-navas-joyeros-y-bodas-de-tatin\/","title":{"rendered":"\u00abDesayuno con diamantes\u00bb by Navas Joyeros y Bodas de Tatin"},"content":{"rendered":"<p>Como sab\u00e9is, nuestra firma experta en joyer\u00eda de alta calidad con m\u00e1s de dos d\u00e9cadas de experiencia y la prestigiosa Wedding Planer, Beatriz, perteneciente al equipo de las Bodas de Tat\u00edn, con la que llevamos mucho tiempo trabajando de la mano d\u00e1ndole forma a nuestra preciosa <a href=\"https:\/\/navasjoyeros.com\/novedades\/joyas-de-dise-o\/las-bodas-de-tatin.html\" target=\"_blank\" rel=\"noopener\"><strong>Colecci\u00f3n Bajamar<\/strong><\/a>.\u00a0Piezas, todas ellas, muy marcadas por la esencia de las Bodas de Tat\u00edn y con fuerte influencia de todo lo relacionado con el mar y sus colores.<\/p>\n<p>&nbsp;<\/p>\n<p>El pasado 17 de junio organizamos un evento magn\u00edfico con la ayuda de Beatriz, que celebramos en la terraza del Hyatt en Gran V\u00eda, en el jard\u00edn de Diana, al que denominamos, \u00ab<strong>Desayuno con Diamantes\u00bb.<\/strong><\/p>\n<p>&nbsp;<\/p>\n<p><img loading=\"lazy\" decoding=\"async\" class=\"aligncenter wp-image-12440\" src=\"https:\/\/navasjoyeros.com\/es\/blog\/wp-content\/uploads\/2019\/06\/Captura-1-1024x679.jpg\" alt=\"\" width=\"799\" height=\"530\" srcset=\"https:\/\/navasjoyeros.com\/es\/blog\/wp-content\/uploads\/2019\/06\/Captura-1-1024x679.jpg 1024w, https:\/\/navasjoyeros.com\/es\/blog\/wp-content\/uploads\/2019\/06\/Captura-1-300x199.jpg 300w, https:\/\/navasjoyeros.com\/es\/blog\/wp-content\/uploads\/2019\/06\/Captura-1-768x509.jpg 768w, https:\/\/navasjoyeros.com\/es\/blog\/wp-content\/uploads\/2019\/06\/Captura-1-1200x796.jpg 1200w, https:\/\/navasjoyeros.com\/es\/blog\/wp-content\/uploads\/2019\/06\/Captura-1-600x398.jpg 600w, https:\/\/navasjoyeros.com\/es\/blog\/wp-content\/uploads\/2019\/06\/Captura-1-400x265.jpg 400w, https:\/\/navasjoyeros.com\/es\/blog\/wp-content\/uploads\/2019\/06\/Captura-1.jpg 1351w\" sizes=\"auto, (max-width: 799px) 100vw, 799px\" \/><\/p>\n<p>&nbsp;<\/p>\n<p><img loading=\"lazy\" decoding=\"async\" class=\"aligncenter wp-image-12439\" src=\"https:\/\/navasjoyeros.com\/es\/blog\/wp-content\/uploads\/2019\/06\/gjgjhg-1024x681.jpg\" alt=\"\" width=\"791\" height=\"526\" srcset=\"https:\/\/navasjoyeros.com\/es\/blog\/wp-content\/uploads\/2019\/06\/gjgjhg-1024x681.jpg 1024w, https:\/\/navasjoyeros.com\/es\/blog\/wp-content\/uploads\/2019\/06\/gjgjhg-300x200.jpg 300w, https:\/\/navasjoyeros.com\/es\/blog\/wp-content\/uploads\/2019\/06\/gjgjhg-768x511.jpg 768w, https:\/\/navasjoyeros.com\/es\/blog\/wp-content\/uploads\/2019\/06\/gjgjhg-1200x798.jpg 1200w, https:\/\/navasjoyeros.com\/es\/blog\/wp-content\/uploads\/2019\/06\/gjgjhg-600x400.jpg 600w, https:\/\/navasjoyeros.com\/es\/blog\/wp-content\/uploads\/2019\/06\/gjgjhg-400x266.jpg 400w, https:\/\/navasjoyeros.com\/es\/blog\/wp-content\/uploads\/2019\/06\/gjgjhg.jpg 1350w\" sizes=\"auto, (max-width: 791px) 100vw, 791px\" \/><\/p>\n<p>&nbsp;<\/p>\n<p>Aprovechamos este d\u00eda para presentar la colecci\u00f3n que se lanz\u00f3 el a\u00f1o pasado con la nueva gama de colores. Y no es por chulear pero\u2026 \u00a1fue un \u00e9xito!<\/p>\n<p>&nbsp;<\/p>\n<p>Sin duda fue un d\u00eda muy emocionante y damos gracias a la participaci\u00f3n de: In\u00e9s Mart\u00edn- Alcade y Leticia Col\u00e1s, Wendy Jim\u00e9nez de Bodas de Cuento, Eva Iglesias de Bodas Color\u00edn, Laura Corsini de Bimani 13, Saray Pe\u00f1a de Sarainstyle, Raquel Canseco de Dorothy\u00b4s red shoes, Marta Cud\u00f3s de Buganvillaland, Elena Su\u00e1rez y Flora G\u00f3nzalez,<\/p>\n<p>&nbsp;<\/p>\n<p>Contamos con profesionales como @elenasuarezandco que nos inund\u00f3 el escenario de flores preciosas y con Maria Do\u00f1ate, de @mgdalmon que con sus magn\u00edficas acuarelas, nos ayud\u00f3 a que todo eso fuera posible.<\/p>\n<p>&nbsp;<\/p>\n<p>Nuestras invitadas recibieron nuestro conjunto Alejandra, compuesto por dos piezas, colgante y pendientes en diferentes tonos de piedra. Todas ellas eligieron el oro amarillo, y jugaron con la personalizaci\u00f3n de las piezas, metiendo colores verdes, rosas y azules. \u00a1Una verdadera maravilla! \u00a1Y ellas quedaron encantadas!<\/p>\n<p>&nbsp;<\/p>\n<p>Aprovechamos para informaros sobre el anillo bajamar, que como os hemos comentado, lo pode\u00eds personalizar con la piedra que m\u00e1s os guste, por ejemplo en <a href=\"https:\/\/navasjoyeros.com\/anillo-bajamar-aguamarina.html\" target=\"_blank\" rel=\"noopener\"><strong>topacio<\/strong><\/a> y en <a href=\"https:\/\/navasjoyeros.com\/anillo-bajamar-zafiro.html\" target=\"_blank\" rel=\"noopener\"><strong>zafiro<\/strong><\/a>. Adem\u00e1s, pode\u00eds elegir el tama\u00f1o de las piedras, el que aparece en nuestra web es un tama\u00f1o un pel\u00edn m\u00e1s peque\u00f1o, de 7&#215;5, aunque la belleza es la misma y el impacto igual.<\/p>\n<p>&nbsp;<\/p>\n<p><img loading=\"lazy\" decoding=\"async\" class=\"aligncenter wp-image-12442\" src=\"https:\/\/navasjoyeros.com\/es\/blog\/wp-content\/uploads\/2019\/06\/fgj-1024x674.jpg\" alt=\"\" width=\"785\" height=\"517\" srcset=\"https:\/\/navasjoyeros.com\/es\/blog\/wp-content\/uploads\/2019\/06\/fgj-1024x674.jpg 1024w, https:\/\/navasjoyeros.com\/es\/blog\/wp-content\/uploads\/2019\/06\/fgj-300x197.jpg 300w, https:\/\/navasjoyeros.com\/es\/blog\/wp-content\/uploads\/2019\/06\/fgj-768x505.jpg 768w, https:\/\/navasjoyeros.com\/es\/blog\/wp-content\/uploads\/2019\/06\/fgj-1200x789.jpg 1200w, https:\/\/navasjoyeros.com\/es\/blog\/wp-content\/uploads\/2019\/06\/fgj-600x395.jpg 600w, https:\/\/navasjoyeros.com\/es\/blog\/wp-content\/uploads\/2019\/06\/fgj-400x263.jpg 400w, https:\/\/navasjoyeros.com\/es\/blog\/wp-content\/uploads\/2019\/06\/fgj.jpg 1347w\" sizes=\"auto, (max-width: 785px) 100vw, 785px\" \/><\/p>\n<p>&nbsp;<\/p>\n<p>\u00a1No dudes en visitar nuestra pagina web y disfrutar de toda esta maravillosa coleccion!<\/p>\n<p>&nbsp;<\/p>\n","protected":false},"excerpt":{"rendered":"<p>Como sab\u00e9is, nuestra firma experta en joyer\u00eda de alta calidad con m\u00e1s de dos d\u00e9cadas de experiencia y la prestigiosa Wedding Planer, Beatriz, perteneciente al equipo de las Bodas de Tat\u00edn, con la que llevamos mucho tiempo trabajando de la mano d\u00e1ndole forma a nuestra preciosa Colecci\u00f3n Bajamar.\u00a0Piezas, todas ellas, muy marcadas por la esencia [&hellip;]<\/p>\n","protected":false},"author":5,"featured_media":12445,"comment_status":"closed","ping_status":"closed","sticky":false,"template":"","format":"standard","meta":{"footnotes":""},"categories":[21],"tags":[],"class_list":["post-12436","post","type-post","status-publish","format-standard","has-post-thumbnail","hentry","category-noticias-de-joyeria"],"_links":{"self":[{"href":"https:\/\/navasjoyeros.com\/es\/blog\/wp-json\/wp\/v2\/posts\/12436","targetHints":{"allow":["GET"]}}],"collection":[{"href":"https:\/\/navasjoyeros.com\/es\/blog\/wp-json\/wp\/v2\/posts"}],"about":[{"href":"https:\/\/navasjoyeros.com\/es\/blog\/wp-json\/wp\/v2\/types\/post"}],"author":[{"embeddable":true,"href":"https:\/\/navasjoyeros.com\/es\/blog\/wp-json\/wp\/v2\/users\/5"}],"replies":[{"embeddable":true,"href":"https:\/\/navasjoyeros.com\/es\/blog\/wp-json\/wp\/v2\/comments?post=12436"}],"version-history":[{"count":0,"href":"https:\/\/navasjoyeros.com\/es\/blog\/wp-json\/wp\/v2\/posts\/12436\/revisions"}],"wp:featuredmedia":[{"embeddable":true,"href":"https:\/\/navasjoyeros.com\/es\/blog\/wp-json\/wp\/v2\/media\/12445"}],"wp:attachment":[{"href":"https:\/\/navasjoyeros.com\/es\/blog\/wp-json\/wp\/v2\/media?parent=12436"}],"wp:term":[{"taxonomy":"category","embeddable":true,"href":"https:\/\/navasjoyeros.com\/es\/blog\/wp-json\/wp\/v2\/categories?post=12436"},{"taxonomy":"post_tag","embeddable":true,"href":"https:\/\/navasjoyeros.com\/es\/blog\/wp-json\/wp\/v2\/tags?post=12436"}],"curies":[{"name":"wp","href":"https:\/\/api.w.org\/{rel}","templated":true}]}}