{"id":11881,"date":"2019-02-28T08:30:51","date_gmt":"2019-02-28T07:30:51","guid":{"rendered":"https:\/\/navasjoyeros.com\/es\/blog\/?p=11881"},"modified":"2019-11-21T17:14:17","modified_gmt":"2019-11-21T16:14:17","slug":"adquirir-anillo-solidario","status":"publish","type":"post","link":"https:\/\/navasjoyeros.com\/es\/blog\/adquirir-anillo-solidario\/","title":{"rendered":"Hazte con nuestro anillo solidario, \u00a1queda un mes!"},"content":{"rendered":"<div align=\"justify\">\n<p>Queremos volver a hablaros de nuestro <strong>anillo solidario<\/strong>, pues nos gusta informaros de todas nuestras acciones. Nos encanta informar a nuestros clientes sobre las <strong>acciones solidarias<\/strong> que realiza nuestra firma, ya que llevamos m\u00e1s de dos d\u00e9cadas de vida comercial y uno de nuestros objetivos es que nuestra clientela sea consciente de la verdadera filosof\u00eda de nuestra firma.<\/p>\n<p>&nbsp;<\/p>\n<p>Como ya os hemos informado en anteriores publicaciones de nuestro <strong>blog,<\/strong> emprendimos hace unos meses, una acci\u00f3n solidaria a ra\u00edz del <strong>D\u00eda Internacional del Coraz\u00f3n<\/strong>. Nos solidarizamos con la causa y dise\u00f1amos un <strong>anillo<\/strong> muy especial para mostrar nuestro apoyo a las personas que sufren <strong>dolencias card\u00edacas<\/strong>.<br \/>\nEl dise\u00f1o de nuestro anillo es muy original frente a todos los que tenemos en la web,\u00a0 ya que su dise\u00f1o evoca el ritmo del coraz\u00f3n. Esta joya est\u00e1 dedicada totalmente a aquellas personas que sufren cualquier <strong>enfermedad del coraz\u00f3n.<\/strong><\/p>\n<p>&nbsp;<\/p>\n<p>Lo podemos realizar en metales preciosos como son la <strong>plata<\/strong> y <strong>el oro de Primera Ley<\/strong>. Adem\u00e1s, os informamos que, si adquir\u00eds esta pieza, y nos envi\u00e1is una fotograf\u00eda ense\u00f1\u00e1ndonos el anillo en vuestra mano, podr\u00e1s salir en nuestras redes sociales juntos a todos los que ya han participado y han adquirido este anillo. Recuerda que, adquiriendo esta preciosa pieza, contribuir\u00e1s a que podamos hacer m\u00e1s efectiva la prevenci\u00f3n y cura de <strong>enfermedades<\/strong> relacionadas con el <strong>coraz\u00f3n.<\/strong><\/p>\n<p>&nbsp;<\/p>\n<p><img loading=\"lazy\" decoding=\"async\" class=\"aligncenter wp-image-11734 size-full\" src=\"https:\/\/navasjoyeros.com\/es\/blog\/wp-content\/uploads\/2019\/02\/Logo-menudos-corazones-sin-fondo.png\" alt=\"menudos corazones\" width=\"304\" height=\"281\" srcset=\"https:\/\/navasjoyeros.com\/es\/blog\/wp-content\/uploads\/2019\/02\/Logo-menudos-corazones-sin-fondo.png 304w, https:\/\/navasjoyeros.com\/es\/blog\/wp-content\/uploads\/2019\/02\/Logo-menudos-corazones-sin-fondo-300x277.png 300w\" sizes=\"auto, (max-width: 304px) 100vw, 304px\" \/><\/p>\n<p>&nbsp;<\/p>\n<p>Estamos felices de colaborar con la prestigiosa <strong>Fundaci\u00f3n<\/strong> <strong>Menudos Corazones<\/strong>, fundaci\u00f3n que ayuda y acompa\u00f1a a los ni\u00f1os y los j\u00f3venes con <strong>cardiopat\u00edas cong\u00e9nitas<\/strong> y a sus familias dentro y fuera de los hospitales.<\/p>\n<p>&nbsp;<\/p>\n<p>El donativo va destinado a la sala \u201c<strong>Como en casa<\/strong>\u201d del <strong>Hospital Gregorio Mara\u00f1\u00f3n<\/strong> de <strong>Madrid.<\/strong> Nosotros queremos poner nuestro granito de arena, mejorar la calidad de la vida de los ni\u00f1os con cardiopat\u00edas cong\u00e9nitas hospitalizados en unidades de pediatr\u00eda cardiaca y de sus familias. Nuestra <strong>campa\u00f1a solidaria ayuda a la Fundaci\u00f3n Menudos Corazones<\/strong>, y estamos orgullosos de poder hacer este tipo de acciones y sobre todo de poder haceros part\u00edcipes de ello. Para que juntos, \u00a1creemos cosas bonitas!<\/p>\n<p>&nbsp;<\/p>\n<p>Por eso, te damos la oportunidad y te recordamos, que puedes seguir participando y ayudando a esta causa tan especial, adquiriendo este anillo tan magn\u00edfico que por su originalidad, es una pieza que puedes lucir diariamente y que se sale de la t\u00edpica est\u00e9tica. Es una opci\u00f3n maravillosa como autoregalo, pero tambi\u00e9n es ideal como detalle para un allegado, al que verdaderamente vas a sorprender.<\/p>\n<p>&nbsp;<\/p>\n<p>Ya solo queda un mes para que termine la venta de este anillo tan especial, no puedes perderte la oportunidad tan genial que te ofrecemos y que se puede convertir en la opci\u00f3n ideal como regalo.<\/p>\n<p>&nbsp;<\/p>\n<h4>SOLIDARIO, anillo de dise\u00f1o<\/h4>\n<p>Nuestro <strong>anillo solidario<\/strong> posee un original y bello dise\u00f1o que evoca el ritmo de nuestro coraz\u00f3n. Lo hemos transformado en metales preciosos como son <strong>la plata y el oro<\/strong> y como sabe\u00eds, es una joya dedicada a quien padece dolencias cardiacas. Es un anillo muy f\u00e1cil de llevar, c\u00f3modo y que se adapta a la perfecci\u00f3n a todo tipo de personas, tanto hombres como mujeres.<\/p>\n<p>&nbsp;<\/p>\n<p><img loading=\"lazy\" decoding=\"async\" class=\"gallery-image visible aligncenter\" src=\"https:\/\/navasjoyeros.com\/media\/catalog\/product\/cache\/1\/image\/535x\/040ec09b1e35df139433887a97daa66f\/n\/a\/navas_dorado.jpg\" alt=\"SOLIDARIO, anillo de dise\u00f1o\" width=\"345\" height=\"382\" \/><\/p>\n<p>&nbsp;<\/p>\n<p>&nbsp;<\/p>\n<p>No se nos ocurre otra manera mejor y m\u00e1s original de colaborar con una causa tan importante como esta! \u00a1Aprovecha que queda poquito para poder adquirirlo!<\/p>\n<\/div>\n","protected":false},"excerpt":{"rendered":"<p>Queremos volver a hablaros de nuestro anillo solidario, pues nos gusta informaros de todas nuestras acciones. Nos encanta informar a nuestros clientes sobre las acciones solidarias que realiza nuestra firma, ya que llevamos m\u00e1s de dos d\u00e9cadas de vida comercial y uno de nuestros objetivos es que nuestra clientela sea consciente de la verdadera filosof\u00eda [&hellip;]<\/p>\n","protected":false},"author":5,"featured_media":11728,"comment_status":"closed","ping_status":"closed","sticky":false,"template":"","format":"standard","meta":{"footnotes":""},"categories":[21],"tags":[],"class_list":["post-11881","post","type-post","status-publish","format-standard","has-post-thumbnail","hentry","category-noticias-de-joyeria"],"_links":{"self":[{"href":"https:\/\/navasjoyeros.com\/es\/blog\/wp-json\/wp\/v2\/posts\/11881","targetHints":{"allow":["GET"]}}],"collection":[{"href":"https:\/\/navasjoyeros.com\/es\/blog\/wp-json\/wp\/v2\/posts"}],"about":[{"href":"https:\/\/navasjoyeros.com\/es\/blog\/wp-json\/wp\/v2\/types\/post"}],"author":[{"embeddable":true,"href":"https:\/\/navasjoyeros.com\/es\/blog\/wp-json\/wp\/v2\/users\/5"}],"replies":[{"embeddable":true,"href":"https:\/\/navasjoyeros.com\/es\/blog\/wp-json\/wp\/v2\/comments?post=11881"}],"version-history":[{"count":0,"href":"https:\/\/navasjoyeros.com\/es\/blog\/wp-json\/wp\/v2\/posts\/11881\/revisions"}],"wp:featuredmedia":[{"embeddable":true,"href":"https:\/\/navasjoyeros.com\/es\/blog\/wp-json\/wp\/v2\/media\/11728"}],"wp:attachment":[{"href":"https:\/\/navasjoyeros.com\/es\/blog\/wp-json\/wp\/v2\/media?parent=11881"}],"wp:term":[{"taxonomy":"category","embeddable":true,"href":"https:\/\/navasjoyeros.com\/es\/blog\/wp-json\/wp\/v2\/categories?post=11881"},{"taxonomy":"post_tag","embeddable":true,"href":"https:\/\/navasjoyeros.com\/es\/blog\/wp-json\/wp\/v2\/tags?post=11881"}],"curies":[{"name":"wp","href":"https:\/\/api.w.org\/{rel}","templated":true}]}}