{"id":11808,"date":"2019-02-18T08:30:41","date_gmt":"2019-02-18T07:30:41","guid":{"rendered":"https:\/\/navasjoyeros.com\/es\/blog\/?p=11808"},"modified":"2019-12-18T12:09:37","modified_gmt":"2019-12-18T11:09:37","slug":"cuenta-atras-para-los-oscar","status":"publish","type":"post","link":"https:\/\/navasjoyeros.com\/es\/blog\/cuenta-atras-para-los-oscar\/","title":{"rendered":"Cuenta atr\u00e1s para los Oscar"},"content":{"rendered":"<div align=\"justify\">\n<p>\u00a1Estamos expectantes por ver la gala de los <strong>Oscar<\/strong> de este <strong>2019<\/strong>! Que poco queda para que podamos ver la alfombra roja de uno de los eventos mas relevantes del a\u00f1o a nivel mundial. Estamos deseando descubrir los galardonados de esta 91 edici\u00f3n, y tambi\u00e9n, no lo vamos a negar, ver los modelitos de todas las estrellas, y tambi\u00e9n, obviamente, las joyas que lleven las actrices.<\/p>\n<p>&nbsp;<\/p>\n<p>Por el Oscar m\u00e1s relevante, el de mejor pel\u00edcula, lucharaan nada mas ni nada menos que 8 films, que son: \u201c<strong>Infiltrado en el KKKlan<\/strong>\u201d, \u201c<strong>Black Panther<\/strong>\u201d, \u201c<strong>Bohemian Rhapsody<\/strong>\u201d, \u201c<strong>La favorita<\/strong>\u201d, \u201c<strong>Green Book<\/strong>\u201d, \u201c<strong>El vicio del poder<\/strong>\u201d, \u201c<strong>Roma<\/strong>\u201d y \u201c<strong>Ha nacido una estrella<\/strong>\u201d. \u201c<strong>Roma<\/strong>\u201d, una pel\u00edcula en espa\u00f1ol y en blanco y negro, ha hecho historia en los <strong>Oscar<\/strong> tras arrasar en las nominaciones. Es una pel\u00edcula distribuida por <strong>Netflix<\/strong> sobre la infancia de Cuar\u00f3n y rodado en espa\u00f1ol y mixteco, una lengua ind\u00edgena. \u201c<strong>La favorita<\/strong>\u201d, al igual que la mexicana \u201c<strong>Roma<\/strong>\u201d, tambi\u00e9n cuenta con 10 nominaciones. Por otro lado, \u201c<strong>Ha nacido una estrella<\/strong>\u201d, cuenta con 8 nominaciones, y \u201c<strong>Black Panther<\/strong>\u201d con 7.<\/p>\n<p>&nbsp;<\/p>\n<p>Los <strong>premios<\/strong> se desarrollar\u00e1n el pr\u00f3ximo <strong>24 de febrero<\/strong>. Esta edici\u00f3n contar\u00e1 con una novedad, ser\u00e1 la primera vez que la conocida gala no tendr\u00e1 presentador. La ausencia de esta figura se ha decidido por la pol\u00e9mica que se form\u00f3 tras la renuncia del comediante Kevin Hart. Por tanto, la Academia de las Artes y las Ciencias Cinematogr\u00e1ficas ha decidido que ser\u00e1n los propios artistas los que se encarguen de las funciones del presentador.<\/p>\n<p>&nbsp;<\/p>\n<p>Antes de nada, queremos hacer un repaso por los mejores looks de la edici\u00f3n pasada, donde lo que m\u00e1s nos llam\u00f3 la atenci\u00f3n fueron las joyas.<\/p>\n<p>&nbsp;<\/p>\n<p><img loading=\"lazy\" decoding=\"async\" class=\"aligncenter wp-image-11809\" src=\"https:\/\/navasjoyeros.com\/es\/blog\/wp-content\/uploads\/2019\/02\/Nicole-Kidman.jpg\" alt=\"Nicole Kidman\" width=\"299\" height=\"449\" srcset=\"https:\/\/navasjoyeros.com\/es\/blog\/wp-content\/uploads\/2019\/02\/Nicole-Kidman.jpg 1200w, https:\/\/navasjoyeros.com\/es\/blog\/wp-content\/uploads\/2019\/02\/Nicole-Kidman-200x300.jpg 200w, https:\/\/navasjoyeros.com\/es\/blog\/wp-content\/uploads\/2019\/02\/Nicole-Kidman-768x1152.jpg 768w, https:\/\/navasjoyeros.com\/es\/blog\/wp-content\/uploads\/2019\/02\/Nicole-Kidman-683x1024.jpg 683w, https:\/\/navasjoyeros.com\/es\/blog\/wp-content\/uploads\/2019\/02\/Nicole-Kidman-600x900.jpg 600w, https:\/\/navasjoyeros.com\/es\/blog\/wp-content\/uploads\/2019\/02\/Nicole-Kidman-400x600.jpg 400w, https:\/\/navasjoyeros.com\/es\/blog\/wp-content\/uploads\/2019\/02\/Nicole-Kidman-300x450.jpg 300w\" sizes=\"auto, (max-width: 299px) 100vw, 299px\" \/><\/p>\n<p>&nbsp;<\/p>\n<p><strong>Nicole Kidman <\/strong>luci\u00f3 un precioso vestido de <strong>Armani Priv\u00e9<\/strong> en color azul klein. La <strong>actriz australiana<\/strong> fue una de las m\u00e1s elegantes de la gala. <strong>Nicole<\/strong> lo combin\u00f3 con zapatos de <strong>Christian Loboutin <\/strong>y con<strong> joyas de Harry Winston<\/strong>. Un precioso collar de diamantes y unos pendientes largos que le aportaban mucha luminosodad al rostro.<\/p>\n<p>&nbsp;<\/p>\n<p><img loading=\"lazy\" decoding=\"async\" class=\"aligncenter wp-image-11810\" src=\"https:\/\/navasjoyeros.com\/es\/blog\/wp-content\/uploads\/2019\/02\/Zendaya.jpg\" alt=\"Zendaya\" width=\"300\" height=\"450\" srcset=\"https:\/\/navasjoyeros.com\/es\/blog\/wp-content\/uploads\/2019\/02\/Zendaya.jpg 1200w, https:\/\/navasjoyeros.com\/es\/blog\/wp-content\/uploads\/2019\/02\/Zendaya-200x300.jpg 200w, https:\/\/navasjoyeros.com\/es\/blog\/wp-content\/uploads\/2019\/02\/Zendaya-768x1152.jpg 768w, https:\/\/navasjoyeros.com\/es\/blog\/wp-content\/uploads\/2019\/02\/Zendaya-683x1024.jpg 683w, https:\/\/navasjoyeros.com\/es\/blog\/wp-content\/uploads\/2019\/02\/Zendaya-600x900.jpg 600w, https:\/\/navasjoyeros.com\/es\/blog\/wp-content\/uploads\/2019\/02\/Zendaya-400x600.jpg 400w, https:\/\/navasjoyeros.com\/es\/blog\/wp-content\/uploads\/2019\/02\/Zendaya-300x450.jpg 300w\" sizes=\"auto, (max-width: 300px) 100vw, 300px\" \/><\/p>\n<p>&nbsp;<\/p>\n<div class=\"title_description\">\n<div class=\"title\">\n<p>La cantante y actriz, <strong>Zendaya<\/strong>, que acudi\u00f3 por su participacion en el film \u00ab<strong>El gran showman<\/strong><em>\u00bb <\/em>con un vestido asim\u00e9trico y vaporoso firmado de la Alta Costura primavera-verano 2018 de <strong>Giambattista Valli<\/strong> con un precioso tono marr\u00f3n. Combin\u00f3 el precioso vestido con llamativas joyas, unos voluminosos y largos pendientes a juego con un brillante brazale.<\/p>\n<p>&nbsp;<\/p>\n<\/div>\n<\/div>\n<p><img loading=\"lazy\" decoding=\"async\" class=\"aligncenter wp-image-11811\" src=\"https:\/\/navasjoyeros.com\/es\/blog\/wp-content\/uploads\/2019\/02\/Gal-Gadot.jpg\" alt=\"Gal Gadot \" width=\"300\" height=\"450\" srcset=\"https:\/\/navasjoyeros.com\/es\/blog\/wp-content\/uploads\/2019\/02\/Gal-Gadot.jpg 1200w, https:\/\/navasjoyeros.com\/es\/blog\/wp-content\/uploads\/2019\/02\/Gal-Gadot-200x300.jpg 200w, https:\/\/navasjoyeros.com\/es\/blog\/wp-content\/uploads\/2019\/02\/Gal-Gadot-768x1152.jpg 768w, https:\/\/navasjoyeros.com\/es\/blog\/wp-content\/uploads\/2019\/02\/Gal-Gadot-683x1024.jpg 683w, https:\/\/navasjoyeros.com\/es\/blog\/wp-content\/uploads\/2019\/02\/Gal-Gadot-600x900.jpg 600w, https:\/\/navasjoyeros.com\/es\/blog\/wp-content\/uploads\/2019\/02\/Gal-Gadot-400x600.jpg 400w, https:\/\/navasjoyeros.com\/es\/blog\/wp-content\/uploads\/2019\/02\/Gal-Gadot-300x450.jpg 300w\" sizes=\"auto, (max-width: 300px) 100vw, 300px\" \/><\/p>\n<p>&nbsp;<\/p>\n<div class=\"title_description\">\n<div class=\"title\"><\/div>\n<div class=\"description\">\n<p><strong>Gal Gadot<\/strong> acudi\u00f3 a la gala en la edici\u00f3n pasada vestida de <strong>Givenchy Alta Costura primavera 2018<\/strong>. Este vestido destacaba por su brillo, aunque se pasaba de desenfadado, pero para brillante, el collar con el que combin\u00f3 su look, un llamativo y voluminoso colgante presidido por una gran pieza central.<\/p>\n<p>&nbsp;<\/p>\n<\/div>\n<\/div>\n<p>Y a vosotros, \u00bfqui\u00e9n os gustar\u00eda que se hiciera con la dorada estatuilla? Hagan sus apuestas.<\/p>\n<\/div>\n","protected":false},"excerpt":{"rendered":"<p>\u00a1Estamos expectantes por ver la gala de los Oscar de este 2019! Que poco queda para que podamos ver la alfombra roja de uno de los eventos mas relevantes del a\u00f1o a nivel mundial. Estamos deseando descubrir los galardonados de esta 91 edici\u00f3n, y tambi\u00e9n, no lo vamos a negar, ver los modelitos de todas [&hellip;]<\/p>\n","protected":false},"author":5,"featured_media":11812,"comment_status":"closed","ping_status":"closed","sticky":false,"template":"","format":"standard","meta":{"footnotes":""},"categories":[21],"tags":[],"class_list":["post-11808","post","type-post","status-publish","format-standard","has-post-thumbnail","hentry","category-noticias-de-joyeria"],"_links":{"self":[{"href":"https:\/\/navasjoyeros.com\/es\/blog\/wp-json\/wp\/v2\/posts\/11808","targetHints":{"allow":["GET"]}}],"collection":[{"href":"https:\/\/navasjoyeros.com\/es\/blog\/wp-json\/wp\/v2\/posts"}],"about":[{"href":"https:\/\/navasjoyeros.com\/es\/blog\/wp-json\/wp\/v2\/types\/post"}],"author":[{"embeddable":true,"href":"https:\/\/navasjoyeros.com\/es\/blog\/wp-json\/wp\/v2\/users\/5"}],"replies":[{"embeddable":true,"href":"https:\/\/navasjoyeros.com\/es\/blog\/wp-json\/wp\/v2\/comments?post=11808"}],"version-history":[{"count":0,"href":"https:\/\/navasjoyeros.com\/es\/blog\/wp-json\/wp\/v2\/posts\/11808\/revisions"}],"wp:featuredmedia":[{"embeddable":true,"href":"https:\/\/navasjoyeros.com\/es\/blog\/wp-json\/wp\/v2\/media\/11812"}],"wp:attachment":[{"href":"https:\/\/navasjoyeros.com\/es\/blog\/wp-json\/wp\/v2\/media?parent=11808"}],"wp:term":[{"taxonomy":"category","embeddable":true,"href":"https:\/\/navasjoyeros.com\/es\/blog\/wp-json\/wp\/v2\/categories?post=11808"},{"taxonomy":"post_tag","embeddable":true,"href":"https:\/\/navasjoyeros.com\/es\/blog\/wp-json\/wp\/v2\/tags?post=11808"}],"curies":[{"name":"wp","href":"https:\/\/api.w.org\/{rel}","templated":true}]}}