{"id":11407,"date":"2018-12-20T08:30:25","date_gmt":"2018-12-20T07:30:25","guid":{"rendered":"https:\/\/navasjoyeros.com\/es\/blog\/?p=11407"},"modified":"2019-11-20T17:47:56","modified_gmt":"2019-11-20T16:47:56","slug":"dia-internacional-de-la-solidaridad-humana","status":"publish","type":"post","link":"https:\/\/navasjoyeros.com\/es\/blog\/dia-internacional-de-la-solidaridad-humana\/","title":{"rendered":"D\u00eda Internacional de la Solidaridad Humana"},"content":{"rendered":"<div align=\"justify\">\n<p>El <strong>20 de diciembre<\/strong> es el <strong>D\u00eda Internacional de la Solidaridad Humana<\/strong>, es\u00a0un d\u00eda dedicado a compartir el esp\u00edritu de lucha contra la pobreza. La <strong>Asamblea General de las Naciones Unidas<\/strong> decide proclamar este d\u00eda con el objetivo de erradicar la pobreza y promover el desarrollo humano y social en los pa\u00edses menos industrializados, adem\u00e1s la <strong>Asamblea General<\/strong> decidi\u00f3 crear el <strong>Fondo Mundial de Solidaridad<\/strong>. \u200b<\/p>\n<p>&nbsp;<\/p>\n<p>Es un d\u00eda para recordar a los gobiernos que deben respetar sus compromisos con los acuerdos internacionales. El <strong>D\u00eda Internacional de la Solidaridad<\/strong> es un d\u00eda para celebrar nuestra unidad en la diversidad y para sensibilizar al p\u00fablico sobre la importancia de la solidaridad. Un d\u00eda para actuar y buscar iniciativas para erradicar, de una vez por todas, la pobreza.<\/p>\n<p>&nbsp;<\/p>\n<p>La acci\u00f3n humanitaria se basa en humanidad, imparcialidad, neutralidad y universalidad, son los principios de vital importancia que todo el mundo debe tener en cuenta. Uno de los factores que caracteriza a <a href=\"https:\/\/navasjoyeros.com\/\" target=\"_blank\" rel=\"noopener\"><strong>Navas Joyeros<\/strong><\/a>, es su faceta solidaria tan desarrollada, queremos colaborar poniendo nuestro granito de arena. En nuestra firma contamos con un anillo muy especial, el <strong>anillo solidario<\/strong>.<\/p>\n<p>&nbsp;<\/p>\n<p><a href=\"https:\/\/navasjoyeros.com\/solidario-anillo-de-dise-o.html\" target=\"_blank\" rel=\"noopener\"><img loading=\"lazy\" decoding=\"async\" class=\"aligncenter\" src=\"https:\/\/navasjoyeros.com\/media\/catalog\/product\/cache\/1\/image\/535x\/040ec09b1e35df139433887a97daa66f\/n\/a\/navas_dorado.jpg\" alt=\"SOLIDARIO, anillo de dise\u00f1o\" width=\"300\" height=\"332\" \/><\/a><\/p>\n<p style=\"text-align: center\"><a href=\"https:\/\/navasjoyeros.com\/solidario-anillo-de-dise-o.html\" target=\"_blank\" rel=\"noopener\">SOLIDARIO, anillo de dise\u00f1o<\/a><\/p>\n<\/div>\n<p>&nbsp;<\/p>\n<div align=\"justify\">\n<p>El <strong>anillo solidario<\/strong> es un precioso anillo realizado en <strong>oro<\/strong> y <strong>plata<\/strong> de <strong>Primera Ley<\/strong> por parte de nuestros<strong> maestros artesanos joyeros<\/strong>, y que te ofrecemos en cualquiera de sus versiones m\u00e1s habituales de color amarillo, blanco y rosa. Este <strong>anillo<\/strong> es un bello y original dise\u00f1o que evoca el <strong>ritmo card\u00edaco<\/strong> del <strong>coraz\u00f3n.<\/strong> Hemos querido relacionar el <strong>coraz\u00f3n<\/strong> con esta joya porque es el \u00f3rgano al que se le asocia nuestros <strong>sentimientos<\/strong> m\u00e1s profundos y el latido que marca el ritmo de nuestra vida.<\/p>\n<p>&nbsp;<\/p>\n<p>El <strong>anillo solidario<\/strong> aparte de ser una preciosa <strong>joya<\/strong> de <strong>alta calidad<\/strong>, que cuenta con un <strong>bonito\u00a0<\/strong><strong>dise\u00f1o<\/strong> apto para lucirlo en tu rutina diaria, tambi\u00e9n puede ser el <strong>regalo<\/strong> ideal para hacer estas <strong>Navidades<\/strong>, ya que no existe otra <strong>joya<\/strong> m\u00e1s cargada de valor intangible. Es el <strong>perfecto regalo<\/strong> ya que no solo har\u00e1s feliz a la persona a la que se lo regales, que lo podr\u00e1 lucir en todo tipo de ocasiones, sino que tambi\u00e9n contribuir\u00e1s a que podamos hacer m\u00e1s efectiva la <strong>prevenci\u00f3n<\/strong> y <strong>cura<\/strong> de <strong>enfermedades<\/strong> relacionadas con el <strong>coraz\u00f3n.<\/strong> Esto es porque parte del beneficio que obtengamos en <a href=\"https:\/\/navasjoyeros.com\/\" target=\"_blank\" rel=\"noopener\"><strong>Navas Joyeros<\/strong><\/a> con esta <strong>joya<\/strong> estar\u00e1 destinado a la <strong>prevenci\u00f3n<\/strong> e <strong>investigaci\u00f3n<\/strong> de <strong>enfermedades card\u00edacas.<\/strong><\/p>\n<p>&nbsp;<\/p>\n<p>Adem\u00e1s, al ser una <strong>joya<\/strong> tan <strong>vers\u00e1til<\/strong>, se adapta a la perfecci\u00f3n a todo tipo de personas, tanto <strong>hombres<\/strong> como <strong>mujeres.<\/strong> Es un <strong>anillo<\/strong> muy <strong>c\u00f3modo<\/strong> y f\u00e1cil de llevar, sin dejar de ser una <strong>joya<\/strong> muy <strong>elegante<\/strong> por su sencillo dise\u00f1o. \u00a0Asimismo, puedes combinar este anillo con pendientes, colgantes o pulseras realizadas en el mismo tono o material.<\/p>\n<p>&nbsp;<\/p>\n<p>Con esta joya, nuestra intenci\u00f3n en <a href=\"https:\/\/navasjoyeros.com\/\" target=\"_blank\" rel=\"noopener\"><strong>Navas Joyeros<\/strong><\/a> es apoyar causas o intereses de otras personas y <strong>colaboramos<\/strong> desinteresadamente con otras personas en un fin com\u00fan. Ayudar es muy f\u00e1cil, t\u00fa tambi\u00e9n puedes colaborar con tan s\u00f3lo <strong>35\u20ac<\/strong>, y podr\u00e1s hacerte con este <strong>precioso anillo.\u00a0<\/strong>Esto hace que para nuestra firma el <strong>anillo solidario<\/strong> sea realmente muy <strong>especial,<\/strong> nos enorgullece poder decir que nuestras <strong>joyas<\/strong> no son solo para acercar el mundo de los <strong>diamantes<\/strong> y <strong>alta joyer\u00eda<\/strong> al gran p\u00fablico, sino que tambi\u00e9n\u00a0sirven para hacer la vida mejor a los m\u00e1s desfavorecidos, esa es nuestra filosof\u00eda.<\/p>\n<\/div>\n","protected":false},"excerpt":{"rendered":"<p>El 20 de diciembre es el D\u00eda Internacional de la Solidaridad Humana, es\u00a0un d\u00eda dedicado a compartir el esp\u00edritu de lucha contra la pobreza. La Asamblea General de las Naciones Unidas decide proclamar este d\u00eda con el objetivo de erradicar la pobreza y promover el desarrollo humano y social en los pa\u00edses menos industrializados, adem\u00e1s [&hellip;]<\/p>\n","protected":false},"author":5,"featured_media":11408,"comment_status":"closed","ping_status":"closed","sticky":false,"template":"","format":"standard","meta":{"footnotes":""},"categories":[21],"tags":[],"class_list":["post-11407","post","type-post","status-publish","format-standard","has-post-thumbnail","hentry","category-noticias-de-joyeria"],"_links":{"self":[{"href":"https:\/\/navasjoyeros.com\/es\/blog\/wp-json\/wp\/v2\/posts\/11407","targetHints":{"allow":["GET"]}}],"collection":[{"href":"https:\/\/navasjoyeros.com\/es\/blog\/wp-json\/wp\/v2\/posts"}],"about":[{"href":"https:\/\/navasjoyeros.com\/es\/blog\/wp-json\/wp\/v2\/types\/post"}],"author":[{"embeddable":true,"href":"https:\/\/navasjoyeros.com\/es\/blog\/wp-json\/wp\/v2\/users\/5"}],"replies":[{"embeddable":true,"href":"https:\/\/navasjoyeros.com\/es\/blog\/wp-json\/wp\/v2\/comments?post=11407"}],"version-history":[{"count":0,"href":"https:\/\/navasjoyeros.com\/es\/blog\/wp-json\/wp\/v2\/posts\/11407\/revisions"}],"wp:featuredmedia":[{"embeddable":true,"href":"https:\/\/navasjoyeros.com\/es\/blog\/wp-json\/wp\/v2\/media\/11408"}],"wp:attachment":[{"href":"https:\/\/navasjoyeros.com\/es\/blog\/wp-json\/wp\/v2\/media?parent=11407"}],"wp:term":[{"taxonomy":"category","embeddable":true,"href":"https:\/\/navasjoyeros.com\/es\/blog\/wp-json\/wp\/v2\/categories?post=11407"},{"taxonomy":"post_tag","embeddable":true,"href":"https:\/\/navasjoyeros.com\/es\/blog\/wp-json\/wp\/v2\/tags?post=11407"}],"curies":[{"name":"wp","href":"https:\/\/api.w.org\/{rel}","templated":true}]}}