{"id":10054,"date":"2018-07-06T08:30:27","date_gmt":"2018-07-06T06:30:27","guid":{"rendered":"https:\/\/navasjoyeros.com\/es\/blog\/?p=10054"},"modified":"2018-07-06T11:40:47","modified_gmt":"2018-07-06T09:40:47","slug":"alianzas-corazon-de-joyas-para-navas-joyeros","status":"publish","type":"post","link":"https:\/\/navasjoyeros.com\/es\/blog\/alianzas-corazon-de-joyas-para-navas-joyeros\/","title":{"rendered":"Ya est\u00e1n aqu\u00ed las nuevas alianzas de Coraz\u00f3n de Joyas para Navas Joyeros"},"content":{"rendered":"<div align=\"justify\">\n<p><strong>Pilar Monz\u00f3n<\/strong>, directora de la\u00a0<strong><a href=\"https:\/\/www.corazondejoyas.com\/\" target=\"_blank\" rel=\"noopener\">revista de joyer\u00eda Coraz\u00f3n de Joyas<\/a>\u00a0<\/strong>cuenta con m\u00e1s de veinte a\u00f1os de experiencia en el mundo del<strong> lujo <\/strong>y las<strong> joyas <\/strong>y hoy queremos contaros nuestro trabajo con ella y su colaboraci\u00f3n en <a href=\"https:\/\/navasjoyeros.com\/\" target=\"_blank\" rel=\"noopener\">Navas Joyeros<\/a> desde que hace unos meses, nos fusion\u00e1ramos en un proyecto con mucha ilusi\u00f3n.<\/p>\n<p>Unas <a href=\"https:\/\/navasjoyeros.com\/novedades\/navas-icons\/corazon-de-joya.html\" target=\"_blank\" rel=\"noopener\"><strong>alianzas <\/strong><\/a>para \u00e9l y para ella que<strong> Coraz\u00f3n de Joyas <\/strong>hace con nosotros. Desde hace unos meses tenemos el gusto de contar con la prestigiosa revista de joyer\u00eda <a href=\"https:\/\/www.corazondejoyas.com\/\" target=\"_blank\" rel=\"noopener\">\u201c<strong>Coraz\u00f3n de Joyas<\/strong>\u201d<\/a> en un proyecto, en el que se ha dise\u00f1ado bajo su evocador <strong>estilo perfeccionista y rom\u00e1ntico<\/strong> unas alianzas tanto para hombre como para mujer.<\/p>\n<p><a href=\"https:\/\/navasjoyeros.com\/\" target=\"_blank\" rel=\"noopener\"><strong>Navas Joyeros<\/strong><\/a> tiene el placer de contar siempre con los mejores y en este caso <strong>Coraz\u00f3n de Joyas<\/strong>, ha demostrado su gran estilo a la hora de coger una pieza de alta calidad y convertirla en <strong>elegancia y sencillez<\/strong>. Creando as\u00ed unas alianzas para esos novios, que optan por un modelo moderno y actual pero f\u00e1cil de llevar d\u00eda a d\u00eda.<\/p>\n<p>La alianza <a href=\"https:\/\/navasjoyeros.com\/corazon-alianza-de-boda-de-diamantes.html\" target=\"_blank\" rel=\"noopener\"><strong>Coraz\u00f3n<\/strong><\/a> para ella est\u00e1 realizada en oro de Primera Ley y combina a la perfecci\u00f3n con los diamantes. Sin perder la armon\u00eda con el modelo que la\u00a0directora de Coraz\u00f3n de Joya ha pensado para la alianza de boda del novio.<\/p>\n<p><a href=\"https:\/\/navasjoyeros.com\/\" target=\"_blank\" rel=\"noopener\">Navas Joyeros<\/a> tiene el gusto de presentaros la nueva alianza bautizada como, \u201c<a href=\"https:\/\/navasjoyeros.com\/corazon-alianza-de-boda-de-hombre.html\" target=\"_blank\" rel=\"noopener\">coraz\u00f3n alianza de hombre\u00bb<\/a>, <strong>para \u00e9l<\/strong> y \u201c<a href=\"https:\/\/navasjoyeros.com\/corazon-alianza-de-boda-de-diamantes.html\" target=\"_blank\" rel=\"noopener\">Coraz\u00f3n alianza de diamantes\u201d<\/a> <strong>para ella<\/strong>, dise\u00f1adas por \u00abCoraz\u00f3n de Joyas\u00bb y qu\u00e9 desde nuestra p\u00e1gina web podr\u00e9is adquirirla siempre al mejor precio.<\/p>\n<h4>Alianza de hombre CORAZ\u00d3N<\/h4>\n<p>Para el novio,<a href=\"https:\/\/navasjoyeros.com\/corazon-alianza-de-boda-de-hombre.html\" target=\"_blank\" rel=\"noopener\"> la alianza de hombre CORAZ\u00d3N<\/a> esta preciosa alianza nupcial, una pieza sencilla fruto de la inspiraci\u00f3n que Coraz\u00f3n de Joyas ha querido trasmitirnos. Esta maravillosa alianza fusiona la sencillez y el romanticismo en una pieza exclusiva.<\/p>\n<p style=\"text-align: center\"><a href=\"https:\/\/navasjoyeros.com\/corazon-alianza-de-boda-de-hombre.html\" target=\"_blank\" rel=\"noopener\"><img loading=\"lazy\" decoding=\"async\" class=\"gallery-image visible aligncenter\" src=\"https:\/\/navasjoyeros.com\/media\/catalog\/product\/cache\/1\/image\/535x\/040ec09b1e35df139433887a97daa66f\/c\/o\/corazon-de-joyas-alianza-navas-joyeros-hombre-frontal.jpg\" alt=\"CORAZ\u00d3N, alianza de hombre\" width=\"306\" height=\"339\" \/><\/a><a href=\"https:\/\/navasjoyeros.com\/corazon-alianza-de-boda-de-hombre.html\" target=\"_blank\" rel=\"noopener\">Alianza de hombre CORAZ\u00d3N<\/a><\/p>\n<p>&nbsp;<\/p>\n<h4>Alianza de diamantes CORAZ\u00d3N<\/h4>\n<p>Para la novia, la <a href=\"https:\/\/navasjoyeros.com\/corazon-alianza-de-boda-de-diamantes.html\" target=\"_blank\" rel=\"noopener\">alianza de diamantes CORAZ\u00d3N<\/a> es una preciosa alianza realizada por nuestros artesanos joyeros, compuesta por diamantes que van en perfecta armon\u00eda con la alianza del novio y que la hacen \u00fanica.<\/p>\n<p style=\"text-align: center\"><a href=\"https:\/\/navasjoyeros.com\/corazon-alianza-de-boda-de-diamantes.html\" target=\"_blank\" rel=\"noopener\"><img loading=\"lazy\" decoding=\"async\" class=\"gallery-image visible aligncenter\" src=\"https:\/\/navasjoyeros.com\/media\/catalog\/product\/cache\/1\/image\/535x\/040ec09b1e35df139433887a97daa66f\/c\/o\/corazon-de-joyas-alianza-navas-joyeros-mujer-frontal.jpg\" alt=\"CORAZ\u00d3N, alianza de diamantes\" width=\"300\" height=\"333\" \/><\/a><a href=\"https:\/\/navasjoyeros.com\/corazon-alianza-de-boda-de-diamantes.html\" target=\"_blank\" rel=\"noopener\">Alianza de diamantes CORAZ\u00d3N<\/a><\/p>\n<p>&nbsp;<\/p>\n<p>Gracias al mejor precio, al dise\u00f1o y a la exclusividad se puede disfrutar de la <strong>alianza de boda para los novios <\/strong>fabricadas por Navas Joyeros y dise\u00f1ada por <strong>\u00abCoraz\u00f3n de Joyas\u00bb<\/strong>.<\/p>\n<p>Ya puedes leer en<a href=\"https:\/\/www.corazondejoyas.com\/alianza-corazon-con-diamantes-anillos-boda\/\" target=\"_blank\" rel=\"noopener\"> www.coraz\u00f3ndejoyas.com<\/a> la publicaci\u00f3n que han realizado sobre estas<strong> preciosas alianzas CORAZ\u00d3N<\/strong> a trav\u00e9s de una historia de amor tan conmovedora como es la de Laura y V\u00edctor. \u00a1Corre entra ya y disfruta de este maravilloso texto!<\/p>\n<p>Esperamos que las rom\u00e1nticas alianzas dise\u00f1ada por esta fabulosa <b>revista de joyer\u00eda<\/b>\u00a0<strong>\u00abCoraz\u00f3n de Joyas\u00bb<\/strong> para Navas Joyeros os enamoren tanto como a nosotros.<\/p>\n<\/div>\n","protected":false},"excerpt":{"rendered":"<p>Pilar Monz\u00f3n, directora de la\u00a0revista de joyer\u00eda Coraz\u00f3n de Joyas\u00a0cuenta con m\u00e1s de veinte a\u00f1os de experiencia en el mundo del lujo y las joyas y hoy queremos contaros nuestro trabajo con ella y su colaboraci\u00f3n en Navas Joyeros desde que hace unos meses, nos fusion\u00e1ramos en un proyecto con mucha ilusi\u00f3n. Unas alianzas para [&hellip;]<\/p>\n","protected":false},"author":5,"featured_media":10075,"comment_status":"closed","ping_status":"closed","sticky":false,"template":"","format":"standard","meta":{"footnotes":""},"categories":[21],"tags":[],"class_list":["post-10054","post","type-post","status-publish","format-standard","has-post-thumbnail","hentry","category-noticias-de-joyeria"],"_links":{"self":[{"href":"https:\/\/navasjoyeros.com\/es\/blog\/wp-json\/wp\/v2\/posts\/10054","targetHints":{"allow":["GET"]}}],"collection":[{"href":"https:\/\/navasjoyeros.com\/es\/blog\/wp-json\/wp\/v2\/posts"}],"about":[{"href":"https:\/\/navasjoyeros.com\/es\/blog\/wp-json\/wp\/v2\/types\/post"}],"author":[{"embeddable":true,"href":"https:\/\/navasjoyeros.com\/es\/blog\/wp-json\/wp\/v2\/users\/5"}],"replies":[{"embeddable":true,"href":"https:\/\/navasjoyeros.com\/es\/blog\/wp-json\/wp\/v2\/comments?post=10054"}],"version-history":[{"count":0,"href":"https:\/\/navasjoyeros.com\/es\/blog\/wp-json\/wp\/v2\/posts\/10054\/revisions"}],"wp:featuredmedia":[{"embeddable":true,"href":"https:\/\/navasjoyeros.com\/es\/blog\/wp-json\/wp\/v2\/media\/10075"}],"wp:attachment":[{"href":"https:\/\/navasjoyeros.com\/es\/blog\/wp-json\/wp\/v2\/media?parent=10054"}],"wp:term":[{"taxonomy":"category","embeddable":true,"href":"https:\/\/navasjoyeros.com\/es\/blog\/wp-json\/wp\/v2\/categories?post=10054"},{"taxonomy":"post_tag","embeddable":true,"href":"https:\/\/navasjoyeros.com\/es\/blog\/wp-json\/wp\/v2\/tags?post=10054"}],"curies":[{"name":"wp","href":"https:\/\/api.w.org\/{rel}","templated":true}]}}